{"id":10280,"date":"2022-01-08T20:43:19","date_gmt":"2022-01-08T19:43:19","guid":{"rendered":"https:\/\/ofm.hr\/koprivnica-wp\/?p=10280"},"modified":"2022-01-08T20:51:43","modified_gmt":"2022-01-08T19:51:43","slug":"kratko-izvjesce-sa-skupstine-fsr-a-7-12-2021","status":"publish","type":"post","link":"https:\/\/www.ofm.hr\/koprivnica\/kratko-izvjesce-sa-skupstine-fsr-a-7-12-2021\/","title":{"rendered":"Kratko izvje\u0161\u0107e sa Skup\u0161tine FSR-a 7. 12. 2021."},"content":{"rendered":"\n<p>Skup\u0161tini je prisustvovalo 20-etak bra\u0107e i sestara, te na\u0161 duhovnik fra Franjo Jesenovi\u0107. Prije Skup\u0161tine smo nastavili skupljati doprinos za vi\u0161e razine za 2021. godinu. Na po\u010detku Skup\u0161tine smo molili \u010casoslov. Pro\u010ditani su ro\u0111endanci ovaj mjesec. Podijeljeni su informativni listi\u0107i za slijede\u0107e razdoblje i data su poja\u0161njenja: 15.12. &#8211; FSR animira klanjanje nakon ve\u010dernje mise; Upu\u0107en je poticaj na molitvu za nove \u010dlanove FSR-a, za svu bra\u0107u i sestre u formaciji, te za franjeva\u010dku mlade\u017e (FRAM-u); 11.1.2022.&nbsp; je sljede\u0107a Skup\u0161tina u 16:30.<\/p>\n\n\n\n<p>Sestra Janja Ivan\u010dek je odr\u017eala predavanje sa temom: <strong>\u017divjeti u uzvi\u0161enom siroma\u0161tvu<\/strong><\/p>\n\n\n\n<p><em>Gospodine; nau\u010di nas da ne ljubimo samo sebe, da ne ljubimo samo one koji ljube nas.<br>Nau\u010di nas da mislimo o drugima, ljube\u0107i prije svega one koje ne ljubi nitko.<br>Gospodine, daj nam da trpimo boli drugih.<br>U\u010dini da se prisjetimo, upravo kada \u017eivimo trenutke na\u0161e najve\u0107e sre\u0107e<br>kako milijuni drugih, tvoje djece a na\u0161e bra\u0107e umiru od gladi i hladno\u0107e ne zaslu\u017euju\u0107i to.<\/em><em><\/em><\/p>\n\n\n\n<p><em>Gospodine, smiluj se siromasima svijeta.<br>Oprosti nama koji ih zaboravljamo i napu\u0161tamo zbog nejasna straha.<br>Ne dopusti nam, Gospodine \u017eivjeti u sretnom neznanju.<br>Pomozi nam o\u0107utjeti tjeskobu sveop\u0107e bijede i osloboditi nas od nas samih.<br>Neka bude tako!<\/em><em><\/em><\/p>\n\n\n\n<p>Svi bismo danas trebali \u017euditi i \u010deznuti za siroma\u0161tvom, koja je tijesno povezana sa Sinom Bo\u017ejim. Sveti Franjo bi na pitanje &#8216;\u0160to je siroma\u0161tvo?&#8217; odgovarao: &#8216;To je siroma\u0161tvo na\u0161ega Gospodina Isusa Krista!&#8217; Sebeljublje u najrazli\u010ditijim oblicima vrlo \u010desto ovladava \u010dovjekom, pa to postaje zapreka da se \u010dovjek suobli\u010di Kristu Gospodinu i njegovom spasenjskom planu. Ta se te\u017enja u franjeva\u010dkoj duhovnosti naziva &#8216;duh i te\u017enja prisvajanja.&#8217;<\/p>\n\n\n\n<p>Siroma\u0161tvo nije svrha samome sebi. Biti siroma\u0161an, a ne obogatiti se u nebu, mo\u017eemo slobodno nazvati \u017eivotnim proma\u0161ajem. Prisilno siroma\u0161tvo je siroma\u0161tvo u kojem \u010dovjek nema najnu\u017enije za \u017eivot i kojeg nijedan \u010dovjek ne \u017eeli (i ne treba \u017eeljeti), jer ono ru\u0161i i uni\u0161tava njegovo dostojanstvo. Ovdje govorimo o evan\u0111eoskom dragovoljnom siroma\u0161tvu kojeg nadahnuti pojedinci odabiru zato da bi savr\u0161enije nasljedovali Gospodina na\u0161ega Isusa Krista kako On sam savjetuje u Evan\u0111eljima (Mt 19, 21). Onaj koji se na taj na\u010din dragovoljno odrekao svega \u0161to posjeduje, u\u010dinio je to sa punom svije\u0161\u0107u da je njegova ba\u0161tina kod Boga, te da je mudrije brinuti se za Bo\u017eje stvari, za nebesko blago i \u0161to revnije ga skupljati i svoje srce pripravljati da ga jednom u vje\u010dnosti primi i u\u017eiva. Sveti Franjo je bio pohlepan za siroma\u0161tvom, \u010duvao je svoje blago svoj evan\u0111eoski biser. Njegov se pogled na poseban na\u010din vrije\u0111ao ako je \u0161to vidio u ku\u0107i i izvana na bra\u0107i \u0161to nije bilo u skladu sa siroma\u0161tvom. On se sam od po\u010detka redovni\u010dkoga \u017eivota do smrti smatrao bogatim zato \u0161to je imao samo jednu tuniku, pojas i hla\u010de i ni\u0161ta drugo. Njegov siroma\u0161ni habit pokazivao je gdje skuplja svoje blago. Radovao se \u0161to je propadljivo blago promijenio za stostruko vrijednije. Evan\u0111eosko siroma\u0161tvo, po primjeru Isusa Krista, mogu\u0107e je \u017eivjeti samo u iskrenom pouzdanju u Oca. Sveti je Franjo cijeloga \u017eivota, od obra\u0107enja do smrti, bio sav pro\u017eet sinovskim pouzdanjem u Oca i posvema\u0161njom predano\u0161\u0107u Bogu, koji je jedino i najve\u0107e dobro. Samo se iz ovoga stava Franjine du\u0161e mo\u017ee razumjeti njegova posvema\u0161nja zaljubljenost u Gospo\u0111u Siroma\u0161tinu. Onog trenutka kad je otkrio dobroga Oca, Franjo je ostavio sve. Siroma\u0161tvo Franjo promatra i u Euharistiji, gdje se Sin Bo\u017eji svaki dan ponizuje, kao kad s kraljevskih prijestolja do\u0111e u utrobu Djevi\u010dinu, svaki dan ponizan dolazi k nama. Brat bi Franjo, ako bi ga kada pozvala gospoda da ga po\u010daste obilnijim stolom, najprije po obli\u017enjim susjednim ku\u0107ama prosio komadi\u0107e kruha, a zatim bi, ovako bijedom oboga\u0107en, po\u017eurio sjesti za stol. Franjo u Kristovom siroma\u0161tvu tra\u017ei i nalazi opravdanje svoga potpunoga siroma\u0161tva. Franji siroma\u0161tvo nikada ne\u0107e biti cilj, nego sredstvo za intenzivnije suobli\u010denje Kristu Gospodinu. Franjin ideal nije neko uzvi\u0161eno siroma\u0161tvo, nego siroma\u0161ni Isus. On je svim svojim silama ljubio Krista ponizna i siroma\u0161na i u njemu sve siromahe. Stoga Franjo i ne govori toliko o siroma\u0161tvu, koliko o Kristu siromahu i bra\u0107i ljudima siromasima. Po uzoru na Isusa, koji je s toliko ljubavi govorio o ljiljanima i pticama, o ki\u0161i i vjetru i svim ostalim stvorenjima, Franjo unosi veliku simpatiju prema svakom stvoru i prema svima. Svako mu je stvorenje u sebi dobro i pozitivno te s udivljenjem promatra sve stvorove. Nekom se drugom zgodom jedan brat iz Asiza vra\u0107ao u Porcijunkulu s milostinjom. Kad je ve\u0107 bio blizu boravi\u0161ta, po\u010de na sav glas pjevati i Gospodina hvaliti. \u010cuv\u0161i to, Franjo istr\u010da van, bratu poljubi rame i na svoje rame uprti torbu i blagoslovi ga \u0161to spremno odlazi u pro\u0161nju, ponizno prosi i radostan se vra\u0107a. Za Franju je svako neovla\u0161teno prisvajanje grijeh jer grijehom \u010dovjek prekida zajedni\u0161tvo s Bogom i ljudima. Zato siroma\u0161tvo nije samo neposjedovanje materijalnih dobara, nego je nesebi\u010dnost gdje ne treba gr\u010devito dr\u017eati svoje sposobnosti samo za sebe, nego ih upotrijebiti za dobro bli\u017enjih. Jednom je majka dvojice bra\u0107e do\u0161la k Franji i s pouzdanjem ga zamolila milostinju. Budu\u0107i da nisu imali ni\u0161ta \u0161to bi joj mogli dati, Franjo je naredio da se majci dadne Novi zavjet kako bi ga za svoje potrebe mogla unov\u010diti, uvjeren da \u0107e se Bogu svidjeti ovaj dar. Dogodilo se jednom u zimi u Celanu da je Franjo poput pla\u0161ta zaogrnuo komad sukna \u0161to mu ga je neki \u010dovjek, prijatelj bra\u0107e, posudio i potom sreo neku staricu koja je prosila milostinju. Smjesta je s vrata skinuo sukno i, premda je bilo tu\u0111e, darovao ga uz osmijeh starici. Te\u0161ko je na\u0107i jezik koji bi mogao ispripovijediti koliko je Franjo suosje\u0107ao sa siromasima. Samilost mu je doista bila kao uro\u0111ena, a nju je pobo\u017enost podvostru\u010dila. Franjino se srce rastapalo od ljubavi prema siromasima. Onima kojima nije mogao pru\u017eiti ruku, iskazivao je osje\u0107aje. Kakav god je kod koga opazio nedostatak, kakvu god neima\u0161tinu, pokretno\u0161\u0107u svog duha, to je brzo primjenjivao i prenosio na Krista. Tako je u svim siromasima gledao djecu Bla\u017eene Djevice Marije. A kad je od sebe ve\u0107 odbacio svaku zavist, ipak nije mogao biti bez zavisti prema siroma\u0161nima. Ako bi kada vidio nekog siroma\u0161nijeg od sebe, odmah se u njemu probudila zavist te bi se s takvom osobom po\u010deo natjecati, jer se bojao da ga taj u siroma\u0161tvu ne pobijedi. Franjo se, dakle, po\u010desto svla\u010dio da bi obukao siromahe.<\/p>\n\n\n\n<p><strong><br><\/strong>Na\u0161e Pravilo u \u010dlanku 11. nas poti\u010de:<\/p>\n\n\n\n<p><em>Pouzdavaju\u0107i se u Oca, Krist je za sebe i svoju Majku odabrao siroma\u0161an i ponizan \u017eivot (2PVj 5) premda je pa\u017eljivo i dobrohotno vrednovao stvorene stvari; tako neka svjetovni franjevci \u010duvaju ispravan odnos prema odvajanju i kori\u0161tenju zemaljskih dobara, pojednostavnjuju\u0107i svoje materijalne zahtjeve; neka nadalje budu svjesni da su, prema evan\u0111elju, upravitelji dobara primljenih na dobro djece Bo\u017eje. Tako neka, u duhu \u201eBla\u017eenstava\u201c, nastoje o\u010distiti srce od svake te\u017enje i pohlepe za posjedovanjem i gospodovanjem, kao \u00bbstranci i prido\u0161lice\u00ab na putu u O\u010dev dom.<\/em><\/p>\n\n\n\n<p>&nbsp;Pravilo ukazuje na to da siroma\u0161tvo ne zna\u010di nu\u017eno &#8211; apsolutno ni\u0161ta ne posjedovati. Ve\u0107 ukazuje na nu\u017enost pojednostavljanja vlastitih materijalnih zahtjeva. Odbacivanje gomilanja i danas mora biti oznaka franjevaca. Franjo je smatrao da je njegov svijet bio previ\u0161e okrenut zemaljskim brigama i da je stoga \u017eivio u materijalnom zarobljeni\u0161tvu. Stoga je i \u017eelio sebe i svoju bra\u0107u od toga osloboditi. U na\u0161em svijetu je novac poprimio sasvim drugu ulogu i bez njega je nemogu\u0107e i\u0161ta u\u010diniti, ali Franjina vrednota da ne postanemo robovi novca, u\u017eitka i potro\u0161nje ima itekako veliku vrijednost.&nbsp; Vrednota siroma\u0161tva ostaje, ako novac dajemo za \u010dasne svrhe, za obitelj, za dobro drugih, za siromahe i bolesnike. Tako onda i danas siroma\u0161tvo postaje znak osloba\u0111anja, bratstva, sudioni\u0161tva s drugim ljudima, posebice sa siromasima i s bra\u0107om. Siroma\u0161tvo u tom slu\u010daju poprima i oznaku borbe protiv izrabljivanja i postaje znakom sveop\u0107e solidarnosti sa \u010ditavim svijetom. Uvijek moramo tra\u017eiti slobodu srca, onu koje ima svoje korijene u siroma\u0161tvu nas samih.<\/p>\n\n\n\n<p><strong><em>MIR i DOBRO!<\/em><\/strong><\/p>\n","protected":false},"excerpt":{"rendered":"<p>Skup\u0161tini je prisustvovalo 20-etak bra\u0107e i sestara, te na\u0161 duhovnik fra Franjo Jesenovi\u0107. Prije Skup\u0161tine smo nastavili skupljati doprinos za vi\u0161e razine za 2021. godinu. Na po\u010detku Skup\u0161tine smo molili \u010casoslov. Pro\u010ditani su ro\u0111endanci ovaj mjesec. Podijeljeni su informativni listi\u0107i za slijede\u0107e razdoblje i data su poja\u0161njenja: 15.12. &#8211; FSR animira klanjanje nakon ve\u010dernje mise; [&hellip;]<\/p>\n","protected":false},"author":1,"featured_media":0,"comment_status":"closed","ping_status":"open","sticky":true,"template":"","format":"standard","meta":{"qubely_global_settings":"","qubely_interactions":"","footnotes":""},"categories":[39],"tags":[],"class_list":["post-10280","post","type-post","status-publish","format-standard","hentry","category-fsr-ofs"],"blocksy_meta":{"styles_descriptor":{"styles":{"desktop":"","tablet":"","mobile":""},"google_fonts":[],"version":6}},"qubely_featured_image_url":null,"qubely_author":{"display_name":"Branko","author_link":"https:\/\/www.ofm.hr\/koprivnica\/author\/admkp8\/"},"qubely_comment":0,"qubely_category":"<a href=\"https:\/\/www.ofm.hr\/koprivnica\/category\/fsr-ofs\/\" rel=\"category tag\">FSR (OFS)<\/a>","qubely_excerpt":"Skup\u0161tini je prisustvovalo 20-etak bra\u0107e i sestara, te na\u0161 duhovnik fra Franjo Jesenovi\u0107. Prije Skup\u0161tine smo nastavili skupljati doprinos za vi\u0161e razine za 2021. godinu. Na po\u010detku Skup\u0161tine smo molili \u010casoslov. Pro\u010ditani su ro\u0111endanci ovaj mjesec. Podijeljeni su informativni listi\u0107i za slijede\u0107e razdoblje i data su poja\u0161njenja: 15.12. &#8211; FSR animira klanjanje nakon ve\u010dernje mise;&hellip;","featured_image_urls_v2":{"full":"","thumbnail":"","medium":"","medium_large":"","large":"","1536x1536":"","2048x2048":"","qubely_landscape":"","qubely_portrait":"","qubely_thumbnail":""},"post_excerpt_stackable_v2":"<p>Skup\u0161tini je prisustvovalo 20-etak bra\u0107e i sestara, te na\u0161 duhovnik fra Franjo Jesenovi\u0107. Prije Skup\u0161tine smo nastavili skupljati doprinos za vi\u0161e razine za 2021. godinu. Na po\u010detku Skup\u0161tine smo molili \u010casoslov. Pro\u010ditani su ro\u0111endanci ovaj mjesec. Podijeljeni su informativni listi\u0107i za slijede\u0107e razdoblje i data su poja\u0161njenja: 15.12. &#8211; FSR animira klanjanje nakon ve\u010dernje mise; Upu\u0107en je poticaj na molitvu za nove \u010dlanove FSR-a, za svu bra\u0107u i sestre u formaciji, te za franjeva\u010dku mlade\u017e (FRAM-u); 11.1.2022.&nbsp; je sljede\u0107a Skup\u0161tina u 16:30. Sestra Janja Ivan\u010dek je odr\u017eala predavanje sa temom: \u017divjeti u uzvi\u0161enom siroma\u0161tvu Gospodine; nau\u010di nas da ne ljubimo&hellip;<\/p>\n","category_list_v2":"<a href=\"https:\/\/www.ofm.hr\/koprivnica\/category\/fsr-ofs\/\" rel=\"category tag\">FSR (OFS)<\/a>","author_info_v2":{"name":"Branko","url":"https:\/\/www.ofm.hr\/koprivnica\/author\/admkp8\/"},"comments_num_v2":"0 comments","_links":{"self":[{"href":"https:\/\/www.ofm.hr\/koprivnica\/wp-json\/wp\/v2\/posts\/10280","targetHints":{"allow":["GET"]}}],"collection":[{"href":"https:\/\/www.ofm.hr\/koprivnica\/wp-json\/wp\/v2\/posts"}],"about":[{"href":"https:\/\/www.ofm.hr\/koprivnica\/wp-json\/wp\/v2\/types\/post"}],"author":[{"embeddable":true,"href":"https:\/\/www.ofm.hr\/koprivnica\/wp-json\/wp\/v2\/users\/1"}],"replies":[{"embeddable":true,"href":"https:\/\/www.ofm.hr\/koprivnica\/wp-json\/wp\/v2\/comments?post=10280"}],"version-history":[{"count":2,"href":"https:\/\/www.ofm.hr\/koprivnica\/wp-json\/wp\/v2\/posts\/10280\/revisions"}],"predecessor-version":[{"id":10284,"href":"https:\/\/www.ofm.hr\/koprivnica\/wp-json\/wp\/v2\/posts\/10280\/revisions\/10284"}],"wp:attachment":[{"href":"https:\/\/www.ofm.hr\/koprivnica\/wp-json\/wp\/v2\/media?parent=10280"}],"wp:term":[{"taxonomy":"category","embeddable":true,"href":"https:\/\/www.ofm.hr\/koprivnica\/wp-json\/wp\/v2\/categories?post=10280"},{"taxonomy":"post_tag","embeddable":true,"href":"https:\/\/www.ofm.hr\/koprivnica\/wp-json\/wp\/v2\/tags?post=10280"}],"curies":[{"name":"wp","href":"https:\/\/api.w.org\/{rel}","templated":true}]}}