{"id":10360,"date":"2022-01-15T13:06:15","date_gmt":"2022-01-15T12:06:15","guid":{"rendered":"https:\/\/www.ofm.hr\/koprivnica\/?p=10360"},"modified":"2022-01-15T13:06:50","modified_gmt":"2022-01-15T12:06:50","slug":"sveti-sebastijan-2","status":"publish","type":"post","link":"https:\/\/www.ofm.hr\/koprivnica\/sveti-sebastijan-2\/","title":{"rendered":"Sveti Sebastijan"},"content":{"rendered":"\n<p id=\"block-133784a7-25b8-43d4-9f78-76a2a9874052\"><strong>rimski \u010dasnik, mu\u010denik<\/strong><\/p>\n\n\n\n<p id=\"block-cb84c5e3-bc86-4827-afbf-d5ee686d55e9\"><strong>( +288.)<\/strong><\/p>\n\n\n\n<p id=\"block-bbf8b151-617e-426b-b105-4d64f4b8dc02\"><strong>spomendan 20. sije\u010dnja<\/strong><\/p>\n\n\n\n<figure class=\"wp-block-image size-full\" data-block-type=\"core\"><img loading=\"lazy\" decoding=\"async\" width=\"180\" height=\"251\" src=\"https:\/\/www.ofm.hr\/koprivnica\/wp-content\/uploads\/2019\/01\/images_svsebastijan.jpg\" alt=\"\" class=\"wp-image-6357\"\/><\/figure>\n\n\n\n<p>Sv. Sebastijan vjerojatno je ve\u0107 od djetinjstva bio kr\u0161\u0107anin, \u0161kolovan u Milanu. Posvetio se vojni\u010dkom stale\u017eu i u kratkom vremenu postao zapovjednik carske tjelesne stra\u017ee. Bila je to stra\u017ea cara Dioklecijana koji prvih godina vladanja nije progonio kr\u0161\u0107ane. No, godine 298. Dioklecijan izdaje edikt po kojem kr\u0161\u0107ani postaju diskriminirani. Godine 303. doga\u0111aju se najve\u0107i i najkrvaviji progoni protiv kr\u0161\u0107ana. Sebastijan, koji je ipak uspio ostati na carskom dvoru, posje\u0107uje kr\u0161\u0107ane u zatvoru i donosi im hranu.<\/p>\n\n\n\n<p>Zbog toga bude tu\u017een i kako se nije htio odre\u0107i vjere osude ga na smrt. Privezan je za stablo a vojnici su ga ga\u0111ali strelicama. Misle\u0107i da je mrtav, pristupi mu kr\u0161\u0107anka imenom Irena kako bi ga pokopala, me\u0111utim, on je bio \u017eiv. Odnese ga ku\u0107i i tu ga njeguje dok nije ozdravio. Sebastijan nije htio zavr\u0161iti kao bjegunac od mu\u010deni\u0161tva pa je opet po\u0161ao u carsku pala\u010du ususret samom caru. Car se stra\u0161no prestra\u0161io misle\u0107i da pred sobom vidi duha.<\/p>\n\n\n\n<p>Do\u0161av\u0161i k sebi i uvjeriv\u0161i se da pred sobom ima \u017eiva \u010dovjeka dao ga je umlatiti 288. godine&nbsp;i baciti u jedan kanal. Odande su ga kr\u0161\u0107ani izvukli i pobo\u017eno sahranili u katakombama. Kasnije mu je u Rimu podignuta veli\u010danstvena bazilika.<\/p>\n\n\n\n<p>Svetog Sebastijana zazivaju bolesnici sa ranama, padavice. U pro\u0161losti od kuge i epidemije.<\/p>\n","protected":false},"excerpt":{"rendered":"<p>rimski \u010dasnik, mu\u010denik ( +288.) spomendan 20. sije\u010dnja Sv. Sebastijan vjerojatno je ve\u0107 od djetinjstva bio kr\u0161\u0107anin, \u0161kolovan u Milanu. Posvetio se vojni\u010dkom stale\u017eu i u kratkom vremenu postao zapovjednik carske tjelesne stra\u017ee. Bila je to stra\u017ea cara Dioklecijana koji prvih godina vladanja nije progonio kr\u0161\u0107ane. No, godine 298. Dioklecijan izdaje edikt po kojem kr\u0161\u0107ani [&hellip;]<\/p>\n","protected":false},"author":1,"featured_media":6357,"comment_status":"open","ping_status":"open","sticky":true,"template":"","format":"standard","meta":{"qubely_global_settings":"","qubely_interactions":"","footnotes":""},"categories":[154],"tags":[],"class_list":["post-10360","post","type-post","status-publish","format-standard","has-post-thumbnail","hentry","category-naslovna"],"blocksy_meta":{"styles_descriptor":{"styles":{"desktop":"","tablet":"","mobile":""},"google_fonts":[],"version":6}},"qubely_featured_image_url":{"full":["https:\/\/www.ofm.hr\/koprivnica\/wp-content\/uploads\/2019\/01\/images_svsebastijan.jpg",180,251,false],"landscape":["https:\/\/www.ofm.hr\/koprivnica\/wp-content\/uploads\/2019\/01\/images_svsebastijan.jpg",180,251,false],"portraits":["https:\/\/www.ofm.hr\/koprivnica\/wp-content\/uploads\/2019\/01\/images_svsebastijan.jpg",180,251,false],"thumbnail":["https:\/\/www.ofm.hr\/koprivnica\/wp-content\/uploads\/2019\/01\/images_svsebastijan-150x150.jpg",150,150,true],"medium":["https:\/\/www.ofm.hr\/koprivnica\/wp-content\/uploads\/2019\/01\/images_svsebastijan.jpg",180,251,false],"medium_large":["https:\/\/www.ofm.hr\/koprivnica\/wp-content\/uploads\/2019\/01\/images_svsebastijan.jpg",180,251,false],"large":["https:\/\/www.ofm.hr\/koprivnica\/wp-content\/uploads\/2019\/01\/images_svsebastijan.jpg",180,251,false],"1536x1536":["https:\/\/www.ofm.hr\/koprivnica\/wp-content\/uploads\/2019\/01\/images_svsebastijan.jpg",180,251,false],"2048x2048":["https:\/\/www.ofm.hr\/koprivnica\/wp-content\/uploads\/2019\/01\/images_svsebastijan.jpg",180,251,false],"qubely_landscape":["https:\/\/www.ofm.hr\/koprivnica\/wp-content\/uploads\/2019\/01\/images_svsebastijan.jpg",180,251,false],"qubely_portrait":["https:\/\/www.ofm.hr\/koprivnica\/wp-content\/uploads\/2019\/01\/images_svsebastijan.jpg",180,251,false],"qubely_thumbnail":["https:\/\/www.ofm.hr\/koprivnica\/wp-content\/uploads\/2019\/01\/images_svsebastijan.jpg",72,100,false]},"qubely_author":{"display_name":"Branko","author_link":"https:\/\/www.ofm.hr\/koprivnica\/author\/admkp8\/"},"qubely_comment":0,"qubely_category":"<a href=\"https:\/\/www.ofm.hr\/koprivnica\/category\/naslovna\/\" rel=\"category tag\">NASLOVNA<\/a>","qubely_excerpt":"rimski \u010dasnik, mu\u010denik ( +288.) spomendan 20. sije\u010dnja Sv. Sebastijan vjerojatno je ve\u0107 od djetinjstva bio kr\u0161\u0107anin, \u0161kolovan u Milanu. Posvetio se vojni\u010dkom stale\u017eu i u kratkom vremenu postao zapovjednik carske tjelesne stra\u017ee. Bila je to stra\u017ea cara Dioklecijana koji prvih godina vladanja nije progonio kr\u0161\u0107ane. No, godine 298. Dioklecijan izdaje edikt po kojem kr\u0161\u0107ani&hellip;","featured_image_urls_v2":{"full":["https:\/\/www.ofm.hr\/koprivnica\/wp-content\/uploads\/2019\/01\/images_svsebastijan.jpg",180,251,false],"thumbnail":["https:\/\/www.ofm.hr\/koprivnica\/wp-content\/uploads\/2019\/01\/images_svsebastijan-150x150.jpg",150,150,true],"medium":["https:\/\/www.ofm.hr\/koprivnica\/wp-content\/uploads\/2019\/01\/images_svsebastijan.jpg",180,251,false],"medium_large":["https:\/\/www.ofm.hr\/koprivnica\/wp-content\/uploads\/2019\/01\/images_svsebastijan.jpg",180,251,false],"large":["https:\/\/www.ofm.hr\/koprivnica\/wp-content\/uploads\/2019\/01\/images_svsebastijan.jpg",180,251,false],"1536x1536":["https:\/\/www.ofm.hr\/koprivnica\/wp-content\/uploads\/2019\/01\/images_svsebastijan.jpg",180,251,false],"2048x2048":["https:\/\/www.ofm.hr\/koprivnica\/wp-content\/uploads\/2019\/01\/images_svsebastijan.jpg",180,251,false],"qubely_landscape":["https:\/\/www.ofm.hr\/koprivnica\/wp-content\/uploads\/2019\/01\/images_svsebastijan.jpg",180,251,false],"qubely_portrait":["https:\/\/www.ofm.hr\/koprivnica\/wp-content\/uploads\/2019\/01\/images_svsebastijan.jpg",180,251,false],"qubely_thumbnail":["https:\/\/www.ofm.hr\/koprivnica\/wp-content\/uploads\/2019\/01\/images_svsebastijan.jpg",72,100,false]},"post_excerpt_stackable_v2":"<p>rimski \u010dasnik, mu\u010denik ( +288.) spomendan 20. sije\u010dnja Sv. Sebastijan vjerojatno je ve\u0107 od djetinjstva bio kr\u0161\u0107anin, \u0161kolovan u Milanu. Posvetio se vojni\u010dkom stale\u017eu i u kratkom vremenu postao zapovjednik carske tjelesne stra\u017ee. Bila je to stra\u017ea cara Dioklecijana koji prvih godina vladanja nije progonio kr\u0161\u0107ane. No, godine 298. Dioklecijan izdaje edikt po kojem kr\u0161\u0107ani postaju diskriminirani. Godine 303. doga\u0111aju se najve\u0107i i najkrvaviji progoni protiv kr\u0161\u0107ana. Sebastijan, koji je ipak uspio ostati na carskom dvoru, posje\u0107uje kr\u0161\u0107ane u zatvoru i donosi im hranu. Zbog toga bude tu\u017een i kako se nije htio odre\u0107i vjere osude ga na smrt. Privezan&hellip;<\/p>\n","category_list_v2":"<a href=\"https:\/\/www.ofm.hr\/koprivnica\/category\/naslovna\/\" rel=\"category tag\">NASLOVNA<\/a>","author_info_v2":{"name":"Branko","url":"https:\/\/www.ofm.hr\/koprivnica\/author\/admkp8\/"},"comments_num_v2":"0 comments","_links":{"self":[{"href":"https:\/\/www.ofm.hr\/koprivnica\/wp-json\/wp\/v2\/posts\/10360","targetHints":{"allow":["GET"]}}],"collection":[{"href":"https:\/\/www.ofm.hr\/koprivnica\/wp-json\/wp\/v2\/posts"}],"about":[{"href":"https:\/\/www.ofm.hr\/koprivnica\/wp-json\/wp\/v2\/types\/post"}],"author":[{"embeddable":true,"href":"https:\/\/www.ofm.hr\/koprivnica\/wp-json\/wp\/v2\/users\/1"}],"replies":[{"embeddable":true,"href":"https:\/\/www.ofm.hr\/koprivnica\/wp-json\/wp\/v2\/comments?post=10360"}],"version-history":[{"count":1,"href":"https:\/\/www.ofm.hr\/koprivnica\/wp-json\/wp\/v2\/posts\/10360\/revisions"}],"predecessor-version":[{"id":10361,"href":"https:\/\/www.ofm.hr\/koprivnica\/wp-json\/wp\/v2\/posts\/10360\/revisions\/10361"}],"wp:featuredmedia":[{"embeddable":true,"href":"https:\/\/www.ofm.hr\/koprivnica\/wp-json\/wp\/v2\/media\/6357"}],"wp:attachment":[{"href":"https:\/\/www.ofm.hr\/koprivnica\/wp-json\/wp\/v2\/media?parent=10360"}],"wp:term":[{"taxonomy":"category","embeddable":true,"href":"https:\/\/www.ofm.hr\/koprivnica\/wp-json\/wp\/v2\/categories?post=10360"},{"taxonomy":"post_tag","embeddable":true,"href":"https:\/\/www.ofm.hr\/koprivnica\/wp-json\/wp\/v2\/tags?post=10360"}],"curies":[{"name":"wp","href":"https:\/\/api.w.org\/{rel}","templated":true}]}}