{"id":10446,"date":"2022-01-24T19:09:01","date_gmt":"2022-01-24T18:09:01","guid":{"rendered":"https:\/\/www.ofm.hr\/koprivnica\/?p=10446"},"modified":"2022-01-24T19:15:10","modified_gmt":"2022-01-24T18:15:10","slug":"malo-stado-trazi-nove-clanove","status":"publish","type":"post","link":"https:\/\/www.ofm.hr\/koprivnica\/malo-stado-trazi-nove-clanove\/","title":{"rendered":"MALO STADO TRA\u017dI NOVE \u010cLANOVE"},"content":{"rendered":"\n<p class=\"has-drop-cap\"><\/p>\n\n\n\n<figure class=\"wp-block-image size-full\" data-block-type=\"core\"><img loading=\"lazy\" decoding=\"async\" width=\"715\" height=\"374\" src=\"https:\/\/www.ofm.hr\/koprivnica\/wp-content\/uploads\/2022\/01\/Malo-stado.jpg\" alt=\"\" class=\"wp-image-10443\" srcset=\"https:\/\/www.ofm.hr\/koprivnica\/wp-content\/uploads\/2022\/01\/Malo-stado.jpg 715w, https:\/\/www.ofm.hr\/koprivnica\/wp-content\/uploads\/2022\/01\/Malo-stado-600x314.jpg 600w, https:\/\/www.ofm.hr\/koprivnica\/wp-content\/uploads\/2022\/01\/Malo-stado-300x157.jpg 300w\" sizes=\"auto, (max-width: 715px) 100vw, 715px\" \/><\/figure>\n\n\n\n<p class=\"has-drop-cap\"><strong>Dragi Bog ti je darovao talent za pjevanje i\/ili sviranje?<\/strong><br>Sjajno!<br>Zahvali Mu na tome i po\u010dni koristiti te talente!<br><strong>Kako?<\/strong><br>Pridru\u017ei se zboru \u02ddMalo stado\u02dd i slavi pjesmom Gospodina na misi u crkvi sv. Antuna Padovanskog u Koprivnici, nedjeljom u 11.30.<br><strong>Kada je proba?<\/strong><br>Nedjeljom u 10.30 u \u017eupnoj knji\u017enici.<br><strong>Kakva je ekipa?<\/strong><br>Mlada (u srcu ) i uvijek spremna na smijeh!<br><strong>Kako do zbora?<\/strong><br>Javi se voditeljici Jasmini na broj 099 799 7970 ili facebook Jasmina Sinovec<br><strong>Aaa koliki je honorar?<\/strong><br>\u02ddRadujte se i kli\u010dite: velika je pla\u0107a va\u0161a na nebesima!\u02dd (Mt 5, 12) <br>Vidimo se!<\/p>\n","protected":false},"excerpt":{"rendered":"<p>Dragi Bog ti je darovao talent za pjevanje i\/ili sviranje?Sjajno!Zahvali Mu na tome i po\u010dni koristiti te talente!Kako?Pridru\u017ei se zboru \u02ddMalo stado\u02dd i slavi pjesmom Gospodina na misi u crkvi sv. Antuna Padovanskog u Koprivnici, nedjeljom u 11.30.Kada je proba?Nedjeljom u 10.30 u \u017eupnoj knji\u017enici.Kakva je ekipa?Mlada (u srcu ) i uvijek spremna na smijeh!Kako [&hellip;]<\/p>\n","protected":false},"author":1,"featured_media":10443,"comment_status":"closed","ping_status":"open","sticky":true,"template":"","format":"standard","meta":{"qubely_global_settings":"","qubely_interactions":"","footnotes":""},"categories":[154,17],"tags":[],"class_list":["post-10446","post","type-post","status-publish","format-standard","has-post-thumbnail","hentry","category-naslovna","category-zbor-malo-stado"],"blocksy_meta":{"styles_descriptor":{"styles":{"desktop":"","tablet":"","mobile":""},"google_fonts":[],"version":6}},"qubely_featured_image_url":{"full":["https:\/\/www.ofm.hr\/koprivnica\/wp-content\/uploads\/2022\/01\/Malo-stado.jpg",715,374,false],"landscape":["https:\/\/www.ofm.hr\/koprivnica\/wp-content\/uploads\/2022\/01\/Malo-stado.jpg",715,374,false],"portraits":["https:\/\/www.ofm.hr\/koprivnica\/wp-content\/uploads\/2022\/01\/Malo-stado-540x320.jpg",540,320,true],"thumbnail":["https:\/\/www.ofm.hr\/koprivnica\/wp-content\/uploads\/2022\/01\/Malo-stado-150x150.jpg",150,150,true],"medium":["https:\/\/www.ofm.hr\/koprivnica\/wp-content\/uploads\/2022\/01\/Malo-stado-300x157.jpg",300,157,true],"medium_large":["https:\/\/www.ofm.hr\/koprivnica\/wp-content\/uploads\/2022\/01\/Malo-stado.jpg",715,374,false],"large":["https:\/\/www.ofm.hr\/koprivnica\/wp-content\/uploads\/2022\/01\/Malo-stado.jpg",715,374,false],"1536x1536":["https:\/\/www.ofm.hr\/koprivnica\/wp-content\/uploads\/2022\/01\/Malo-stado.jpg",715,374,false],"2048x2048":["https:\/\/www.ofm.hr\/koprivnica\/wp-content\/uploads\/2022\/01\/Malo-stado.jpg",715,374,false],"qubely_landscape":["https:\/\/www.ofm.hr\/koprivnica\/wp-content\/uploads\/2022\/01\/Malo-stado.jpg",715,374,false],"qubely_portrait":["https:\/\/www.ofm.hr\/koprivnica\/wp-content\/uploads\/2022\/01\/Malo-stado-540x320.jpg",540,320,true],"qubely_thumbnail":["https:\/\/www.ofm.hr\/koprivnica\/wp-content\/uploads\/2022\/01\/Malo-stado-140x100.jpg",140,100,true]},"qubely_author":{"display_name":"Branko","author_link":"https:\/\/www.ofm.hr\/koprivnica\/author\/admkp8\/"},"qubely_comment":0,"qubely_category":"<a href=\"https:\/\/www.ofm.hr\/koprivnica\/category\/naslovna\/\" rel=\"category tag\">NASLOVNA<\/a> <a href=\"https:\/\/www.ofm.hr\/koprivnica\/category\/zbor-malo-stado\/\" rel=\"category tag\">Zbor \"Malo stado\"<\/a>","qubely_excerpt":"Dragi Bog ti je darovao talent za pjevanje i\/ili sviranje?Sjajno!Zahvali Mu na tome i po\u010dni koristiti te talente!Kako?Pridru\u017ei se zboru \u02ddMalo stado\u02dd i slavi pjesmom Gospodina na misi u crkvi sv. Antuna Padovanskog u Koprivnici, nedjeljom u 11.30.Kada je proba?Nedjeljom u 10.30 u \u017eupnoj knji\u017enici.Kakva je ekipa?Mlada (u srcu ) i uvijek spremna na smijeh!Kako&hellip;","featured_image_urls_v2":{"full":["https:\/\/www.ofm.hr\/koprivnica\/wp-content\/uploads\/2022\/01\/Malo-stado.jpg",715,374,false],"thumbnail":["https:\/\/www.ofm.hr\/koprivnica\/wp-content\/uploads\/2022\/01\/Malo-stado-150x150.jpg",150,150,true],"medium":["https:\/\/www.ofm.hr\/koprivnica\/wp-content\/uploads\/2022\/01\/Malo-stado-300x157.jpg",300,157,true],"medium_large":["https:\/\/www.ofm.hr\/koprivnica\/wp-content\/uploads\/2022\/01\/Malo-stado.jpg",715,374,false],"large":["https:\/\/www.ofm.hr\/koprivnica\/wp-content\/uploads\/2022\/01\/Malo-stado.jpg",715,374,false],"1536x1536":["https:\/\/www.ofm.hr\/koprivnica\/wp-content\/uploads\/2022\/01\/Malo-stado.jpg",715,374,false],"2048x2048":["https:\/\/www.ofm.hr\/koprivnica\/wp-content\/uploads\/2022\/01\/Malo-stado.jpg",715,374,false],"qubely_landscape":["https:\/\/www.ofm.hr\/koprivnica\/wp-content\/uploads\/2022\/01\/Malo-stado.jpg",715,374,false],"qubely_portrait":["https:\/\/www.ofm.hr\/koprivnica\/wp-content\/uploads\/2022\/01\/Malo-stado-540x320.jpg",540,320,true],"qubely_thumbnail":["https:\/\/www.ofm.hr\/koprivnica\/wp-content\/uploads\/2022\/01\/Malo-stado-140x100.jpg",140,100,true]},"post_excerpt_stackable_v2":"<p>Dragi Bog ti je darovao talent za pjevanje i\/ili sviranje?Sjajno!Zahvali Mu na tome i po\u010dni koristiti te talente!Kako?Pridru\u017ei se zboru \u02ddMalo stado\u02dd i slavi pjesmom Gospodina na misi u crkvi sv. Antuna Padovanskog u Koprivnici, nedjeljom u 11.30.Kada je proba?Nedjeljom u 10.30 u \u017eupnoj knji\u017enici.Kakva je ekipa?Mlada (u srcu ) i uvijek spremna na smijeh!Kako do zbora?Javi se voditeljici Jasmini na broj 099 799 7970 ili facebook Jasmina SinovecAaa koliki je honorar?\u02ddRadujte se i kli\u010dite: velika je pla\u0107a va\u0161a na nebesima!\u02dd (Mt 5, 12) Vidimo se!<\/p>\n","category_list_v2":"<a href=\"https:\/\/www.ofm.hr\/koprivnica\/category\/naslovna\/\" rel=\"category tag\">NASLOVNA<\/a>, <a href=\"https:\/\/www.ofm.hr\/koprivnica\/category\/zbor-malo-stado\/\" rel=\"category tag\">Zbor \"Malo stado\"<\/a>","author_info_v2":{"name":"Branko","url":"https:\/\/www.ofm.hr\/koprivnica\/author\/admkp8\/"},"comments_num_v2":"0 comments","_links":{"self":[{"href":"https:\/\/www.ofm.hr\/koprivnica\/wp-json\/wp\/v2\/posts\/10446","targetHints":{"allow":["GET"]}}],"collection":[{"href":"https:\/\/www.ofm.hr\/koprivnica\/wp-json\/wp\/v2\/posts"}],"about":[{"href":"https:\/\/www.ofm.hr\/koprivnica\/wp-json\/wp\/v2\/types\/post"}],"author":[{"embeddable":true,"href":"https:\/\/www.ofm.hr\/koprivnica\/wp-json\/wp\/v2\/users\/1"}],"replies":[{"embeddable":true,"href":"https:\/\/www.ofm.hr\/koprivnica\/wp-json\/wp\/v2\/comments?post=10446"}],"version-history":[{"count":5,"href":"https:\/\/www.ofm.hr\/koprivnica\/wp-json\/wp\/v2\/posts\/10446\/revisions"}],"predecessor-version":[{"id":10452,"href":"https:\/\/www.ofm.hr\/koprivnica\/wp-json\/wp\/v2\/posts\/10446\/revisions\/10452"}],"wp:featuredmedia":[{"embeddable":true,"href":"https:\/\/www.ofm.hr\/koprivnica\/wp-json\/wp\/v2\/media\/10443"}],"wp:attachment":[{"href":"https:\/\/www.ofm.hr\/koprivnica\/wp-json\/wp\/v2\/media?parent=10446"}],"wp:term":[{"taxonomy":"category","embeddable":true,"href":"https:\/\/www.ofm.hr\/koprivnica\/wp-json\/wp\/v2\/categories?post=10446"},{"taxonomy":"post_tag","embeddable":true,"href":"https:\/\/www.ofm.hr\/koprivnica\/wp-json\/wp\/v2\/tags?post=10446"}],"curies":[{"name":"wp","href":"https:\/\/api.w.org\/{rel}","templated":true}]}}