{"id":10460,"date":"2022-01-29T19:21:56","date_gmt":"2022-01-29T18:21:56","guid":{"rendered":"https:\/\/www.ofm.hr\/koprivnica\/?p=10460"},"modified":"2024-02-04T17:29:43","modified_gmt":"2024-02-04T16:29:43","slug":"sveta-agata-djevica-i-mucenica-225-250-spomendan-5-veljace","status":"publish","type":"post","link":"https:\/\/www.ofm.hr\/koprivnica\/sveta-agata-djevica-i-mucenica-225-250-spomendan-5-veljace\/","title":{"rendered":"Sveta Agata &#8211; djevica i mu\u010denica (225. &#8211; 250) spomendan 5. velja\u010de."},"content":{"rendered":"\n<p><\/p>\n\n\n\n<figure class=\"wp-block-image alignleft size-full\" data-block-type=\"core\"><img loading=\"lazy\" decoding=\"async\" width=\"211\" height=\"388\" src=\"https:\/\/www.ofm.hr\/koprivnica\/wp-content\/uploads\/2022\/01\/sv.-Agata.jpg\" alt=\"\" class=\"wp-image-10461\" srcset=\"https:\/\/www.ofm.hr\/koprivnica\/wp-content\/uploads\/2022\/01\/sv.-Agata.jpg 211w, https:\/\/www.ofm.hr\/koprivnica\/wp-content\/uploads\/2022\/01\/sv.-Agata-163x300.jpg 163w\" sizes=\"auto, (max-width: 211px) 100vw, 211px\" \/><\/figure>\n\n\n\n<p>\u0160tovanje svete Agate, djevice i mu\u010denice, ve\u0107 je&nbsp;zarana bilo veoma ra\u0161ireno. Rodno mjesto Svete Agate je&nbsp;Catania, na Siciliji. Svetica je \u017eivjela u prvoj polovici III. stolje\u0107a a pretrpjela je mu\u010deni\u0161tvo za vrijeme cara Decija 5. velja\u010de 250. godine.<\/p>\n\n\n\n<p>Potjecala je iz bogate i plemenite obitelji. Ve\u0107 kao djevoj\u010dica u\u010dinila je zavjet djevi\u010danstva. Da ga obrani, morala se mnogo boriti, ali je iz svih borba iza\u0161la kao pobjednica. Kad je objavljen Decijev ukaz protiv kr\u0161\u0107ana, upravitelj Sicilije Kvintijan se zagledao u nju, no ona ga je odbila.<\/p>\n\n\n\n<p>Znaju\u0107i da je Agata kr\u0161\u0107anka, dao je nalog da je uhvate i povjere nekoj pokvarenoj \u017eeni. Ta je imala zadatak pokvariti Agatu. Pri tom se slu\u017eila obe\u0107anjima kao i prijetnjama. Na sve to Agata je, krijepe\u0107i se neprestanom molitvom, ostajala postojana u dobru. Kvintijan, vidjev\u0161i izjalovljen poku\u0161aj, dao ju je dovesti pred sud. U preslu\u0161avanjima je pokazala \u010dvrsto\u0107u i neustra\u0161ivu vjeru. Tada su je stavili na muke.<\/p>\n\n\n\n<p>No i muke ne mogo\u0161e je slomiti. Odrezane su joj dojke i ba\u010dene u vatru.&nbsp; Obdarena vjerom, Agata je i to izdr\u017eala, uputiv\u0161i krvniku rije\u010di koje \u0107e se, kao najstra\u0161nija opomena, kasnije \u010desto ponavljati na slikama svete mu\u010denice: &#8220;<em>Okrutni tiranine! Kako te nije sram odsje\u0107i \u017eeni grudi, premda si se i sam kao dojen\u010de na njima othranio?&#8221;<\/em> Predaja kazuje dalje da je mu\u010denu djevojku no\u0107u probudio Sveti Petar u pratnji An\u0111ela i iscijelio joj rane. No ni to \u010dudo nije pokolebalo Kvintinija te je nastavio mu\u010denjem sve dok&nbsp; smrt nije&nbsp; zavr\u0161ila muke &nbsp;5. velja\u010de 250. Godinu dana kasnije dogodilo se novo \u010dudo. Bujicu lave iz probu\u0111enog vulkana Etne mje\u0161tani Katanije uspjeli su skrenuti zahvaljuju\u0107i mo\u0107ima svilene koprene sa sveti\u010dina groba.<\/p>\n\n\n\n<p><strong>\u017dene joj se utje\u010du u bolovima na grudima, osobito rodilje kad nemaju mlijeka za novoro\u0111en\u010dad, i u svim ostalim slu\u010dajevima bolesti grudi<\/strong>. Njezino se ime nalazi u Rimskom kanonu.<\/p>\n\n\n\n<p><\/p>\n","protected":false},"excerpt":{"rendered":"<p>\u0160tovanje svete Agate, djevice i mu\u010denice, ve\u0107 je&nbsp;zarana bilo veoma ra\u0161ireno. Rodno mjesto Svete Agate je&nbsp;Catania, na Siciliji. Svetica je \u017eivjela u prvoj polovici III. stolje\u0107a a pretrpjela je mu\u010deni\u0161tvo za vrijeme cara Decija 5. velja\u010de 250. godine. Potjecala je iz bogate i plemenite obitelji. Ve\u0107 kao djevoj\u010dica u\u010dinila je zavjet djevi\u010danstva. Da ga obrani, [&hellip;]<\/p>\n","protected":false},"author":1,"featured_media":0,"comment_status":"closed","ping_status":"open","sticky":true,"template":"","format":"standard","meta":{"qubely_global_settings":"","qubely_interactions":"","footnotes":""},"categories":[154],"tags":[],"class_list":["post-10460","post","type-post","status-publish","format-standard","hentry","category-naslovna"],"blocksy_meta":{"styles_descriptor":{"styles":{"desktop":"","tablet":"","mobile":""},"google_fonts":[],"version":6}},"qubely_featured_image_url":null,"qubely_author":{"display_name":"Branko","author_link":"https:\/\/www.ofm.hr\/koprivnica\/author\/admkp8\/"},"qubely_comment":0,"qubely_category":"<a href=\"https:\/\/www.ofm.hr\/koprivnica\/category\/naslovna\/\" rel=\"category tag\">NASLOVNA<\/a>","qubely_excerpt":"\u0160tovanje svete Agate, djevice i mu\u010denice, ve\u0107 je&nbsp;zarana bilo veoma ra\u0161ireno. Rodno mjesto Svete Agate je&nbsp;Catania, na Siciliji. Svetica je \u017eivjela u prvoj polovici III. stolje\u0107a a pretrpjela je mu\u010deni\u0161tvo za vrijeme cara Decija 5. velja\u010de 250. godine. Potjecala je iz bogate i plemenite obitelji. Ve\u0107 kao djevoj\u010dica u\u010dinila je zavjet djevi\u010danstva. Da ga obrani,&hellip;","featured_image_urls_v2":{"full":"","thumbnail":"","medium":"","medium_large":"","large":"","1536x1536":"","2048x2048":"","qubely_landscape":"","qubely_portrait":"","qubely_thumbnail":""},"post_excerpt_stackable_v2":"<p>\u0160tovanje svete Agate, djevice i mu\u010denice, ve\u0107 je&nbsp;zarana bilo veoma ra\u0161ireno. Rodno mjesto Svete Agate je&nbsp;Catania, na Siciliji. Svetica je \u017eivjela u prvoj polovici III. stolje\u0107a a pretrpjela je mu\u010deni\u0161tvo za vrijeme cara Decija 5. velja\u010de 250. godine. Potjecala je iz bogate i plemenite obitelji. Ve\u0107 kao djevoj\u010dica u\u010dinila je zavjet djevi\u010danstva. Da ga obrani, morala se mnogo boriti, ali je iz svih borba iza\u0161la kao pobjednica. Kad je objavljen Decijev ukaz protiv kr\u0161\u0107ana, upravitelj Sicilije Kvintijan se zagledao u nju, no ona ga je odbila. Znaju\u0107i da je Agata kr\u0161\u0107anka, dao je nalog da je uhvate i povjere nekoj&hellip;<\/p>\n","category_list_v2":"<a href=\"https:\/\/www.ofm.hr\/koprivnica\/category\/naslovna\/\" rel=\"category tag\">NASLOVNA<\/a>","author_info_v2":{"name":"Branko","url":"https:\/\/www.ofm.hr\/koprivnica\/author\/admkp8\/"},"comments_num_v2":"0 comments","_links":{"self":[{"href":"https:\/\/www.ofm.hr\/koprivnica\/wp-json\/wp\/v2\/posts\/10460","targetHints":{"allow":["GET"]}}],"collection":[{"href":"https:\/\/www.ofm.hr\/koprivnica\/wp-json\/wp\/v2\/posts"}],"about":[{"href":"https:\/\/www.ofm.hr\/koprivnica\/wp-json\/wp\/v2\/types\/post"}],"author":[{"embeddable":true,"href":"https:\/\/www.ofm.hr\/koprivnica\/wp-json\/wp\/v2\/users\/1"}],"replies":[{"embeddable":true,"href":"https:\/\/www.ofm.hr\/koprivnica\/wp-json\/wp\/v2\/comments?post=10460"}],"version-history":[{"count":2,"href":"https:\/\/www.ofm.hr\/koprivnica\/wp-json\/wp\/v2\/posts\/10460\/revisions"}],"predecessor-version":[{"id":14554,"href":"https:\/\/www.ofm.hr\/koprivnica\/wp-json\/wp\/v2\/posts\/10460\/revisions\/14554"}],"wp:attachment":[{"href":"https:\/\/www.ofm.hr\/koprivnica\/wp-json\/wp\/v2\/media?parent=10460"}],"wp:term":[{"taxonomy":"category","embeddable":true,"href":"https:\/\/www.ofm.hr\/koprivnica\/wp-json\/wp\/v2\/categories?post=10460"},{"taxonomy":"post_tag","embeddable":true,"href":"https:\/\/www.ofm.hr\/koprivnica\/wp-json\/wp\/v2\/tags?post=10460"}],"curies":[{"name":"wp","href":"https:\/\/api.w.org\/{rel}","templated":true}]}}