{"id":10917,"date":"2022-02-06T18:06:43","date_gmt":"2022-02-06T17:06:43","guid":{"rendered":"https:\/\/www.ofm.hr\/koprivnica\/?p=10917"},"modified":"2022-02-06T18:07:40","modified_gmt":"2022-02-06T17:07:40","slug":"koje-su-bile-posljednje-rijeci-bl-alojzija-stepinca-na-samrti-1960-2","status":"publish","type":"post","link":"https:\/\/www.ofm.hr\/koprivnica\/koje-su-bile-posljednje-rijeci-bl-alojzija-stepinca-na-samrti-1960-2\/","title":{"rendered":"Koje su bile posljednje rije\u010di bl. Alojzija Stepinca na samrti? \u2013 1960."},"content":{"rendered":"\n<p><strong>10. velja\u010de 1960. godine umro je voljeni hrvatski bla\u017eenik kardinal Alojzije Stepinac.<\/strong><\/p>\n\n\n\n<p>Dana 10. velja\u010de Katoli\u010dka crkva u Hrvatskoj slavi Stepin\u010devo jer je toga dana umro bla\u017eeni Alojzije Stepinac (sveci i bla\u017eenici Katoli\u010dke crkve slave se obi\u010dno na dan njihove smrti jer se smatra da je to ujedno dan njihova ro\u0111enja za Nebo). Bl. Alojzije Stepinac umro je 1960. godine u Kra\u0161i\u0107u, gdje je proveo zadnjih 8 godina \u017eivota. Posljednje rije\u010di tog voljenog hrvatskog bla\u017eenika bile su <em>Fiat voluntas tua \u2013<\/em> <em>Budi volja Tvoja!<\/em> Prema svjedo\u010danstvu prisutnih, umro je u 14 sati i 15 minuta.<\/p>\n\n\n\n<p>Podsjetimo, za vrijeme ku\u0107nog pritvora u Kra\u0161i\u0107u papa Pio XII. proglasio je Stepinca kardinalom. Prilikom Stepin\u010deve smrti zvonila su sva zagreba\u010dka crkvena zvona, a na zvonicima su istaknute crne zastave. Sahranjen je u zagreba\u010dkoj katedrali, gdje je njegov sarkofag sve\u010dano izlo\u017een iza glavnog oltara.<\/p>\n","protected":false},"excerpt":{"rendered":"<p>10. velja\u010de 1960. godine umro je voljeni hrvatski bla\u017eenik kardinal Alojzije Stepinac. Dana 10. velja\u010de Katoli\u010dka crkva u Hrvatskoj slavi Stepin\u010devo jer je toga dana umro bla\u017eeni Alojzije Stepinac (sveci i bla\u017eenici Katoli\u010dke crkve slave se obi\u010dno na dan njihove smrti jer se smatra da je to ujedno dan njihova ro\u0111enja za Nebo). Bl. Alojzije [&hellip;]<\/p>\n","protected":false},"author":1,"featured_media":10918,"comment_status":"closed","ping_status":"open","sticky":true,"template":"","format":"standard","meta":{"qubely_global_settings":"","qubely_interactions":"","footnotes":""},"categories":[154],"tags":[],"class_list":["post-10917","post","type-post","status-publish","format-standard","has-post-thumbnail","hentry","category-naslovna"],"blocksy_meta":{"styles_descriptor":{"styles":{"desktop":"","tablet":"","mobile":""},"google_fonts":[],"version":6}},"qubely_featured_image_url":{"full":["https:\/\/www.ofm.hr\/koprivnica\/wp-content\/uploads\/2022\/02\/Kardinal_Alojzije_Stepinac.jpg",326,400,false],"landscape":["https:\/\/www.ofm.hr\/koprivnica\/wp-content\/uploads\/2022\/02\/Kardinal_Alojzije_Stepinac.jpg",326,400,false],"portraits":["https:\/\/www.ofm.hr\/koprivnica\/wp-content\/uploads\/2022\/02\/Kardinal_Alojzije_Stepinac-326x320.jpg",326,320,true],"thumbnail":["https:\/\/www.ofm.hr\/koprivnica\/wp-content\/uploads\/2022\/02\/Kardinal_Alojzije_Stepinac-150x150.jpg",150,150,true],"medium":["https:\/\/www.ofm.hr\/koprivnica\/wp-content\/uploads\/2022\/02\/Kardinal_Alojzije_Stepinac-245x300.jpg",245,300,true],"medium_large":["https:\/\/www.ofm.hr\/koprivnica\/wp-content\/uploads\/2022\/02\/Kardinal_Alojzije_Stepinac.jpg",326,400,false],"large":["https:\/\/www.ofm.hr\/koprivnica\/wp-content\/uploads\/2022\/02\/Kardinal_Alojzije_Stepinac.jpg",326,400,false],"1536x1536":["https:\/\/www.ofm.hr\/koprivnica\/wp-content\/uploads\/2022\/02\/Kardinal_Alojzije_Stepinac.jpg",326,400,false],"2048x2048":["https:\/\/www.ofm.hr\/koprivnica\/wp-content\/uploads\/2022\/02\/Kardinal_Alojzije_Stepinac.jpg",326,400,false],"qubely_landscape":["https:\/\/www.ofm.hr\/koprivnica\/wp-content\/uploads\/2022\/02\/Kardinal_Alojzije_Stepinac.jpg",326,400,false],"qubely_portrait":["https:\/\/www.ofm.hr\/koprivnica\/wp-content\/uploads\/2022\/02\/Kardinal_Alojzije_Stepinac-326x320.jpg",326,320,true],"qubely_thumbnail":["https:\/\/www.ofm.hr\/koprivnica\/wp-content\/uploads\/2022\/02\/Kardinal_Alojzije_Stepinac-140x100.jpg",140,100,true]},"qubely_author":{"display_name":"Branko","author_link":"https:\/\/www.ofm.hr\/koprivnica\/author\/admkp8\/"},"qubely_comment":0,"qubely_category":"<a href=\"https:\/\/www.ofm.hr\/koprivnica\/category\/naslovna\/\" rel=\"category tag\">NASLOVNA<\/a>","qubely_excerpt":"10. velja\u010de 1960. godine umro je voljeni hrvatski bla\u017eenik kardinal Alojzije Stepinac. Dana 10. velja\u010de Katoli\u010dka crkva u Hrvatskoj slavi Stepin\u010devo jer je toga dana umro bla\u017eeni Alojzije Stepinac (sveci i bla\u017eenici Katoli\u010dke crkve slave se obi\u010dno na dan njihove smrti jer se smatra da je to ujedno dan njihova ro\u0111enja za Nebo). Bl. Alojzije&hellip;","featured_image_urls_v2":{"full":["https:\/\/www.ofm.hr\/koprivnica\/wp-content\/uploads\/2022\/02\/Kardinal_Alojzije_Stepinac.jpg",326,400,false],"thumbnail":["https:\/\/www.ofm.hr\/koprivnica\/wp-content\/uploads\/2022\/02\/Kardinal_Alojzije_Stepinac-150x150.jpg",150,150,true],"medium":["https:\/\/www.ofm.hr\/koprivnica\/wp-content\/uploads\/2022\/02\/Kardinal_Alojzije_Stepinac-245x300.jpg",245,300,true],"medium_large":["https:\/\/www.ofm.hr\/koprivnica\/wp-content\/uploads\/2022\/02\/Kardinal_Alojzije_Stepinac.jpg",326,400,false],"large":["https:\/\/www.ofm.hr\/koprivnica\/wp-content\/uploads\/2022\/02\/Kardinal_Alojzije_Stepinac.jpg",326,400,false],"1536x1536":["https:\/\/www.ofm.hr\/koprivnica\/wp-content\/uploads\/2022\/02\/Kardinal_Alojzije_Stepinac.jpg",326,400,false],"2048x2048":["https:\/\/www.ofm.hr\/koprivnica\/wp-content\/uploads\/2022\/02\/Kardinal_Alojzije_Stepinac.jpg",326,400,false],"qubely_landscape":["https:\/\/www.ofm.hr\/koprivnica\/wp-content\/uploads\/2022\/02\/Kardinal_Alojzije_Stepinac.jpg",326,400,false],"qubely_portrait":["https:\/\/www.ofm.hr\/koprivnica\/wp-content\/uploads\/2022\/02\/Kardinal_Alojzije_Stepinac-326x320.jpg",326,320,true],"qubely_thumbnail":["https:\/\/www.ofm.hr\/koprivnica\/wp-content\/uploads\/2022\/02\/Kardinal_Alojzije_Stepinac-140x100.jpg",140,100,true]},"post_excerpt_stackable_v2":"<p>10. velja\u010de 1960. godine umro je voljeni hrvatski bla\u017eenik kardinal Alojzije Stepinac. Dana 10. velja\u010de Katoli\u010dka crkva u Hrvatskoj slavi Stepin\u010devo jer je toga dana umro bla\u017eeni Alojzije Stepinac (sveci i bla\u017eenici Katoli\u010dke crkve slave se obi\u010dno na dan njihove smrti jer se smatra da je to ujedno dan njihova ro\u0111enja za Nebo). Bl. Alojzije Stepinac umro je 1960. godine u Kra\u0161i\u0107u, gdje je proveo zadnjih 8 godina \u017eivota. Posljednje rije\u010di tog voljenog hrvatskog bla\u017eenika bile su Fiat voluntas tua \u2013 Budi volja Tvoja! Prema svjedo\u010danstvu prisutnih, umro je u 14 sati i 15 minuta. Podsjetimo, za vrijeme ku\u0107nog pritvora&hellip;<\/p>\n","category_list_v2":"<a href=\"https:\/\/www.ofm.hr\/koprivnica\/category\/naslovna\/\" rel=\"category tag\">NASLOVNA<\/a>","author_info_v2":{"name":"Branko","url":"https:\/\/www.ofm.hr\/koprivnica\/author\/admkp8\/"},"comments_num_v2":"0 comments","_links":{"self":[{"href":"https:\/\/www.ofm.hr\/koprivnica\/wp-json\/wp\/v2\/posts\/10917","targetHints":{"allow":["GET"]}}],"collection":[{"href":"https:\/\/www.ofm.hr\/koprivnica\/wp-json\/wp\/v2\/posts"}],"about":[{"href":"https:\/\/www.ofm.hr\/koprivnica\/wp-json\/wp\/v2\/types\/post"}],"author":[{"embeddable":true,"href":"https:\/\/www.ofm.hr\/koprivnica\/wp-json\/wp\/v2\/users\/1"}],"replies":[{"embeddable":true,"href":"https:\/\/www.ofm.hr\/koprivnica\/wp-json\/wp\/v2\/comments?post=10917"}],"version-history":[{"count":2,"href":"https:\/\/www.ofm.hr\/koprivnica\/wp-json\/wp\/v2\/posts\/10917\/revisions"}],"predecessor-version":[{"id":10920,"href":"https:\/\/www.ofm.hr\/koprivnica\/wp-json\/wp\/v2\/posts\/10917\/revisions\/10920"}],"wp:featuredmedia":[{"embeddable":true,"href":"https:\/\/www.ofm.hr\/koprivnica\/wp-json\/wp\/v2\/media\/10918"}],"wp:attachment":[{"href":"https:\/\/www.ofm.hr\/koprivnica\/wp-json\/wp\/v2\/media?parent=10917"}],"wp:term":[{"taxonomy":"category","embeddable":true,"href":"https:\/\/www.ofm.hr\/koprivnica\/wp-json\/wp\/v2\/categories?post=10917"},{"taxonomy":"post_tag","embeddable":true,"href":"https:\/\/www.ofm.hr\/koprivnica\/wp-json\/wp\/v2\/tags?post=10917"}],"curies":[{"name":"wp","href":"https:\/\/api.w.org\/{rel}","templated":true}]}}