{"id":10923,"date":"2022-02-06T18:13:27","date_gmt":"2022-02-06T17:13:27","guid":{"rendered":"https:\/\/www.ofm.hr\/koprivnica\/?p=10923"},"modified":"2022-02-06T18:13:27","modified_gmt":"2022-02-06T17:13:27","slug":"sveta-skolastika","status":"publish","type":"post","link":"https:\/\/www.ofm.hr\/koprivnica\/sveta-skolastika\/","title":{"rendered":"<strong>Sveta Skolastika<\/strong>"},"content":{"rendered":"\n<p><strong>Sveta Skolastika<\/strong><\/p>\n\n\n\n<p><strong>djevica, redovnica, benediktinka<\/strong><\/p>\n\n\n\n<p><strong>( 480. &#8211; 547.)<\/strong><\/p>\n\n\n\n<p><strong>spomendan 9. velja\u010de<\/strong><\/p>\n\n\n\n<p>Njezino je ime u VI. stolje\u0107u bilo veoma \u010desto.<\/p>\n\n\n\n<p>Sa sigurno\u0161\u0107u znamo da je \u017eivjela bar nekoliko godina pred smrt u Monte Cassinu, u blizini slavnog samostana \u0161to ga je bio utemeljio njezin brat sv. Benedikt. Jedanput godi\u0161nje obi\u010davala bi posjetiti ga i s njime provoditi vrijeme u duhovnim razgovorima. Posljednji susret Benedikta i Skolastike opisao nam je sv. Grgur Veliki, papa: &#8220;Skolastika, sestra bla\u017eenog Benedikta, bila je od same djetinje dobi posve\u0107ena svemogu\u0107em Gospodinu. Ona je obi\u010dno dolazila k bratu jedanput na godinu, a Bo\u017eji je \u010dovjek silazio k njoj nedaleko izvan vrata, na samostanskom imanju. Jednog je dana ona po obi\u010daju do\u0161la a \u010dasni njen brat si\u0111e k njoj u pratnji u\u010denika.<\/p>\n\n\n\n<p>\u010citav su dan proveli u hvaljenju Boga i svetim razgovorima, a kad se spu\u0161tao no\u0107ni mrak, zajedno su blagovali hranu. Kako ih je, pak, u svetim razgovorima zatekao kasni sat, sveta ga koludrica zamoli: &#8216;Molim te, ne ostavljaj me no\u0107as, ve\u0107 razgovarajmo o radostima nebeskog \u017eivota sve do jutra.&#8217; On joj odvrati: &#8216;\u0160to to govori\u0161, sestro? Izvan \u0107elije ne mogu nikako ostati.&#8217; Sveta koludrica, \u010duv\u0161i bratovo odbijanje, sljubi ruke i polo\u017ei ih na stol pa spusti k rukama glavu da se pomoli svemogu\u0107em Gospodinu. A kad sa stola podi\u017ee glavu, navali sijevanje i grmljavina i pljusak ki\u0161e takvom \u017eestinom da nisu ni \u010dasni Benedikt a ni bra\u0107a od pratnje mogli nogom krenuti izvan praga mjesta gdje su sjedjeli. Tada se Bo\u017eji \u010dovjek rastu\u017een stade jadati: &#8216;Svemogu\u0107i ti se Bog smilovao, sestro: \u0161to si to u\u010dinila?&#8217; A ona \u0107e mu: &#8216;Eto, molila sam tebe, i nisi me htio \u010duti.<\/p>\n\n\n\n<p>Zamolila sam svoga Boga, i on me \u010duo. A sada, daj, izi\u0111i, ako mo\u017ee\u0161; ostavi me tu, pa se vrati u samostan!&#8217; A on, koji nije bio voljan ostati, osta ondje preko volje tako da su probdjeli svu no\u0107 i jedno drugo uzajamno hranili svetim razgovorima o duhovnom \u017eivotu. I nikakvo \u010dudo \u0161to je \u017eena bila valjanija od njega; jer, po onoj Ivanovoj: Bog je ljubav, sasma ispravno, vi\u0161e je mogla koja je vi\u0161e ljubila. I gle! Tri dana kasnije \u010dovjek je Bo\u017eji bio u \u0107eliji. I podigav\u0161i o\u010di uvis, vidje du\u0161u svoje sestre kako izlazi iz tijela i u obliku golubice prilazi nebeskim odajama. On se obradova tolikoj njezinoj slavi i zahvali svemogu\u0107em Bogu pjesmama i pohvalama; i posla bra\u0107u da joj tijelo donesu u samostan i polo\u017ee u grob \u0161to ga za se bija\u0161e pripravio.<br>I dogodi se da ni grob ne razdvoji tjelesa njih kojima je srce bilo uvijek u Gospodinu.&#8221;<\/p>\n","protected":false},"excerpt":{"rendered":"<p>Sveta Skolastika djevica, redovnica, benediktinka ( 480. &#8211; 547.) spomendan 9. velja\u010de Njezino je ime u VI. stolje\u0107u bilo veoma \u010desto. Sa sigurno\u0161\u0107u znamo da je \u017eivjela bar nekoliko godina pred smrt u Monte Cassinu, u blizini slavnog samostana \u0161to ga je bio utemeljio njezin brat sv. Benedikt. Jedanput godi\u0161nje obi\u010davala bi posjetiti ga i [&hellip;]<\/p>\n","protected":false},"author":1,"featured_media":10924,"comment_status":"closed","ping_status":"open","sticky":true,"template":"","format":"standard","meta":{"qubely_global_settings":"","qubely_interactions":"","footnotes":""},"categories":[154],"tags":[],"class_list":["post-10923","post","type-post","status-publish","format-standard","has-post-thumbnail","hentry","category-naslovna"],"blocksy_meta":{"styles_descriptor":{"styles":{"desktop":"","tablet":"","mobile":""},"google_fonts":[],"version":6}},"qubely_featured_image_url":{"full":["https:\/\/www.ofm.hr\/koprivnica\/wp-content\/uploads\/2022\/02\/9.2.-sv.-Skolastika.jpg",285,400,false],"landscape":["https:\/\/www.ofm.hr\/koprivnica\/wp-content\/uploads\/2022\/02\/9.2.-sv.-Skolastika.jpg",285,400,false],"portraits":["https:\/\/www.ofm.hr\/koprivnica\/wp-content\/uploads\/2022\/02\/9.2.-sv.-Skolastika-285x320.jpg",285,320,true],"thumbnail":["https:\/\/www.ofm.hr\/koprivnica\/wp-content\/uploads\/2022\/02\/9.2.-sv.-Skolastika-150x150.jpg",150,150,true],"medium":["https:\/\/www.ofm.hr\/koprivnica\/wp-content\/uploads\/2022\/02\/9.2.-sv.-Skolastika-214x300.jpg",214,300,true],"medium_large":["https:\/\/www.ofm.hr\/koprivnica\/wp-content\/uploads\/2022\/02\/9.2.-sv.-Skolastika.jpg",285,400,false],"large":["https:\/\/www.ofm.hr\/koprivnica\/wp-content\/uploads\/2022\/02\/9.2.-sv.-Skolastika.jpg",285,400,false],"1536x1536":["https:\/\/www.ofm.hr\/koprivnica\/wp-content\/uploads\/2022\/02\/9.2.-sv.-Skolastika.jpg",285,400,false],"2048x2048":["https:\/\/www.ofm.hr\/koprivnica\/wp-content\/uploads\/2022\/02\/9.2.-sv.-Skolastika.jpg",285,400,false],"qubely_landscape":["https:\/\/www.ofm.hr\/koprivnica\/wp-content\/uploads\/2022\/02\/9.2.-sv.-Skolastika.jpg",285,400,false],"qubely_portrait":["https:\/\/www.ofm.hr\/koprivnica\/wp-content\/uploads\/2022\/02\/9.2.-sv.-Skolastika-285x320.jpg",285,320,true],"qubely_thumbnail":["https:\/\/www.ofm.hr\/koprivnica\/wp-content\/uploads\/2022\/02\/9.2.-sv.-Skolastika-140x100.jpg",140,100,true]},"qubely_author":{"display_name":"Branko","author_link":"https:\/\/www.ofm.hr\/koprivnica\/author\/admkp8\/"},"qubely_comment":0,"qubely_category":"<a href=\"https:\/\/www.ofm.hr\/koprivnica\/category\/naslovna\/\" rel=\"category tag\">NASLOVNA<\/a>","qubely_excerpt":"Sveta Skolastika djevica, redovnica, benediktinka ( 480. &#8211; 547.) spomendan 9. velja\u010de Njezino je ime u VI. stolje\u0107u bilo veoma \u010desto. Sa sigurno\u0161\u0107u znamo da je \u017eivjela bar nekoliko godina pred smrt u Monte Cassinu, u blizini slavnog samostana \u0161to ga je bio utemeljio njezin brat sv. Benedikt. Jedanput godi\u0161nje obi\u010davala bi posjetiti ga i&hellip;","featured_image_urls_v2":{"full":["https:\/\/www.ofm.hr\/koprivnica\/wp-content\/uploads\/2022\/02\/9.2.-sv.-Skolastika.jpg",285,400,false],"thumbnail":["https:\/\/www.ofm.hr\/koprivnica\/wp-content\/uploads\/2022\/02\/9.2.-sv.-Skolastika-150x150.jpg",150,150,true],"medium":["https:\/\/www.ofm.hr\/koprivnica\/wp-content\/uploads\/2022\/02\/9.2.-sv.-Skolastika-214x300.jpg",214,300,true],"medium_large":["https:\/\/www.ofm.hr\/koprivnica\/wp-content\/uploads\/2022\/02\/9.2.-sv.-Skolastika.jpg",285,400,false],"large":["https:\/\/www.ofm.hr\/koprivnica\/wp-content\/uploads\/2022\/02\/9.2.-sv.-Skolastika.jpg",285,400,false],"1536x1536":["https:\/\/www.ofm.hr\/koprivnica\/wp-content\/uploads\/2022\/02\/9.2.-sv.-Skolastika.jpg",285,400,false],"2048x2048":["https:\/\/www.ofm.hr\/koprivnica\/wp-content\/uploads\/2022\/02\/9.2.-sv.-Skolastika.jpg",285,400,false],"qubely_landscape":["https:\/\/www.ofm.hr\/koprivnica\/wp-content\/uploads\/2022\/02\/9.2.-sv.-Skolastika.jpg",285,400,false],"qubely_portrait":["https:\/\/www.ofm.hr\/koprivnica\/wp-content\/uploads\/2022\/02\/9.2.-sv.-Skolastika-285x320.jpg",285,320,true],"qubely_thumbnail":["https:\/\/www.ofm.hr\/koprivnica\/wp-content\/uploads\/2022\/02\/9.2.-sv.-Skolastika-140x100.jpg",140,100,true]},"post_excerpt_stackable_v2":"<p>Sveta Skolastika djevica, redovnica, benediktinka ( 480. &#8211; 547.) spomendan 9. velja\u010de Njezino je ime u VI. stolje\u0107u bilo veoma \u010desto. Sa sigurno\u0161\u0107u znamo da je \u017eivjela bar nekoliko godina pred smrt u Monte Cassinu, u blizini slavnog samostana \u0161to ga je bio utemeljio njezin brat sv. Benedikt. Jedanput godi\u0161nje obi\u010davala bi posjetiti ga i s njime provoditi vrijeme u duhovnim razgovorima. Posljednji susret Benedikta i Skolastike opisao nam je sv. Grgur Veliki, papa: &#8220;Skolastika, sestra bla\u017eenog Benedikta, bila je od same djetinje dobi posve\u0107ena svemogu\u0107em Gospodinu. Ona je obi\u010dno dolazila k bratu jedanput na godinu, a Bo\u017eji je \u010dovjek&hellip;<\/p>\n","category_list_v2":"<a href=\"https:\/\/www.ofm.hr\/koprivnica\/category\/naslovna\/\" rel=\"category tag\">NASLOVNA<\/a>","author_info_v2":{"name":"Branko","url":"https:\/\/www.ofm.hr\/koprivnica\/author\/admkp8\/"},"comments_num_v2":"0 comments","_links":{"self":[{"href":"https:\/\/www.ofm.hr\/koprivnica\/wp-json\/wp\/v2\/posts\/10923","targetHints":{"allow":["GET"]}}],"collection":[{"href":"https:\/\/www.ofm.hr\/koprivnica\/wp-json\/wp\/v2\/posts"}],"about":[{"href":"https:\/\/www.ofm.hr\/koprivnica\/wp-json\/wp\/v2\/types\/post"}],"author":[{"embeddable":true,"href":"https:\/\/www.ofm.hr\/koprivnica\/wp-json\/wp\/v2\/users\/1"}],"replies":[{"embeddable":true,"href":"https:\/\/www.ofm.hr\/koprivnica\/wp-json\/wp\/v2\/comments?post=10923"}],"version-history":[{"count":1,"href":"https:\/\/www.ofm.hr\/koprivnica\/wp-json\/wp\/v2\/posts\/10923\/revisions"}],"predecessor-version":[{"id":10925,"href":"https:\/\/www.ofm.hr\/koprivnica\/wp-json\/wp\/v2\/posts\/10923\/revisions\/10925"}],"wp:featuredmedia":[{"embeddable":true,"href":"https:\/\/www.ofm.hr\/koprivnica\/wp-json\/wp\/v2\/media\/10924"}],"wp:attachment":[{"href":"https:\/\/www.ofm.hr\/koprivnica\/wp-json\/wp\/v2\/media?parent=10923"}],"wp:term":[{"taxonomy":"category","embeddable":true,"href":"https:\/\/www.ofm.hr\/koprivnica\/wp-json\/wp\/v2\/categories?post=10923"},{"taxonomy":"post_tag","embeddable":true,"href":"https:\/\/www.ofm.hr\/koprivnica\/wp-json\/wp\/v2\/tags?post=10923"}],"curies":[{"name":"wp","href":"https:\/\/api.w.org\/{rel}","templated":true}]}}