{"id":1093,"date":"2022-01-07T21:40:59","date_gmt":"2022-01-07T20:40:59","guid":{"rendered":"https:\/\/ofm.hr\/koprivnica-wp\/?p=1093"},"modified":"2022-01-07T21:40:59","modified_gmt":"2022-01-07T20:40:59","slug":"ix-podrucna-skola-za-animatore-2","status":"publish","type":"post","link":"https:\/\/www.ofm.hr\/koprivnica\/ix-podrucna-skola-za-animatore-2\/","title":{"rendered":"IX. podru\u010dna \u0161kola za animatore"},"content":{"rendered":"<p><img loading=\"lazy\" decoding=\"async\" style=\"display: block; margin-left: auto; margin-right: auto;\" src=\"images\/animatori.jpg\" alt=\"\" width=\"430\" height=\"287\" \/><\/p>\n<p>Ove godine, &scaron;kola animatora odr\u017eavala se u Vara\u017edinu, od 20. do 22. velja\u010de 2015. Ovo mi je osobno bila prva &scaron;kola animatora. Bilo je stvarno prelijepo. Na po\u010detku, kada sam sa jo&scaron; jednom frama&scaron;icom iz Koprivnice, Martinom &Scaron;iri\u0107, do&scaron;la tamo, bila sam jako zbunjena jer jo&scaron; nikoga nije bilo pa sam pomislila &#8220;ovo \u0107e biti dosadno&#8221;, no nakon &scaron;to su se svi skupili, tu &#8220;pretpostavku&#8221; sam odmah povukla. Odjedanput smo se svi po\u010deli grliti, razgovarati i smijati se, kao da se poznajemo jako puno godina, a neke sam, zapravo, tek tamo prvi puta upoznala. Ta tri dana bila su nam ispunjena razli\u010ditim i zanimljivim predavanjima, radovima po grupama, ve\u010dernjim i molitvenim programima, a bilo je i hrane . Svaki nam je dan zavr&scaron;io Euharistijskim slavljem i molitvom \u010dasoslova. Zadnji dan, u nedjelju, imali smo jutarnju molitvu, doru\u010dak, rad u skupinama, plenum, Euharistijsko slavlje i ru\u010dak. Nakon ru\u010dka morali smo se oprostiti jedni od drugih. Svi smo bili \u017ealosni &scaron;to je to tako kratko trajalo, ali smo se dogovorili da \u0107emo ostati&nbsp; u kontaktu.<\/p>\n<p>Jelena Huzjak<\/p>\n","protected":false},"excerpt":{"rendered":"<p>Ove godine, &scaron;kola animatora odr\u017eavala se u Vara\u017edinu, od 20. do 22. velja\u010de 2015. Ovo mi je osobno bila prva &scaron;kola animatora. Bilo je stvarno prelijepo. Na po\u010detku, kada sam sa jo&scaron; jednom frama&scaron;icom iz Koprivnice, Martinom &Scaron;iri\u0107, do&scaron;la tamo, bila sam jako zbunjena jer jo&scaron; nikoga nije bilo pa sam pomislila &#8220;ovo \u0107e biti [&hellip;]<\/p>\n","protected":false},"author":1,"featured_media":0,"comment_status":"open","ping_status":"open","sticky":true,"template":"","format":"standard","meta":{"qubely_global_settings":"","qubely_interactions":"","footnotes":""},"categories":[40],"tags":[],"class_list":["post-1093","post","type-post","status-publish","format-standard","hentry","category-frama"],"blocksy_meta":{"styles_descriptor":{"styles":{"desktop":"","tablet":"","mobile":""},"google_fonts":[],"version":6}},"qubely_featured_image_url":null,"qubely_author":{"display_name":"Branko","author_link":"https:\/\/www.ofm.hr\/koprivnica\/author\/admkp8\/"},"qubely_comment":0,"qubely_category":"<a href=\"https:\/\/www.ofm.hr\/koprivnica\/category\/frama\/\" rel=\"category tag\">FRAMA<\/a>","qubely_excerpt":"Ove godine, &scaron;kola animatora odr\u017eavala se u Vara\u017edinu, od 20. do 22. velja\u010de 2015. Ovo mi je osobno bila prva &scaron;kola animatora. Bilo je stvarno prelijepo. Na po\u010detku, kada sam sa jo&scaron; jednom frama&scaron;icom iz Koprivnice, Martinom &Scaron;iri\u0107, do&scaron;la tamo, bila sam jako zbunjena jer jo&scaron; nikoga nije bilo pa sam pomislila &#8220;ovo \u0107e biti&hellip;","featured_image_urls_v2":{"full":"","thumbnail":"","medium":"","medium_large":"","large":"","1536x1536":"","2048x2048":"","qubely_landscape":"","qubely_portrait":"","qubely_thumbnail":""},"post_excerpt_stackable_v2":"<p>Ove godine, &scaron;kola animatora odr\u017eavala se u Vara\u017edinu, od 20. do 22. velja\u010de 2015. Ovo mi je osobno bila prva &scaron;kola animatora. Bilo je stvarno prelijepo. Na po\u010detku, kada sam sa jo&scaron; jednom frama&scaron;icom iz Koprivnice, Martinom &Scaron;iri\u0107, do&scaron;la tamo, bila sam jako zbunjena jer jo&scaron; nikoga nije bilo pa sam pomislila &#8220;ovo \u0107e biti dosadno&#8221;, no nakon &scaron;to su se svi skupili, tu &#8220;pretpostavku&#8221; sam odmah povukla. Odjedanput smo se svi po\u010deli grliti, razgovarati i smijati se, kao da se poznajemo jako puno godina, a neke sam, zapravo, tek tamo prvi puta upoznala. Ta tri dana bila su nam&hellip;<\/p>\n","category_list_v2":"<a href=\"https:\/\/www.ofm.hr\/koprivnica\/category\/frama\/\" rel=\"category tag\">FRAMA<\/a>","author_info_v2":{"name":"Branko","url":"https:\/\/www.ofm.hr\/koprivnica\/author\/admkp8\/"},"comments_num_v2":"0 comments","_links":{"self":[{"href":"https:\/\/www.ofm.hr\/koprivnica\/wp-json\/wp\/v2\/posts\/1093","targetHints":{"allow":["GET"]}}],"collection":[{"href":"https:\/\/www.ofm.hr\/koprivnica\/wp-json\/wp\/v2\/posts"}],"about":[{"href":"https:\/\/www.ofm.hr\/koprivnica\/wp-json\/wp\/v2\/types\/post"}],"author":[{"embeddable":true,"href":"https:\/\/www.ofm.hr\/koprivnica\/wp-json\/wp\/v2\/users\/1"}],"replies":[{"embeddable":true,"href":"https:\/\/www.ofm.hr\/koprivnica\/wp-json\/wp\/v2\/comments?post=1093"}],"version-history":[{"count":1,"href":"https:\/\/www.ofm.hr\/koprivnica\/wp-json\/wp\/v2\/posts\/1093\/revisions"}],"predecessor-version":[{"id":10179,"href":"https:\/\/www.ofm.hr\/koprivnica\/wp-json\/wp\/v2\/posts\/1093\/revisions\/10179"}],"wp:attachment":[{"href":"https:\/\/www.ofm.hr\/koprivnica\/wp-json\/wp\/v2\/media?parent=1093"}],"wp:term":[{"taxonomy":"category","embeddable":true,"href":"https:\/\/www.ofm.hr\/koprivnica\/wp-json\/wp\/v2\/categories?post=1093"},{"taxonomy":"post_tag","embeddable":true,"href":"https:\/\/www.ofm.hr\/koprivnica\/wp-json\/wp\/v2\/tags?post=1093"}],"curies":[{"name":"wp","href":"https:\/\/api.w.org\/{rel}","templated":true}]}}