{"id":10937,"date":"2022-02-06T18:50:40","date_gmt":"2022-02-06T17:50:40","guid":{"rendered":"https:\/\/www.ofm.hr\/koprivnica\/?p=10937"},"modified":"2022-02-06T18:50:40","modified_gmt":"2022-02-06T17:50:40","slug":"franjevacki-svjetovni-red-ordo-franciscanus-saecularis-fsr-ofs-2","status":"publish","type":"post","link":"https:\/\/www.ofm.hr\/koprivnica\/franjevacki-svjetovni-red-ordo-franciscanus-saecularis-fsr-ofs-2\/","title":{"rendered":"Franjeva\u010dki svjetovni red \u2013 Ordo Franciscanus Saecularis (FSR-OFS):"},"content":{"rendered":"\n<p><\/p>\n\n\n\n<ul class=\"wp-block-list\" data-block-type=\"core\"><li>SVETI FRANJO ASI\u0160KI<\/li><\/ul>\n\n\n\n<p>(1182.-1226.) je istinski \u017eivio Evan\u0111elje u siroma\u0161tvu, poniznom predanju i pouzdanju u Boga, obilaze\u0107i i propovijedaju\u0107i Radosnu vijest Bo\u017ejemu puku<\/p>\n\n\n\n<ul class=\"wp-block-list\" data-block-type=\"core\"><li>Osnovao je tri reda:<ol start=\"1209\"><li>osniva Red manje bra\u0107e &#8211; Ordo fratrum minorum, kleri\u010dki red (prvi red)<\/li><\/ol><ol start=\"1212\"><li>osniva zajedno sa sv.Klarom \u017eensku granu reda Klarise (drugi red)<\/li><\/ol><ol start=\"1212\"><li>ra\u0111aju se prve ideje o FSRu, a 1221. napisano je prvo Pravilo FSRa (tre\u0107i red)<\/li><\/ol><\/li><li>Franjeva\u010dki svjetovni red (FSR):<\/li><li>\u010dlanovi FSRa su svjetovni franjevci<\/li><li>du\u017enost im je opslu\u017eivati Evan\u0111elje Gospodina na\u0161ega Isusa Krista,<\/li><\/ul>\n\n\n\n<p>slijede\u0107i primjer sv. Franje<\/p>\n\n\n\n<ul class=\"wp-block-list\" data-block-type=\"core\"><li>slijede\u0107i Krista kao dar O\u010deve ljubavi, put je koji nas vodi k Ocu i daje nam istinu u<\/li><\/ul>\n\n\n\n<p>koju nas uvodi Duh Sveti, daju\u0107i nam \u017eivot u izobilju, navje\u0161taju\u0107i Krista \u017eivotom i rije\u010dima<\/p>\n\n\n\n<ul class=\"wp-block-list\" data-block-type=\"core\"><li>\u010dlanovi FSRa:<\/li><li>se ispravno odnose prema zemaljskim dobrima, pojednostavljaju\u0107i svoje<\/li><\/ul>\n\n\n\n<p>materijalne potrebe<\/p>\n\n\n\n<ul class=\"wp-block-list\" data-block-type=\"core\"><li>u \u017eivotu promi\u010du pravednost u javnom \u017eivotu u skladu sa svojom vjerom,<\/li><\/ul>\n\n\n\n<p>oslobo\u0111eni te\u017enje za pohlepom posjedovanja i gospodarenja<\/p>\n\n\n\n<ul class=\"wp-block-list\" data-block-type=\"core\"><li>u svojoj obitelji \u017eive franjeva\u010dkim duhom mira, vjernosti i po\u0161tivanja \u017eivota<\/li><li>su nositelji mira, koji treba neprestano izgra\u0111ivati dijalogom, upotrebljavaju\u0107i<\/li><\/ul>\n\n\n\n<p>mo\u0107 ljubavi i opra\u0161tanja<\/p>\n\n\n\n<ul class=\"wp-block-list\" data-block-type=\"core\"><li>kao vjesnici veselja u svakoj prigodi drugima donose radost i nadu<\/li><li>rad smatraju darom sudjeluju\u0107i tako u slu\u017eenju ljudskoj zajednici<\/li><li>\u017eive u mjesnim, podru\u010dnim, nacionalnim i me\u0111unarodnim razinama bratstava,<\/li><\/ul>\n\n\n\n<p>po\u0161tivaju\u0107i Pravilo i generalne konstitucije FSRa<\/p>\n\n\n\n<ul class=\"wp-block-list\" data-block-type=\"core\"><li>Na\u0161a organizacija FSR-a:<\/li><\/ul>\n\n\n\n<p>Podijeljena je u skupine da bi aktivirali \u010dlanstvo prema sklonostima i darovima, te da ostvarimo bogatstvo zajedni\u0161tva, zatim da efikasnije ostvarujemo evan\u0111eoski \u017eivot po Pravilu FSR-a, nadalje da efikasnije planiramo i realiziramo zacrtane aktivnosti u FSR-u, te da imamo bujniji i plodonosniji \u017eivot. Koordinatori pojedinih skupina su \u010dlanovi Vije\u010da FSR-a:<\/p>\n\n\n\n<ul class=\"wp-block-list\" data-block-type=\"core\"><li>Franjin duh (zajedni\u010dka molitva, klanjanje, sviranje) &#8211; Ivan Mikor<\/li><\/ul>\n\n\n\n<p>(098\/249-289) i Ivan Tomi\u0107 (097\/7532-538)<\/p>\n\n\n\n<ul class=\"wp-block-list\" data-block-type=\"core\"><li>Franjino srce (gradnja i o\u010duvanje zajedni\u0161tva FSRa, posjete bolesnima i<\/li><\/ul>\n\n\n\n<p>odsutnima)- Jasna Huzjak (099\/5758-687)<\/p>\n\n\n\n<ul class=\"wp-block-list\" data-block-type=\"core\"><li>Franjina usta (komunikacija unutar FSRa i sa okru\u017eenjem) -Neven Magdi\u0107<\/li><\/ul>\n\n\n\n<p>&nbsp;&nbsp; (098\/249-414)<\/p>\n\n\n\n<ul class=\"wp-block-list\" data-block-type=\"core\"><li>Franjine ruke (potrebe unutar \u017eupe, pomo\u0107 potrebitima i pomo\u0107 kod<\/li><\/ul>\n\n\n\n<p>organizacije doga\u0111anja) &#8211; Janja Iki\u0107 (095\/530-0108)<\/p>\n\n\n\n<ul class=\"wp-block-list\" data-block-type=\"core\"><li>Franjine noge (organizacija hodo\u010da\u0161\u0107a) &#8211; Dejan Dini\u0107 (091\/5850-063)<\/li><li>Osnovne informacije:<\/li><li>Mjese\u010dna skup\u0161tina FSR-a: 1. utorak u mjesecu nakon sv. mise<\/li><li>Susret FSR-a: 3. utorak u mjesecu nakon sv. mise<\/li><li>Kontakt osobe za novake:<\/li><li>Marko Buni\u0107 &#8211; ministar (091\/5420-799), (marko.bunic@yahoo.com)<\/li><li>Dejan Dini\u0107 u\u010ditelj formacije (091\/5850-063),(dejan.dinic@podravka.hr)<\/li><\/ul>\n","protected":false},"excerpt":{"rendered":"<p>SVETI FRANJO ASI\u0160KI (1182.-1226.) je istinski \u017eivio Evan\u0111elje u siroma\u0161tvu, poniznom predanju i pouzdanju u Boga, obilaze\u0107i i propovijedaju\u0107i Radosnu vijest Bo\u017ejemu puku Osnovao je tri reda: osniva Red manje bra\u0107e &#8211; Ordo fratrum minorum, kleri\u010dki red (prvi red) osniva zajedno sa sv.Klarom \u017eensku granu reda Klarise (drugi red) ra\u0111aju se prve ideje o FSRu, [&hellip;]<\/p>\n","protected":false},"author":1,"featured_media":10900,"comment_status":"closed","ping_status":"open","sticky":false,"template":"","format":"standard","meta":{"qubely_global_settings":"","qubely_interactions":"","footnotes":""},"categories":[39],"tags":[],"class_list":["post-10937","post","type-post","status-publish","format-standard","has-post-thumbnail","hentry","category-fsr-ofs"],"blocksy_meta":{"styles_descriptor":{"styles":{"desktop":"","tablet":"","mobile":""},"google_fonts":[],"version":6}},"qubely_featured_image_url":{"full":["https:\/\/www.ofm.hr\/koprivnica\/wp-content\/uploads\/2022\/02\/fsrofm.jpg",386,406,false],"landscape":["https:\/\/www.ofm.hr\/koprivnica\/wp-content\/uploads\/2022\/02\/fsrofm.jpg",386,406,false],"portraits":["https:\/\/www.ofm.hr\/koprivnica\/wp-content\/uploads\/2022\/02\/fsrofm-386x320.jpg",386,320,true],"thumbnail":["https:\/\/www.ofm.hr\/koprivnica\/wp-content\/uploads\/2022\/02\/fsrofm-150x150.jpg",150,150,true],"medium":["https:\/\/www.ofm.hr\/koprivnica\/wp-content\/uploads\/2022\/02\/fsrofm-285x300.jpg",285,300,true],"medium_large":["https:\/\/www.ofm.hr\/koprivnica\/wp-content\/uploads\/2022\/02\/fsrofm.jpg",386,406,false],"large":["https:\/\/www.ofm.hr\/koprivnica\/wp-content\/uploads\/2022\/02\/fsrofm.jpg",386,406,false],"1536x1536":["https:\/\/www.ofm.hr\/koprivnica\/wp-content\/uploads\/2022\/02\/fsrofm.jpg",386,406,false],"2048x2048":["https:\/\/www.ofm.hr\/koprivnica\/wp-content\/uploads\/2022\/02\/fsrofm.jpg",386,406,false],"qubely_landscape":["https:\/\/www.ofm.hr\/koprivnica\/wp-content\/uploads\/2022\/02\/fsrofm.jpg",386,406,false],"qubely_portrait":["https:\/\/www.ofm.hr\/koprivnica\/wp-content\/uploads\/2022\/02\/fsrofm-386x320.jpg",386,320,true],"qubely_thumbnail":["https:\/\/www.ofm.hr\/koprivnica\/wp-content\/uploads\/2022\/02\/fsrofm-140x100.jpg",140,100,true]},"qubely_author":{"display_name":"Branko","author_link":"https:\/\/www.ofm.hr\/koprivnica\/author\/admkp8\/"},"qubely_comment":0,"qubely_category":"<a href=\"https:\/\/www.ofm.hr\/koprivnica\/category\/fsr-ofs\/\" rel=\"category tag\">FSR (OFS)<\/a>","qubely_excerpt":"SVETI FRANJO ASI\u0160KI (1182.-1226.) je istinski \u017eivio Evan\u0111elje u siroma\u0161tvu, poniznom predanju i pouzdanju u Boga, obilaze\u0107i i propovijedaju\u0107i Radosnu vijest Bo\u017ejemu puku Osnovao je tri reda: osniva Red manje bra\u0107e &#8211; Ordo fratrum minorum, kleri\u010dki red (prvi red) osniva zajedno sa sv.Klarom \u017eensku granu reda Klarise (drugi red) ra\u0111aju se prve ideje o FSRu,&hellip;","featured_image_urls_v2":{"full":["https:\/\/www.ofm.hr\/koprivnica\/wp-content\/uploads\/2022\/02\/fsrofm.jpg",386,406,false],"thumbnail":["https:\/\/www.ofm.hr\/koprivnica\/wp-content\/uploads\/2022\/02\/fsrofm-150x150.jpg",150,150,true],"medium":["https:\/\/www.ofm.hr\/koprivnica\/wp-content\/uploads\/2022\/02\/fsrofm-285x300.jpg",285,300,true],"medium_large":["https:\/\/www.ofm.hr\/koprivnica\/wp-content\/uploads\/2022\/02\/fsrofm.jpg",386,406,false],"large":["https:\/\/www.ofm.hr\/koprivnica\/wp-content\/uploads\/2022\/02\/fsrofm.jpg",386,406,false],"1536x1536":["https:\/\/www.ofm.hr\/koprivnica\/wp-content\/uploads\/2022\/02\/fsrofm.jpg",386,406,false],"2048x2048":["https:\/\/www.ofm.hr\/koprivnica\/wp-content\/uploads\/2022\/02\/fsrofm.jpg",386,406,false],"qubely_landscape":["https:\/\/www.ofm.hr\/koprivnica\/wp-content\/uploads\/2022\/02\/fsrofm.jpg",386,406,false],"qubely_portrait":["https:\/\/www.ofm.hr\/koprivnica\/wp-content\/uploads\/2022\/02\/fsrofm-386x320.jpg",386,320,true],"qubely_thumbnail":["https:\/\/www.ofm.hr\/koprivnica\/wp-content\/uploads\/2022\/02\/fsrofm-140x100.jpg",140,100,true]},"post_excerpt_stackable_v2":"<p>SVETI FRANJO ASI\u0160KI (1182.-1226.) je istinski \u017eivio Evan\u0111elje u siroma\u0161tvu, poniznom predanju i pouzdanju u Boga, obilaze\u0107i i propovijedaju\u0107i Radosnu vijest Bo\u017ejemu puku Osnovao je tri reda:osniva Red manje bra\u0107e &#8211; Ordo fratrum minorum, kleri\u010dki red (prvi red)osniva zajedno sa sv.Klarom \u017eensku granu reda Klarise (drugi red)ra\u0111aju se prve ideje o FSRu, a 1221. napisano je prvo Pravilo FSRa (tre\u0107i red)Franjeva\u010dki svjetovni red (FSR):\u010dlanovi FSRa su svjetovni franjevcidu\u017enost im je opslu\u017eivati Evan\u0111elje Gospodina na\u0161ega Isusa Krista, slijede\u0107i primjer sv. Franje slijede\u0107i Krista kao dar O\u010deve ljubavi, put je koji nas vodi k Ocu i daje nam istinu u koju nas&hellip;<\/p>\n","category_list_v2":"<a href=\"https:\/\/www.ofm.hr\/koprivnica\/category\/fsr-ofs\/\" rel=\"category tag\">FSR (OFS)<\/a>","author_info_v2":{"name":"Branko","url":"https:\/\/www.ofm.hr\/koprivnica\/author\/admkp8\/"},"comments_num_v2":"0 comments","_links":{"self":[{"href":"https:\/\/www.ofm.hr\/koprivnica\/wp-json\/wp\/v2\/posts\/10937","targetHints":{"allow":["GET"]}}],"collection":[{"href":"https:\/\/www.ofm.hr\/koprivnica\/wp-json\/wp\/v2\/posts"}],"about":[{"href":"https:\/\/www.ofm.hr\/koprivnica\/wp-json\/wp\/v2\/types\/post"}],"author":[{"embeddable":true,"href":"https:\/\/www.ofm.hr\/koprivnica\/wp-json\/wp\/v2\/users\/1"}],"replies":[{"embeddable":true,"href":"https:\/\/www.ofm.hr\/koprivnica\/wp-json\/wp\/v2\/comments?post=10937"}],"version-history":[{"count":1,"href":"https:\/\/www.ofm.hr\/koprivnica\/wp-json\/wp\/v2\/posts\/10937\/revisions"}],"predecessor-version":[{"id":10938,"href":"https:\/\/www.ofm.hr\/koprivnica\/wp-json\/wp\/v2\/posts\/10937\/revisions\/10938"}],"wp:featuredmedia":[{"embeddable":true,"href":"https:\/\/www.ofm.hr\/koprivnica\/wp-json\/wp\/v2\/media\/10900"}],"wp:attachment":[{"href":"https:\/\/www.ofm.hr\/koprivnica\/wp-json\/wp\/v2\/media?parent=10937"}],"wp:term":[{"taxonomy":"category","embeddable":true,"href":"https:\/\/www.ofm.hr\/koprivnica\/wp-json\/wp\/v2\/categories?post=10937"},{"taxonomy":"post_tag","embeddable":true,"href":"https:\/\/www.ofm.hr\/koprivnica\/wp-json\/wp\/v2\/tags?post=10937"}],"curies":[{"name":"wp","href":"https:\/\/api.w.org\/{rel}","templated":true}]}}