{"id":11010,"date":"2022-02-19T21:35:16","date_gmt":"2022-02-19T20:35:16","guid":{"rendered":"https:\/\/www.ofm.hr\/koprivnica\/?p=11010"},"modified":"2022-02-19T21:35:17","modified_gmt":"2022-02-19T20:35:17","slug":"sinodalni-hod-zelite-drukciju-crkvu-evo-prilike-da-se-i-vas-glas-cuje","status":"publish","type":"post","link":"https:\/\/www.ofm.hr\/koprivnica\/sinodalni-hod-zelite-drukciju-crkvu-evo-prilike-da-se-i-vas-glas-cuje\/","title":{"rendered":"SINODALNI HOD \u017delite druk\u010diju Crkvu? Evo prilike da se i va\u0161 glas \u010duje"},"content":{"rendered":"\n<p class=\"has-drop-cap\">Kakvu Crkvu \u017eelimo? U kojem smjeru ona treba i\u0107i? Tko je izostavljen, tko se nalazi na njezinim marginama? \u010ciji se glas ne \u010duje? \u0160to vjernicima, ali i kleru smeta, \u0161to se mo\u017ee i treba pobolj\u0161ati? Pitanja su to, samo neka od njih, na koja \u0107e Katoli\u010dka Crkva tra\u017eiti odgovor na dvogodi\u0161njem sinodalnom hodu na koji je krenula u listopad 2021., a s njome i na\u0161a biskupija. Sinoda za Crkvu nije novost, ali je ova na koju je tek krenula, ocjenjuju teolozi, najva\u017eniji doga\u0111aj nakon Drugog vatikanskog koncila. Prvi je to put u dvije tisu\u0107e godina povijesti Crkve da je cijeli Bo\u017eji narod pozvan sudjelovati u sinodi. Nije nepoznanica da je Crkva \u010desto na meti kritika i to ne samo izvana, ve\u0107 i iznutra. Neistomi\u0161ljeni\u0161tvo se ponekad javlja kako me\u0111u klerom, tako i me\u0111u vjernicima. Mnogi \u0107e re\u0107i da Crkvu treba promijeniti, da u pojedinim situacijama ona ne odgovara aktualnom trenutku i svemu \u0161to se u svijetu doga\u0111a. Zato \u0107e se tijekom sinode upravo o tome razmi\u0161ljati kao i o izazovima s kojima se Crkva suo\u010dava i to na vrlo konkretnoj, osobnoj i pojedina\u010dnoj razini.<\/p>\n\n\n\n<p><strong>U Crkvi \u2018kao doma\u2019<\/strong><\/p>\n\n\n\n<p>Upravo je sinodalni hod jedinstvena prilika, \u2018ne za drugu Crkvu, ve\u0107 druk\u010diju\u2019, \u2018Crkvu slu\u017eenja u ljubavi, u kojoj se svi osje\u0107aju \u2018kao doma\u2019, koja je mjesto za sve i koja je svima blizu\u2019. Prilika je to u kojoj i vjernici u punoj slobodi mogu i trebaju iznijeti svoja promi\u0161ljanja, dati konstruktivne prijedloge i iznijeti ono na \u010demu bi trebalo poraditi. Cilj je sinode oslu\u0161kivati i \u010duti. Svaki sinodalni proces, nagla\u0161eno je u pripremnom dokumentu za sinodu, u kojem su biskupi pozvani razabrati \u0161to Duh Sveti govori Crkvi, ne sami, nego slu\u0161aju\u0107i Bo\u017eji narod, o\u010diti je oblik zajedni\u010dkog hoda kojim Crkva raste. Smisao puta na kojeg su svi pozvani prije svega je otkrivanje lica i oblika sinodalne Crkve u kojoj \u2018svatko ima ne\u0161to za nau\u010diti\u2019.<\/p>\n\n\n\n<p>Nakon formalnog otvaranja sinodalnog puta, u korizmenom vremenu i vjernici \u0107e mo\u0107i iznositi svoja promi\u0161ljanja i to na vrlo konkretan na\u010din. Za taj dio puta bit \u0107e pripremljen Upitnik za biskupijsko savjetovanje. Tajni\u0161tvo Biskupijske sinode u Vatikanu predlo\u017eilo je deset tema, a u upitnik \u0107e tako\u0111er u\u0107i i teme posebne za pojedinu biskupiju. U procesu zajedni\u010dkog hoda oslu\u0161kivat \u0107e se kako \u0161to bolje i \u0161to autenti\u010dnije provesti to savjetovanje, a sam upitnik bit \u0107e objavljen i na mre\u017enim stranicama Vara\u017edinske biskupije. Po zavr\u0161etku procesa biskupijskog savjetovanja bit \u0107e pripremljen sa\u017eetak koji \u0107e biti poslan na vi\u0161u razinu.<\/p>\n\n\n\n<p><strong>Tko je na marginama?<\/strong><\/p>\n\n\n\n<p>Kod prve teme pod nazivom \u2018<strong>suputnici\u2019<\/strong> promi\u0161ljat \u0107e se o tome \u2018tko su u mjesnoj Crkvi oni koji \u2018kro\u010de zajedno\u2019? Na koga se misli kada se ka\u017ee \u2018na\u0161a Crkva\u2019? Tko tra\u017ei od nas da hodimo zajedno? Tko su suputnici, a u to su tako\u0111er uklju\u010deni i oni izvan crkvenoga kruga. Velika pa\u017enja usmjerit \u0107e se i na odgovor na pitanje koji su ljudi ili skupine ostavljeni na margini, metafori\u010dki ili doslovno?<\/p>\n\n\n\n<p>Drugi je korak ili tema \u2018<strong>oslu\u0161kivati\u2019<\/strong>. Slu\u0161anje je prvi korak, ali, nagla\u0161eno je u Pripremnom dokumentu, zahtijeva otvoren um i srce, bez predrasud\u00e2. Najva\u017enija pitanja ove teme su koga je partikularna Crkva \u2018du\u017ena oslu\u0161kivati\u2019? Razmi\u0161ljat \u0107e se o tome kako se slu\u0161a laike, napose mlade i \u017eene? Kako integriramo doprinos posve\u0107enih \u017eena i mu\u0161karaca? Koji prostor ima glas manjina, odba\u010denih i isklju\u010denih? Mo\u017eemo li prepoznati predrasude i stereotipe koji ometaju slu\u0161anje? Kako oslu\u0161kujemo dru\u0161tveni i kulturni kontekst u kojem \u017eivimo?<\/p>\n\n\n\n<p>Tre\u0107i je korak sinodalnog hoda \u2018<strong>uzeti rije\u010d\u2019<\/strong>. Svi su pozvani govoriti hrabro \u2018sve bez ustru\u010davanja\u2019. U tom \u0107e se kontekstu propitivati kako Crkva promi\u010de slobodan i vjerodostojan stil komunikacije unutar zajednice i njezinih tijela, bez dvoli\u010dnosti i oportunizama, a kako u odnosu na dru\u0161tvo kojem pripada? Propitivat \u0107e se tako\u0111er i odnos sa svim medijima, ne samo katoli\u010dkim kao i tko govori u ime kr\u0161\u0107anske zajednice i kako ga se bira?<\/p>\n\n\n\n<p>\u010cetvrti je korak sinodalnog hoda \u2018<strong>slaviti\u2019<\/strong>. U njemu \u0107e se propitivati kako molitva i liturgijsko slavlje zapravo nadahnjuju i vode zajedni\u010dki hod? Kako nadahnjuju najva\u017enije odluke? Kako se promi\u010de aktivno sudjelovanje svih vjernika u liturgiji i vr\u0161enju zada\u0107e posve\u0107ivanja? Koliki se prostor daje vr\u0161enju slu\u017ebi lektorata i akolitata?<\/p>\n\n\n\n<p>Peti korak podrazumijeva da su svi suodgovorni u <strong>poslanju<\/strong>. Pri tom je nagla\u0161eno da su svi \u010dlanovi Crkve pozvani sudjelovati u sinodi te kao takvi trebaju otkriti na koji su na\u010din pozvani biti protagonisti poslanja. Me\u0111u ostalim, u ovoj \u0107e se temi razlu\u010divati o integriranju i prilago\u0111avanju razli\u010ditih tradicija vezanih uz sinodalan na\u010din. Promatrat \u0107e se kako funkcionira suradnja na podru\u010djima gdje postoje razli\u010dite samosvojne Crkve?<\/p>\n\n\n\n<p><strong>Kako se Crkva nosi s razli\u010ditostima?<\/strong><\/p>\n\n\n\n<p>Unutar sljede\u0107e teme razmi\u0161ljat \u0107e se <strong>o dijalogu u Crkvi i u dru\u0161tvu<\/strong>. Va\u017ean \u0107e se naglasak staviti na to kako se u Crkvi nosi s razlikama u pogledima, sukobljavanjima, te\u0161ko\u0107ama? Kako se promi\u010de suradnja sa susjednim biskupijama, redovni\u010dkim zajednicama, me\u0111u lai\u010dkim udrugama i pokretima? Kakva iskustva dijaloga i zajedni\u010dkoga zalaganja pronosimo s vjernicima drugih religija i onima koji ne vjeruju? Kako Crkva vodi dijalog i u\u010di od drugih dru\u0161tvenih instanci: svijeta politike, ekonomije, kulture, civilnog dru\u0161tva, siroma\u0161nih\u2026?<\/p>\n\n\n\n<p>U sljede\u0107oj temi promi\u0161ljat \u0107e se <strong>o dijalogu i odnosu s drugim kr\u0161\u0107anskim vjeroispovijestima<\/strong>. Va\u017eno je i poglavlje vlasti i sudjelovanja u Crkvi.<\/p>\n\n\n\n<p>\u2014 Kako se utvr\u0111uju ciljevi koje se \u017eeli posti\u0107i, na\u010din na koji ih se mo\u017ee posti\u0107i i korake koje treba poduzeti? Kako se obna\u0161a vlast u partikularnoj Crkvi? Kako se provodi u djelo timski rad i suodgovornost? Kako se promi\u010du lai\u010dke slu\u017ebe i preuzimanje odgovornosti od strane vjernik\u00e2? Kako funkcioniraju tijel\u00e2 sinodalnosti na razini partikularne Crkve? Predstavljaju li plodno iskustvo? \u2013 bit \u0107e neka od pitanja unutar ove teme.<\/p>\n\n\n\n<p>Vrlo je va\u017ena i tema razlu\u010divanja i odlu\u010divanja prilikom koje \u0107e se odgovarati na pitanja kako se donose odluke unutar Crkve, kako se mo\u017ee <strong>pobolj\u0161ati na\u010din dono\u0161enja odluka<\/strong>?<\/p>\n\n\n\n<p>Posljednja, deseta tema bavit \u0107e se \u2018<strong>odgojem za sinodalnost\u2019<\/strong>. Unutar okvira te teme razgovarat \u0107e se o tome \u2018kako se odgajaju osobe, osobito one na odgovornim mjestima u kr\u0161\u0107anskoj zajednici, kako bi ih se u\u010dinilo sposobnijima za zajedni\u010dki hod, uzajamno slu\u0161anje i dijalog? Koji se odgoj i izobrazba nudi za razlu\u010divanje i obna\u0161anje vlasti? Koja oru\u0111a poma\u017eu tuma\u010diti dinamike kulture u koju je Crkva uronjena i njihov utjecaj na na\u0161 stil Crkve\u2019? Ovim temama, kako je ve\u0107 i nazna\u010deno, pridru\u017eit \u0107e se i sva ona \u2018lokalna\u2019 pitanja koja \u0107e vjernici Vara\u017edinske biskupije predlo\u017eiti te \u0107e se i na njima raditi.<\/p>\n\n\n\n<p>Dodajmo i da \u0107e sinodalni hod u svim biskupijama Katoli\u010dke Crkve, pa tako i u na\u0161oj, trajati do travnja 2022. godine. Nakon toga \u0107e biti nastavljen na razini Europe, a vrhunac ovog sinodalnog hoda bit \u0107e zasjedanje XVI. redovne op\u0107e skup\u0161tine Biskupske sinode u listopadu 2023. u Rimu. Papa Franjo poziva i poti\u010de cijelu Crkvu da se propitkuje o odlu\u010dnoj temi za njezin \u017eivot i njezino poslanje isti\u010du\u0107i da je \u2018upravo put sinodalnosti put koji Bog o\u010dekuje od Crkve tre\u0107eg tisu\u0107lje\u0107a\u2019.<\/p>\n","protected":false},"excerpt":{"rendered":"<p>Kakvu Crkvu \u017eelimo? U kojem smjeru ona treba i\u0107i? Tko je izostavljen, tko se nalazi na njezinim marginama? \u010ciji se glas ne \u010duje? \u0160to vjernicima, ali i kleru smeta, \u0161to se mo\u017ee i treba pobolj\u0161ati? Pitanja su to, samo neka od njih, na koja \u0107e Katoli\u010dka Crkva tra\u017eiti odgovor na dvogodi\u0161njem sinodalnom hodu na koji [&hellip;]<\/p>\n","protected":false},"author":1,"featured_media":0,"comment_status":"closed","ping_status":"open","sticky":true,"template":"","format":"standard","meta":{"qubely_global_settings":"","qubely_interactions":"","footnotes":""},"categories":[154],"tags":[],"class_list":["post-11010","post","type-post","status-publish","format-standard","hentry","category-naslovna"],"blocksy_meta":{"styles_descriptor":{"styles":{"desktop":"","tablet":"","mobile":""},"google_fonts":[],"version":6}},"qubely_featured_image_url":null,"qubely_author":{"display_name":"Branko","author_link":"https:\/\/www.ofm.hr\/koprivnica\/author\/admkp8\/"},"qubely_comment":0,"qubely_category":"<a href=\"https:\/\/www.ofm.hr\/koprivnica\/category\/naslovna\/\" rel=\"category tag\">NASLOVNA<\/a>","qubely_excerpt":"Kakvu Crkvu \u017eelimo? U kojem smjeru ona treba i\u0107i? Tko je izostavljen, tko se nalazi na njezinim marginama? \u010ciji se glas ne \u010duje? \u0160to vjernicima, ali i kleru smeta, \u0161to se mo\u017ee i treba pobolj\u0161ati? Pitanja su to, samo neka od njih, na koja \u0107e Katoli\u010dka Crkva tra\u017eiti odgovor na dvogodi\u0161njem sinodalnom hodu na koji&hellip;","featured_image_urls_v2":{"full":"","thumbnail":"","medium":"","medium_large":"","large":"","1536x1536":"","2048x2048":"","qubely_landscape":"","qubely_portrait":"","qubely_thumbnail":""},"post_excerpt_stackable_v2":"<p>Kakvu Crkvu \u017eelimo? U kojem smjeru ona treba i\u0107i? Tko je izostavljen, tko se nalazi na njezinim marginama? \u010ciji se glas ne \u010duje? \u0160to vjernicima, ali i kleru smeta, \u0161to se mo\u017ee i treba pobolj\u0161ati? Pitanja su to, samo neka od njih, na koja \u0107e Katoli\u010dka Crkva tra\u017eiti odgovor na dvogodi\u0161njem sinodalnom hodu na koji je krenula u listopad 2021., a s njome i na\u0161a biskupija. Sinoda za Crkvu nije novost, ali je ova na koju je tek krenula, ocjenjuju teolozi, najva\u017eniji doga\u0111aj nakon Drugog vatikanskog koncila. Prvi je to put u dvije tisu\u0107e godina povijesti Crkve da je cijeli&hellip;<\/p>\n","category_list_v2":"<a href=\"https:\/\/www.ofm.hr\/koprivnica\/category\/naslovna\/\" rel=\"category tag\">NASLOVNA<\/a>","author_info_v2":{"name":"Branko","url":"https:\/\/www.ofm.hr\/koprivnica\/author\/admkp8\/"},"comments_num_v2":"0 comments","_links":{"self":[{"href":"https:\/\/www.ofm.hr\/koprivnica\/wp-json\/wp\/v2\/posts\/11010","targetHints":{"allow":["GET"]}}],"collection":[{"href":"https:\/\/www.ofm.hr\/koprivnica\/wp-json\/wp\/v2\/posts"}],"about":[{"href":"https:\/\/www.ofm.hr\/koprivnica\/wp-json\/wp\/v2\/types\/post"}],"author":[{"embeddable":true,"href":"https:\/\/www.ofm.hr\/koprivnica\/wp-json\/wp\/v2\/users\/1"}],"replies":[{"embeddable":true,"href":"https:\/\/www.ofm.hr\/koprivnica\/wp-json\/wp\/v2\/comments?post=11010"}],"version-history":[{"count":1,"href":"https:\/\/www.ofm.hr\/koprivnica\/wp-json\/wp\/v2\/posts\/11010\/revisions"}],"predecessor-version":[{"id":11011,"href":"https:\/\/www.ofm.hr\/koprivnica\/wp-json\/wp\/v2\/posts\/11010\/revisions\/11011"}],"wp:attachment":[{"href":"https:\/\/www.ofm.hr\/koprivnica\/wp-json\/wp\/v2\/media?parent=11010"}],"wp:term":[{"taxonomy":"category","embeddable":true,"href":"https:\/\/www.ofm.hr\/koprivnica\/wp-json\/wp\/v2\/categories?post=11010"},{"taxonomy":"post_tag","embeddable":true,"href":"https:\/\/www.ofm.hr\/koprivnica\/wp-json\/wp\/v2\/tags?post=11010"}],"curies":[{"name":"wp","href":"https:\/\/api.w.org\/{rel}","templated":true}]}}