{"id":11026,"date":"2022-02-27T14:11:55","date_gmt":"2022-02-27T13:11:55","guid":{"rendered":"https:\/\/www.ofm.hr\/koprivnica\/?p=11026"},"modified":"2022-02-27T14:20:09","modified_gmt":"2022-02-27T13:20:09","slug":"raspored-sv-misa-za-ovaj-tjedan","status":"publish","type":"post","link":"https:\/\/www.ofm.hr\/koprivnica\/raspored-sv-misa-za-ovaj-tjedan\/","title":{"rendered":"Raspored sv. misa za ovaj tjedan"},"content":{"rendered":"\n<figure class=\"wp-block-table is-style-stripes\" data-block-type=\"core\"><table><tbody><tr><td>DATUM <strong>&nbsp;<\/strong><\/td><td><strong>&nbsp;<\/strong> <strong>DAN<\/strong><strong><\/strong><\/td><td><strong>&nbsp;<\/strong> <strong>MISNA INTENCIJA<\/strong><strong><\/strong><\/td><td>SAT<\/td><\/tr><tr><td>&nbsp; &nbsp; &nbsp; 27. II. 2022.<\/td><td>&nbsp; <strong><em>&nbsp;<\/em><\/strong> <strong><em>&nbsp;<\/em><\/strong> <strong><em>8. nedjelja kroz godinu<\/em><\/strong><strong><em><\/em><\/strong><\/td><td>+ Mijo Ivkovi\u0107 <em>&nbsp;<\/em> <br>\u017dUPNA &nbsp; <br>+ Velimir Hreni\u0107 &nbsp; <br>+ Zvonko Vuk i Katica Ciglar<\/td><td>7 &nbsp; <br>9,30 &nbsp; <br>11,30 &nbsp; <br>18,30<\/td><\/tr><tr><td>&nbsp; 28. II. 2022.<\/td><td><em>&nbsp;<\/em> <strong><em>PONEDJELJAK<\/em><\/strong> <strong><em>&nbsp;<\/em><\/strong> <em>Roman<\/em><\/td><td>+ Franca i Melkior Hreni\u0107 &nbsp; <br>+ Milan i ob. Renduli\u0107, Sabljak, Begovi\u0107, Androti\u0107 i za mir<\/td><td>7<br> &nbsp; &nbsp; <br>18,30<\/td><\/tr><tr><td>&nbsp; 01. III. 2022.<\/td><td>UTORAK <em>&nbsp;<\/em> <em>Albin<\/em><\/td><td>+ Zvonko i Bara Bari\u0107 &nbsp; &nbsp; <br>+ Vladimir \u0160ajkovi\u0107<\/td><td>7 &nbsp; &nbsp; <br>18,30<\/td><\/tr><tr><td>&nbsp; 02. III. 2022.<\/td><td>SRIJEDA <em>&nbsp;<\/em> <strong><em>PEPELNICA<\/em><\/strong><\/td><td>+ Vinko i \u0110ur\u0111a Tumpa &nbsp; &nbsp; <br>+ ob. Ladan i Jelica i za du\u0161e u \u010distili\u0161tu<\/td><td>7 &nbsp; &nbsp; <br>18,30<\/td><\/tr><tr><td>&nbsp; 03. III. 2022.<\/td><td>\u010cETVRTAK &nbsp; <em>Marinko<\/em><\/td><td>za zdravlje Alena &nbsp; &nbsp; <br>+ Stjepan Ivanda i Boris \u0160trkalj<\/td><td>7 &nbsp; &nbsp; <br>18,30<\/td><\/tr><tr><td>&nbsp; 04. III. 2022.<\/td><td>PETAK <em>Kazimir<\/em> <em>&nbsp;<\/em><\/td><td>+ Vinko \u0160ambula &nbsp; &nbsp; <br>+ Katica, \u0110uro i ob. \u010ci\u010dkar, \u0160ijak, Hero i za du\u0161e u \u010distili\u0161tu &nbsp;<\/td><td>7 &nbsp; &nbsp; <br><br>18,30<\/td><\/tr><tr><td>&nbsp; 05. III. 2022.<\/td><td>SUBOTA <em>Lucije<\/em> <em>&nbsp;<\/em><\/td><td>za zdravlje jedne bolesnice &nbsp; &nbsp; <br>+ Marica i \u0110uro Lovren\u010di\u0107&nbsp;<\/td><td>7 &nbsp; &nbsp; <br>18,30<\/td><\/tr><tr><td><em>&nbsp;<\/em> <em>&nbsp;<\/em> <em>&nbsp;<\/em> 06. III. 2022.<\/td><td><strong><em>&nbsp;<\/em><\/strong> <strong><em>&nbsp;<\/em><\/strong> <strong><em>&nbsp;<\/em><\/strong> <strong><em>1. korizmena nedjelja<\/em><\/strong><\/td><td>+ ob. Flegari\u0107 i Jurenec <em>&nbsp;<\/em> <br>\u017dUPNA &nbsp; <br>+ Stjepan, Jelica, Martin i Ivka \u0160kutin &nbsp; <br>+ Kre\u0161imir Vajdi\u0107<\/td><td>7 &nbsp; <br>9,30 &nbsp; <br>11,30 &nbsp; 18,30<\/td><\/tr><\/tbody><\/table><\/figure>\n","protected":false},"excerpt":{"rendered":"<p>DATUM &nbsp; &nbsp; DAN &nbsp; MISNA INTENCIJA SAT &nbsp; &nbsp; &nbsp; 27. II. 2022. &nbsp; &nbsp; &nbsp; 8. nedjelja kroz godinu + Mijo Ivkovi\u0107 &nbsp; \u017dUPNA &nbsp; + Velimir Hreni\u0107 &nbsp; + Zvonko Vuk i Katica Ciglar 7 &nbsp; 9,30 &nbsp; 11,30 &nbsp; 18,30 &nbsp; 28. II. 2022. &nbsp; PONEDJELJAK &nbsp; Roman + Franca i [&hellip;]<\/p>\n","protected":false},"author":1,"featured_media":0,"comment_status":"closed","ping_status":"open","sticky":false,"template":"","format":"standard","meta":{"qubely_global_settings":"","qubely_interactions":"","footnotes":""},"categories":[154],"tags":[],"class_list":["post-11026","post","type-post","status-publish","format-standard","hentry","category-naslovna"],"blocksy_meta":{"styles_descriptor":{"styles":{"desktop":"","tablet":"","mobile":""},"google_fonts":[],"version":6}},"qubely_featured_image_url":null,"qubely_author":{"display_name":"Branko","author_link":"https:\/\/www.ofm.hr\/koprivnica\/author\/admkp8\/"},"qubely_comment":0,"qubely_category":"<a href=\"https:\/\/www.ofm.hr\/koprivnica\/category\/naslovna\/\" rel=\"category tag\">NASLOVNA<\/a>","qubely_excerpt":"DATUM &nbsp; &nbsp; DAN &nbsp; MISNA INTENCIJA SAT &nbsp; &nbsp; &nbsp; 27. II. 2022. &nbsp; &nbsp; &nbsp; 8. nedjelja kroz godinu + Mijo Ivkovi\u0107 &nbsp; \u017dUPNA &nbsp; + Velimir Hreni\u0107 &nbsp; + Zvonko Vuk i Katica Ciglar 7 &nbsp; 9,30 &nbsp; 11,30 &nbsp; 18,30 &nbsp; 28. II. 2022. &nbsp; PONEDJELJAK &nbsp; Roman + Franca i&hellip;","featured_image_urls_v2":{"full":"","thumbnail":"","medium":"","medium_large":"","large":"","1536x1536":"","2048x2048":"","qubely_landscape":"","qubely_portrait":"","qubely_thumbnail":""},"post_excerpt_stackable_v2":"<p>DATUM &nbsp;&nbsp; DAN&nbsp; MISNA INTENCIJASAT&nbsp; &nbsp; &nbsp; 27. II. 2022.&nbsp; &nbsp; &nbsp; 8. nedjelja kroz godinu+ Mijo Ivkovi\u0107 &nbsp; \u017dUPNA &nbsp; + Velimir Hreni\u0107 &nbsp; + Zvonko Vuk i Katica Ciglar7 &nbsp; 9,30 &nbsp; 11,30 &nbsp; 18,30&nbsp; 28. II. 2022.&nbsp; PONEDJELJAK &nbsp; Roman+ Franca i Melkior Hreni\u0107 &nbsp; + Milan i ob. Renduli\u0107, Sabljak, Begovi\u0107, Androti\u0107 i za mir7 &nbsp; &nbsp; 18,30&nbsp; 01. III. 2022.UTORAK &nbsp; Albin+ Zvonko i Bara Bari\u0107 &nbsp; &nbsp; + Vladimir \u0160ajkovi\u01077 &nbsp; &nbsp; 18,30&nbsp; 02. III. 2022.SRIJEDA &nbsp; PEPELNICA+ Vinko i \u0110ur\u0111a Tumpa &nbsp; &nbsp; + ob. Ladan i Jelica i za du\u0161e u \u010distili\u0161tu7&hellip;<\/p>\n","category_list_v2":"<a href=\"https:\/\/www.ofm.hr\/koprivnica\/category\/naslovna\/\" rel=\"category tag\">NASLOVNA<\/a>","author_info_v2":{"name":"Branko","url":"https:\/\/www.ofm.hr\/koprivnica\/author\/admkp8\/"},"comments_num_v2":"0 comments","_links":{"self":[{"href":"https:\/\/www.ofm.hr\/koprivnica\/wp-json\/wp\/v2\/posts\/11026","targetHints":{"allow":["GET"]}}],"collection":[{"href":"https:\/\/www.ofm.hr\/koprivnica\/wp-json\/wp\/v2\/posts"}],"about":[{"href":"https:\/\/www.ofm.hr\/koprivnica\/wp-json\/wp\/v2\/types\/post"}],"author":[{"embeddable":true,"href":"https:\/\/www.ofm.hr\/koprivnica\/wp-json\/wp\/v2\/users\/1"}],"replies":[{"embeddable":true,"href":"https:\/\/www.ofm.hr\/koprivnica\/wp-json\/wp\/v2\/comments?post=11026"}],"version-history":[{"count":2,"href":"https:\/\/www.ofm.hr\/koprivnica\/wp-json\/wp\/v2\/posts\/11026\/revisions"}],"predecessor-version":[{"id":11031,"href":"https:\/\/www.ofm.hr\/koprivnica\/wp-json\/wp\/v2\/posts\/11026\/revisions\/11031"}],"wp:attachment":[{"href":"https:\/\/www.ofm.hr\/koprivnica\/wp-json\/wp\/v2\/media?parent=11026"}],"wp:term":[{"taxonomy":"category","embeddable":true,"href":"https:\/\/www.ofm.hr\/koprivnica\/wp-json\/wp\/v2\/categories?post=11026"},{"taxonomy":"post_tag","embeddable":true,"href":"https:\/\/www.ofm.hr\/koprivnica\/wp-json\/wp\/v2\/tags?post=11026"}],"curies":[{"name":"wp","href":"https:\/\/api.w.org\/{rel}","templated":true}]}}