{"id":11029,"date":"2022-02-27T14:19:43","date_gmt":"2022-02-27T13:19:43","guid":{"rendered":"https:\/\/www.ofm.hr\/koprivnica\/?p=11029"},"modified":"2022-02-27T14:19:43","modified_gmt":"2022-02-27T13:19:43","slug":"sinodalni-hod-drugi-dio","status":"publish","type":"post","link":"https:\/\/www.ofm.hr\/koprivnica\/sinodalni-hod-drugi-dio\/","title":{"rendered":"Sinodalni hod &#8211; drugi dio"},"content":{"rendered":"\n<p>Drugi je korak ili tema \u2018oslu\u0161kivati\u2019. Slu\u0161anje je prvi korak, ali, nagla\u0161eno je u Pripremnom<br>dokumentu, zahtijeva otvoren um i srce, bez predrasud\u00e2. Najva\u017enija pitanja ove teme su<br>koga je partikularna Crkva \u2018du\u017ena oslu\u0161kivati\u2019? Razmi\u0161ljat \u0107e se o tome kako se slu\u0161a<br>laike, napose mlade i \u017eene? Kako integriramo doprinos posve\u0107enih \u017eena i mu\u0161karaca? Koji<br>prostor ima glas manjina, odba\u010denih i isklju\u010denih? Mo\u017eemo li prepoznati predrasude i<br>stereotipe koji ometaju slu\u0161anje? Kako oslu\u0161kujemo dru\u0161tveni i kulturni kontekst u kojem<br>\u017eivimo?<br>Tre\u0107i je korak sinodalnog hoda \u2018uzeti rije\u010d\u2019. Svi su pozvani govoriti hrabro \u2018sve bez<br>ustru\u010davanja\u2019. U tom \u0107e se kontekstu propitivati kako Crkva promi\u010de slobodan i<br>vjerodostojan stil komunikacije unutar zajednice i njezinih tijela, bez dvoli\u010dnosti i<br>oportunizama, a kako u odnosu na dru\u0161tvo kojem pripada? Propitivat \u0107e se tako\u0111er i odnos<br>sa svim medijima, ne samo katoli\u010dkim kao i tko govori u ime kr\u0161\u0107anske zajednice i kako<br>ga se bira?<br>\u010cetvrti je korak sinodalnog hoda \u2018slaviti\u2019. U njemu \u0107e se propitivati kako molitva i<br>liturgijsko slavlje zapravo nadahnjuju i vode zajedni\u010dki hod? Kako nadahnjuju najva\u017enije<br>odluke? Kako se promi\u010de aktivno sudjelovanje svih vjernika u liturgiji i vr\u0161enju zada\u0107e<br>posve\u0107ivanja? Koliki se prostor daje vr\u0161enju slu\u017ebi lektorata i akolitata?<br>Peti korak podrazumijeva da su svi suodgovorni u poslanju. Pri tom je nagla\u0161eno da su svi<br>\u010dlanovi Crkve pozvani sudjelovati u sinodi te kao takvi trebaju otkriti na koji su na\u010din<br>pozvani biti protagonisti poslanja. Me\u0111u ostalim, u ovoj \u0107e se temi razlu\u010divati o<br>integriranju i prilago\u0111avanju razli\u010ditih tradicija vezanih uz sinodalan na\u010din. Promatrat \u0107e se<br>kako funkcionira suradnja na podru\u010djima gdje postoje razli\u010dite samosvojne Crkve?<br>Kako se Crkva nosi s razli\u010ditostima?<br>Unutar sljede\u0107e teme razmi\u0161ljat \u0107e se o dijalogu u Crkvi i u dru\u0161tvu. Va\u017ean \u0107e se naglasak<br>staviti na to kako se u Crkvi nosi s razlikama u pogledima, sukobljavanjima, te\u0161ko\u0107ama?<br>Kako se promi\u010de suradnja sa susjednim biskupijama, redovni\u010dkim zajednicama, me\u0111u<br>lai\u010dkim udrugama i pokretima? Kakva iskustva dijaloga i zajedni\u010dkoga zalaganja<br>pronosimo s vjernicima drugih religija i onima koji ne vjeruju? Kako Crkva vodi dijalog i<br>u\u010di od drugih dru\u0161tvenih instanci: svijeta politike, ekonomije, kulture, civilnog dru\u0161tva,<br>siroma\u0161nih\u2026?<br>U sljede\u0107oj temi promi\u0161ljat \u0107e se o dijalogu i odnosu s drugim kr\u0161\u0107anskim<br>vjeroispovijestima. Va\u017eno je i poglavlje vlasti i sudjelovanja u Crkvi.<br>\u2014 Kako se utvr\u0111uju ciljevi koje se \u017eeli posti\u0107i, na\u010din na koji ih se mo\u017ee posti\u0107i i korake<br>koje treba poduzeti? Kako se obna\u0161a vlast u partikularnoj Crkvi? Kako se provodi u djelo<br>timski rad i suodgovornost? Kako se promi\u010du lai\u010dke slu\u017ebe i preuzimanje odgovornosti od<br>strane vjernik\u00e2? Kako funkcioniraju tijel\u00e2 sinodalnosti na razini partikularne Crkve?<br>Predstavljaju li plodno iskustvo? \u2013 bit \u0107e neka od pitanja unutar ove teme.<\/p>\n","protected":false},"excerpt":{"rendered":"<p>Drugi je korak ili tema \u2018oslu\u0161kivati\u2019. Slu\u0161anje je prvi korak, ali, nagla\u0161eno je u Pripremnomdokumentu, zahtijeva otvoren um i srce, bez predrasud\u00e2. Najva\u017enija pitanja ove teme sukoga je partikularna Crkva \u2018du\u017ena oslu\u0161kivati\u2019? Razmi\u0161ljat \u0107e se o tome kako se slu\u0161alaike, napose mlade i \u017eene? Kako integriramo doprinos posve\u0107enih \u017eena i mu\u0161karaca? Kojiprostor ima glas manjina, [&hellip;]<\/p>\n","protected":false},"author":1,"featured_media":0,"comment_status":"closed","ping_status":"open","sticky":true,"template":"","format":"standard","meta":{"qubely_global_settings":"","qubely_interactions":"","footnotes":""},"categories":[154],"tags":[],"class_list":["post-11029","post","type-post","status-publish","format-standard","hentry","category-naslovna"],"blocksy_meta":{"styles_descriptor":{"styles":{"desktop":"","tablet":"","mobile":""},"google_fonts":[],"version":6}},"qubely_featured_image_url":null,"qubely_author":{"display_name":"Branko","author_link":"https:\/\/www.ofm.hr\/koprivnica\/author\/admkp8\/"},"qubely_comment":0,"qubely_category":"<a href=\"https:\/\/www.ofm.hr\/koprivnica\/category\/naslovna\/\" rel=\"category tag\">NASLOVNA<\/a>","qubely_excerpt":"Drugi je korak ili tema \u2018oslu\u0161kivati\u2019. Slu\u0161anje je prvi korak, ali, nagla\u0161eno je u Pripremnomdokumentu, zahtijeva otvoren um i srce, bez predrasud\u00e2. Najva\u017enija pitanja ove teme sukoga je partikularna Crkva \u2018du\u017ena oslu\u0161kivati\u2019? Razmi\u0161ljat \u0107e se o tome kako se slu\u0161alaike, napose mlade i \u017eene? Kako integriramo doprinos posve\u0107enih \u017eena i mu\u0161karaca? Kojiprostor ima glas manjina,&hellip;","featured_image_urls_v2":{"full":"","thumbnail":"","medium":"","medium_large":"","large":"","1536x1536":"","2048x2048":"","qubely_landscape":"","qubely_portrait":"","qubely_thumbnail":""},"post_excerpt_stackable_v2":"<p>Drugi je korak ili tema \u2018oslu\u0161kivati\u2019. Slu\u0161anje je prvi korak, ali, nagla\u0161eno je u Pripremnomdokumentu, zahtijeva otvoren um i srce, bez predrasud\u00e2. Najva\u017enija pitanja ove teme sukoga je partikularna Crkva \u2018du\u017ena oslu\u0161kivati\u2019? Razmi\u0161ljat \u0107e se o tome kako se slu\u0161alaike, napose mlade i \u017eene? Kako integriramo doprinos posve\u0107enih \u017eena i mu\u0161karaca? Kojiprostor ima glas manjina, odba\u010denih i isklju\u010denih? Mo\u017eemo li prepoznati predrasude istereotipe koji ometaju slu\u0161anje? Kako oslu\u0161kujemo dru\u0161tveni i kulturni kontekst u kojem\u017eivimo?Tre\u0107i je korak sinodalnog hoda \u2018uzeti rije\u010d\u2019. Svi su pozvani govoriti hrabro \u2018sve bezustru\u010davanja\u2019. U tom \u0107e se kontekstu propitivati kako Crkva promi\u010de slobodan ivjerodostojan stil komunikacije&hellip;<\/p>\n","category_list_v2":"<a href=\"https:\/\/www.ofm.hr\/koprivnica\/category\/naslovna\/\" rel=\"category tag\">NASLOVNA<\/a>","author_info_v2":{"name":"Branko","url":"https:\/\/www.ofm.hr\/koprivnica\/author\/admkp8\/"},"comments_num_v2":"0 comments","_links":{"self":[{"href":"https:\/\/www.ofm.hr\/koprivnica\/wp-json\/wp\/v2\/posts\/11029","targetHints":{"allow":["GET"]}}],"collection":[{"href":"https:\/\/www.ofm.hr\/koprivnica\/wp-json\/wp\/v2\/posts"}],"about":[{"href":"https:\/\/www.ofm.hr\/koprivnica\/wp-json\/wp\/v2\/types\/post"}],"author":[{"embeddable":true,"href":"https:\/\/www.ofm.hr\/koprivnica\/wp-json\/wp\/v2\/users\/1"}],"replies":[{"embeddable":true,"href":"https:\/\/www.ofm.hr\/koprivnica\/wp-json\/wp\/v2\/comments?post=11029"}],"version-history":[{"count":1,"href":"https:\/\/www.ofm.hr\/koprivnica\/wp-json\/wp\/v2\/posts\/11029\/revisions"}],"predecessor-version":[{"id":11030,"href":"https:\/\/www.ofm.hr\/koprivnica\/wp-json\/wp\/v2\/posts\/11029\/revisions\/11030"}],"wp:attachment":[{"href":"https:\/\/www.ofm.hr\/koprivnica\/wp-json\/wp\/v2\/media?parent=11029"}],"wp:term":[{"taxonomy":"category","embeddable":true,"href":"https:\/\/www.ofm.hr\/koprivnica\/wp-json\/wp\/v2\/categories?post=11029"},{"taxonomy":"post_tag","embeddable":true,"href":"https:\/\/www.ofm.hr\/koprivnica\/wp-json\/wp\/v2\/tags?post=11029"}],"curies":[{"name":"wp","href":"https:\/\/api.w.org\/{rel}","templated":true}]}}