{"id":11107,"date":"2022-03-08T13:21:15","date_gmt":"2022-03-08T12:21:15","guid":{"rendered":"https:\/\/www.ofm.hr\/koprivnica\/?p=11107"},"modified":"2022-03-08T13:21:15","modified_gmt":"2022-03-08T12:21:15","slug":"raspored-misa-za-ovaj-tjedan-2","status":"publish","type":"post","link":"https:\/\/www.ofm.hr\/koprivnica\/raspored-misa-za-ovaj-tjedan-2\/","title":{"rendered":"Raspored misa za ovaj tjedan"},"content":{"rendered":"\n<figure class=\"wp-block-table is-style-stripes\" data-block-type=\"core\"><table><tbody><tr><td>DATUM <strong>&nbsp;<\/strong><\/td><td><strong>&nbsp;<\/strong> <strong>DAN<\/strong><strong><\/strong><\/td><td><strong>&nbsp;<\/strong> <strong>MISNA INTENCIJA<\/strong><strong><\/strong><\/td><td>SAT<\/td><\/tr><tr><td>&nbsp; &nbsp; &nbsp; 06. III. 2022.<\/td><td>&nbsp; <strong><em>&nbsp;<\/em><\/strong> <strong><em>&nbsp;<\/em><\/strong> <strong><em>1. korizmena nedjelja<\/em><\/strong><strong><em><\/em><\/strong><\/td><td>+ ob. Flegari\u0107 i Jurenec <em>&nbsp;<\/em><br> \u017dUPNA &nbsp; <br>+ Stjepan, Jelica, Martin i Ivka \u0160kutin &nbsp; <br>+ Kre\u0161imir Vajdi\u0107<\/td><td>7 &nbsp; <br>9,30 &nbsp; <br>11,30 &nbsp; <br>18,30<\/td><\/tr><tr><td>&nbsp; 07. &nbsp;III. 2022.<\/td><td><em>&nbsp;<\/em> <strong><em>PONEDJELJAK<\/em><\/strong> <strong><em>&nbsp;<\/em><\/strong> <em>Perpetua i Felicita<\/em><\/td><td>+ Branko Grobenski, ob. Ro\u017emari\u0107 i za du\u0161e u \u010distili\u0161tu &nbsp; <br>+ Josip \u0160im\u010di\u0107, Alojz i Marija Pa\u0161ica<\/td><td>7 &nbsp; &nbsp; <br><br>18,30<\/td><\/tr><tr><td>&nbsp; 08. III. 2022.<\/td><td>UTORAK <em>&nbsp;<\/em> <em>Ivan od Boga<\/em><\/td><td>na nakanu &nbsp; &nbsp; <br>u zahvalu za primljene milosti i za nova duhovna zvanja<\/td><td>7 &nbsp; &nbsp; <br><br>18,30<\/td><\/tr><tr><td>&nbsp; 09. III. 2022.<\/td><td>SRIJEDA <em>&nbsp;<\/em> <em>Franciska Rimska<\/em><\/td><td>+ Nevenka i ob. Prka &nbsp; &nbsp; <br>+ Mijo Ivkovi\u0107<\/td><td>7 &nbsp; &nbsp; <br>18,30<\/td><\/tr><tr><td>&nbsp; 10. III. 2022.<\/td><td>\u010cETVRTAK &nbsp; <em>Emil<\/em><\/td><td>+ Milan Zagor\u0161\u010dak &nbsp; &nbsp; <br>+ Josip i ob. Musta\u010d<\/td><td>7 &nbsp; &nbsp; <br>18,30<\/td><\/tr><tr><td>&nbsp; 11. III. 2022.<\/td><td>PETAK <em>Tvrtko<\/em> <em>&nbsp;<\/em><\/td><td>+ ob. Gro\u0161i\u0107, Kova\u010devi\u0107 i Taka\u010d &nbsp; &nbsp; <br>zahvala za primljene milosti &nbsp;&nbsp;<\/td><td>7 &nbsp; &nbsp; <br>18,30<\/td><\/tr><tr><td>&nbsp; 12. III. 2022.<\/td><td>SUBOTA <em>Dora<\/em> <em>&nbsp;<\/em><\/td><td>+ Zvonimir Bla\u017e i ob. Bazijanec &nbsp; &nbsp; <br>+ Jakob i Mirko Vrani\u0107&nbsp;<\/td><td>7 &nbsp; &nbsp; <br>18,30<\/td><\/tr><tr><td><em>&nbsp;<\/em> <em>&nbsp;<\/em> <em>&nbsp;<\/em> 13. III.  2022.<\/td><td><strong><em>&nbsp;<\/em><\/strong> <strong><em>&nbsp;<\/em><\/strong> <strong><em>&nbsp;<\/em><\/strong> <strong><em>2. korizmena nedjelja<\/em><\/strong><\/td><td>+ ob. Tunjak <em>&nbsp;<\/em> <br>\u017dUPNA &nbsp; <br>+ Krsto i Kata \u0160indija &nbsp; <br>+ Ivan i Marija Golec<\/td><td>7 &nbsp; <br>9,30 &nbsp; <br>11,30 &nbsp; 18,30<\/td><\/tr><\/tbody><\/table><\/figure>\n","protected":false},"excerpt":{"rendered":"<p>DATUM &nbsp; &nbsp; DAN &nbsp; MISNA INTENCIJA SAT &nbsp; &nbsp; &nbsp; 06. III. 2022. &nbsp; &nbsp; &nbsp; 1. korizmena nedjelja + ob. Flegari\u0107 i Jurenec &nbsp; \u017dUPNA &nbsp; + Stjepan, Jelica, Martin i Ivka \u0160kutin &nbsp; + Kre\u0161imir Vajdi\u0107 7 &nbsp; 9,30 &nbsp; 11,30 &nbsp; 18,30 &nbsp; 07. &nbsp;III. 2022. &nbsp; PONEDJELJAK &nbsp; Perpetua i [&hellip;]<\/p>\n","protected":false},"author":1,"featured_media":0,"comment_status":"closed","ping_status":"open","sticky":false,"template":"","format":"standard","meta":{"qubely_global_settings":"","qubely_interactions":"","footnotes":""},"categories":[154],"tags":[],"class_list":["post-11107","post","type-post","status-publish","format-standard","hentry","category-naslovna"],"blocksy_meta":{"styles_descriptor":{"styles":{"desktop":"","tablet":"","mobile":""},"google_fonts":[],"version":6}},"qubely_featured_image_url":null,"qubely_author":{"display_name":"Branko","author_link":"https:\/\/www.ofm.hr\/koprivnica\/author\/admkp8\/"},"qubely_comment":0,"qubely_category":"<a href=\"https:\/\/www.ofm.hr\/koprivnica\/category\/naslovna\/\" rel=\"category tag\">NASLOVNA<\/a>","qubely_excerpt":"DATUM &nbsp; &nbsp; DAN &nbsp; MISNA INTENCIJA SAT &nbsp; &nbsp; &nbsp; 06. III. 2022. &nbsp; &nbsp; &nbsp; 1. korizmena nedjelja + ob. Flegari\u0107 i Jurenec &nbsp; \u017dUPNA &nbsp; + Stjepan, Jelica, Martin i Ivka \u0160kutin &nbsp; + Kre\u0161imir Vajdi\u0107 7 &nbsp; 9,30 &nbsp; 11,30 &nbsp; 18,30 &nbsp; 07. &nbsp;III. 2022. &nbsp; PONEDJELJAK &nbsp; Perpetua i&hellip;","featured_image_urls_v2":{"full":"","thumbnail":"","medium":"","medium_large":"","large":"","1536x1536":"","2048x2048":"","qubely_landscape":"","qubely_portrait":"","qubely_thumbnail":""},"post_excerpt_stackable_v2":"<p>DATUM &nbsp;&nbsp; DAN&nbsp; MISNA INTENCIJASAT&nbsp; &nbsp; &nbsp; 06. III. 2022.&nbsp; &nbsp; &nbsp; 1. korizmena nedjelja+ ob. Flegari\u0107 i Jurenec &nbsp; \u017dUPNA &nbsp; + Stjepan, Jelica, Martin i Ivka \u0160kutin &nbsp; + Kre\u0161imir Vajdi\u01077 &nbsp; 9,30 &nbsp; 11,30 &nbsp; 18,30&nbsp; 07. &nbsp;III. 2022.&nbsp; PONEDJELJAK &nbsp; Perpetua i Felicita+ Branko Grobenski, ob. Ro\u017emari\u0107 i za du\u0161e u \u010distili\u0161tu &nbsp; + Josip \u0160im\u010di\u0107, Alojz i Marija Pa\u0161ica7 &nbsp; &nbsp; 18,30&nbsp; 08. III. 2022.UTORAK &nbsp; Ivan od Bogana nakanu &nbsp; &nbsp; u zahvalu za primljene milosti i za nova duhovna zvanja7 &nbsp; &nbsp; 18,30&nbsp; 09. III. 2022.SRIJEDA &nbsp; Franciska Rimska+ Nevenka i ob. Prka&hellip;<\/p>\n","category_list_v2":"<a href=\"https:\/\/www.ofm.hr\/koprivnica\/category\/naslovna\/\" rel=\"category tag\">NASLOVNA<\/a>","author_info_v2":{"name":"Branko","url":"https:\/\/www.ofm.hr\/koprivnica\/author\/admkp8\/"},"comments_num_v2":"0 comments","_links":{"self":[{"href":"https:\/\/www.ofm.hr\/koprivnica\/wp-json\/wp\/v2\/posts\/11107","targetHints":{"allow":["GET"]}}],"collection":[{"href":"https:\/\/www.ofm.hr\/koprivnica\/wp-json\/wp\/v2\/posts"}],"about":[{"href":"https:\/\/www.ofm.hr\/koprivnica\/wp-json\/wp\/v2\/types\/post"}],"author":[{"embeddable":true,"href":"https:\/\/www.ofm.hr\/koprivnica\/wp-json\/wp\/v2\/users\/1"}],"replies":[{"embeddable":true,"href":"https:\/\/www.ofm.hr\/koprivnica\/wp-json\/wp\/v2\/comments?post=11107"}],"version-history":[{"count":1,"href":"https:\/\/www.ofm.hr\/koprivnica\/wp-json\/wp\/v2\/posts\/11107\/revisions"}],"predecessor-version":[{"id":11108,"href":"https:\/\/www.ofm.hr\/koprivnica\/wp-json\/wp\/v2\/posts\/11107\/revisions\/11108"}],"wp:attachment":[{"href":"https:\/\/www.ofm.hr\/koprivnica\/wp-json\/wp\/v2\/media?parent=11107"}],"wp:term":[{"taxonomy":"category","embeddable":true,"href":"https:\/\/www.ofm.hr\/koprivnica\/wp-json\/wp\/v2\/categories?post=11107"},{"taxonomy":"post_tag","embeddable":true,"href":"https:\/\/www.ofm.hr\/koprivnica\/wp-json\/wp\/v2\/tags?post=11107"}],"curies":[{"name":"wp","href":"https:\/\/api.w.org\/{rel}","templated":true}]}}