{"id":11109,"date":"2022-03-08T13:22:32","date_gmt":"2022-03-08T12:22:32","guid":{"rendered":"https:\/\/www.ofm.hr\/koprivnica\/?p=11109"},"modified":"2022-03-08T13:22:32","modified_gmt":"2022-03-08T12:22:32","slug":"sinodske-kljucne-rijeci-2","status":"publish","type":"post","link":"https:\/\/www.ofm.hr\/koprivnica\/sinodske-kljucne-rijeci-2\/","title":{"rendered":"Sinodske klju\u010dne rije\u010di"},"content":{"rendered":"\n<p>Sadr\u017eaj sinode je &#8220;Sinodska crkva&#8221;,&nbsp;<strong>\u010diji su dimenzije: zajedni\u0161tvo, suradnja<\/strong>&nbsp;i&nbsp;<strong>poslanje<\/strong>. Sve troje je duboko isprepleteno i \u017eivotni su stupovi sinodalne Crkve. Nitko od njih nije va\u017eniji od drugog. Naprotiv, svaki oboga\u0107uje i usmjerava druga dva. Me\u0111u njima je dinami\u010dan odnos.<\/p>\n\n\n\n<ul class=\"wp-block-list\" data-block-type=\"core\"><li><strong>Zajedni\u0161tvo<\/strong>: Bog povezuje ljude. Zajedni\u0161tvo u kojem \u017eivimo najdublje je ukorijenjeno u ljubavi i jedinstvu Presvetog Trojstva. Krist nas je poveo s Ocem i ujedinjeni smo u Duhu Svetom. Zajedno se nadahnjujemo slu\u0161aju\u0107i Bo\u017eju rije\u010d, u \u017eivoj tradiciji Crkve<em>.<\/em>&nbsp;Svatko od nas ima svoju ulogu, koju mora ispuniti u odvajanju i ostvarenju Bo\u017ejeg poziva svom narodu.<\/li><li><strong>Suradnja<\/strong>: poziv na uklju\u010divanje svih \u010dlanova Bo\u017ejeg naroda \u2013 laika, posve\u0107enih i redovnika \u2013 kako bi se te\u017eilo dubokom uzajamnom slu\u0161anju. Ovo slu\u0161anje stvara prostor za zajedni\u010dko slu\u0161anje Duha Svetoga i vodi na\u0161a o\u010dekivanja za dobro Crkve u tre\u0107em tisu\u0107lje\u0107u. Suradnja se temelji na \u010dinjenici da su svi vjernici osposobljeni i pozvani slu\u017eiti jedni drugima darovima koje je svatko primio od Duha Svetoga. U sinodalnoj Crkvi, sve zajedni\u0161tvo u slobodi i bogatoj raznolikosti njezinih \u010dlanova pozvani su zajedno moliti<em>, slu\u0161ati, analizirati, govoriti, razlu\u010diti i savjetovati s ciljem<\/em>&nbsp;dono\u0161enja pastoralnih odluka koje \u0107e najbolje ispuniti Bo\u017eju volju. Moramo ulo\u017eiti posebne napore kako bismo osigurali uklju\u010divanje svih onih koji su na periferiji ili se osje\u0107aju isklju\u010denima.<\/li><li><strong>Poslanje<\/strong>: Crkva postoji kako bi evangelizirala. Nikada se ne bismo trebali fokusirati na sebe. Na\u0161a je misija svjedo\u010diti Bo\u017eju ljubav u cijeloj ljudskoj obitelji. Sinodalni proces sadr\u017ei duboku misionarsku dimenziju. Njezin je cilj obu\u010diti Crkvu da bolje svjedo\u010di evan\u0111elje, osobito one koji \u017eive na duhovnim, dru\u0161tvenim, ekonomskim, politi\u010dkim, geografskim i vitalnim periferijama na\u0161ega svijeta. Dakle, na\u010din na koji Crkva mo\u017ee ispuniti svoje evan\u0111eosko poslanje na ovom svijetu plodnije od kvasca u slu\u017ebi nadolaze\u0107eg Kraljevstva Bo\u017ejeg.<\/li><\/ul>\n","protected":false},"excerpt":{"rendered":"<p>Sadr\u017eaj sinode je &#8220;Sinodska crkva&#8221;,&nbsp;\u010diji su dimenzije: zajedni\u0161tvo, suradnja&nbsp;i&nbsp;poslanje. Sve troje je duboko isprepleteno i \u017eivotni su stupovi sinodalne Crkve. Nitko od njih nije va\u017eniji od drugog. Naprotiv, svaki oboga\u0107uje i usmjerava druga dva. Me\u0111u njima je dinami\u010dan odnos. Zajedni\u0161tvo: Bog povezuje ljude. Zajedni\u0161tvo u kojem \u017eivimo najdublje je ukorijenjeno u ljubavi i jedinstvu Presvetog [&hellip;]<\/p>\n","protected":false},"author":1,"featured_media":0,"comment_status":"closed","ping_status":"open","sticky":true,"template":"","format":"standard","meta":{"qubely_global_settings":"","qubely_interactions":"","footnotes":""},"categories":[154],"tags":[],"class_list":["post-11109","post","type-post","status-publish","format-standard","hentry","category-naslovna"],"blocksy_meta":{"styles_descriptor":{"styles":{"desktop":"","tablet":"","mobile":""},"google_fonts":[],"version":6}},"qubely_featured_image_url":null,"qubely_author":{"display_name":"Branko","author_link":"https:\/\/www.ofm.hr\/koprivnica\/author\/admkp8\/"},"qubely_comment":0,"qubely_category":"<a href=\"https:\/\/www.ofm.hr\/koprivnica\/category\/naslovna\/\" rel=\"category tag\">NASLOVNA<\/a>","qubely_excerpt":"Sadr\u017eaj sinode je &#8220;Sinodska crkva&#8221;,&nbsp;\u010diji su dimenzije: zajedni\u0161tvo, suradnja&nbsp;i&nbsp;poslanje. Sve troje je duboko isprepleteno i \u017eivotni su stupovi sinodalne Crkve. Nitko od njih nije va\u017eniji od drugog. Naprotiv, svaki oboga\u0107uje i usmjerava druga dva. Me\u0111u njima je dinami\u010dan odnos. Zajedni\u0161tvo: Bog povezuje ljude. Zajedni\u0161tvo u kojem \u017eivimo najdublje je ukorijenjeno u ljubavi i jedinstvu Presvetog&hellip;","featured_image_urls_v2":{"full":"","thumbnail":"","medium":"","medium_large":"","large":"","1536x1536":"","2048x2048":"","qubely_landscape":"","qubely_portrait":"","qubely_thumbnail":""},"post_excerpt_stackable_v2":"<p>Sadr\u017eaj sinode je &#8220;Sinodska crkva&#8221;,&nbsp;\u010diji su dimenzije: zajedni\u0161tvo, suradnja&nbsp;i&nbsp;poslanje. Sve troje je duboko isprepleteno i \u017eivotni su stupovi sinodalne Crkve. Nitko od njih nije va\u017eniji od drugog. Naprotiv, svaki oboga\u0107uje i usmjerava druga dva. Me\u0111u njima je dinami\u010dan odnos. Zajedni\u0161tvo: Bog povezuje ljude. Zajedni\u0161tvo u kojem \u017eivimo najdublje je ukorijenjeno u ljubavi i jedinstvu Presvetog Trojstva. Krist nas je poveo s Ocem i ujedinjeni smo u Duhu Svetom. Zajedno se nadahnjujemo slu\u0161aju\u0107i Bo\u017eju rije\u010d, u \u017eivoj tradiciji Crkve.&nbsp;Svatko od nas ima svoju ulogu, koju mora ispuniti u odvajanju i ostvarenju Bo\u017ejeg poziva svom narodu.Suradnja: poziv na uklju\u010divanje svih \u010dlanova Bo\u017ejeg&hellip;<\/p>\n","category_list_v2":"<a href=\"https:\/\/www.ofm.hr\/koprivnica\/category\/naslovna\/\" rel=\"category tag\">NASLOVNA<\/a>","author_info_v2":{"name":"Branko","url":"https:\/\/www.ofm.hr\/koprivnica\/author\/admkp8\/"},"comments_num_v2":"0 comments","_links":{"self":[{"href":"https:\/\/www.ofm.hr\/koprivnica\/wp-json\/wp\/v2\/posts\/11109","targetHints":{"allow":["GET"]}}],"collection":[{"href":"https:\/\/www.ofm.hr\/koprivnica\/wp-json\/wp\/v2\/posts"}],"about":[{"href":"https:\/\/www.ofm.hr\/koprivnica\/wp-json\/wp\/v2\/types\/post"}],"author":[{"embeddable":true,"href":"https:\/\/www.ofm.hr\/koprivnica\/wp-json\/wp\/v2\/users\/1"}],"replies":[{"embeddable":true,"href":"https:\/\/www.ofm.hr\/koprivnica\/wp-json\/wp\/v2\/comments?post=11109"}],"version-history":[{"count":1,"href":"https:\/\/www.ofm.hr\/koprivnica\/wp-json\/wp\/v2\/posts\/11109\/revisions"}],"predecessor-version":[{"id":11110,"href":"https:\/\/www.ofm.hr\/koprivnica\/wp-json\/wp\/v2\/posts\/11109\/revisions\/11110"}],"wp:attachment":[{"href":"https:\/\/www.ofm.hr\/koprivnica\/wp-json\/wp\/v2\/media?parent=11109"}],"wp:term":[{"taxonomy":"category","embeddable":true,"href":"https:\/\/www.ofm.hr\/koprivnica\/wp-json\/wp\/v2\/categories?post=11109"},{"taxonomy":"post_tag","embeddable":true,"href":"https:\/\/www.ofm.hr\/koprivnica\/wp-json\/wp\/v2\/tags?post=11109"}],"curies":[{"name":"wp","href":"https:\/\/api.w.org\/{rel}","templated":true}]}}