{"id":11169,"date":"2022-03-20T14:54:38","date_gmt":"2022-03-20T13:54:38","guid":{"rendered":"https:\/\/www.ofm.hr\/koprivnica\/?p=11169"},"modified":"2022-03-21T20:35:29","modified_gmt":"2022-03-21T19:35:29","slug":"potvrda-izabranih-clanova-zupnog-pastoralnog-vijeca","status":"publish","type":"post","link":"https:\/\/www.ofm.hr\/koprivnica\/potvrda-izabranih-clanova-zupnog-pastoralnog-vijeca\/","title":{"rendered":"POTVRDA IZABRANIH \u010cLANOVA \u017dUPNOG PASTORALNOG VIJE\u0106A<br>I \u017dUPNOG EKONOMSKOG VIJE\u0106A"},"content":{"rendered":"\n<p>Pro\u0161le godine, krajem studenog imali smo izbore za \u010dlanove \u017dPV-a Ii \u017dEV-a. Ovaj tjedan stigla je potvrda kojom vara\u017edinski biskup mons. Bo\u017ee Rado\u0161 potvr\u0111uje sljede\u0107e vjernike:<\/p>\n\n\n\n<p>Vesna Buni\u0107<br>Jasna Huzjak<br>Ozren Koluder<br>Josip Lon\u010dar<br>Mirjana Su\u0161ilovi\u0107<br>Filip \u0160okec<br>Marijela \u0160okec<br>Nikola Terzi\u0107<br>Ana Tot<br>Margareta \u017dini\u0107<\/p>\n\n\n\n<p>Potvr\u0111eni su i \u010dlanovi \u017dupnog ekonomskog vije\u0107a, a to su:<br>Marko Buni\u0107, Mirjana Ma\u0111eri\u0107 i Zoran \u0160venda<br>Novoizabranim i potvr\u0111enim \u010dlanovima \u017dPV i \u017dEVa \u010destitam i pozivam ih na prvu sjednicu u ponedjeljak, 28. o\u017eujka 2022. u 19,15.<\/p>\n","protected":false},"excerpt":{"rendered":"<p>Pro\u0161le godine, krajem studenog imali smo izbore za \u010dlanove \u017dPV-a Ii \u017dEV-a. Ovaj tjedan stigla je potvrda kojom vara\u017edinski biskup mons. Bo\u017ee Rado\u0161 potvr\u0111uje sljede\u0107e vjernike: Vesna Buni\u0107Jasna HuzjakOzren KoluderJosip Lon\u010darMirjana Su\u0161ilovi\u0107Filip \u0160okecMarijela \u0160okecNikola Terzi\u0107Ana TotMargareta \u017dini\u0107 Potvr\u0111eni su i \u010dlanovi \u017dupnog ekonomskog vije\u0107a, a to su:Marko Buni\u0107, Mirjana Ma\u0111eri\u0107 i Zoran \u0160vendaNovoizabranim i potvr\u0111enim [&hellip;]<\/p>\n","protected":false},"author":1,"featured_media":0,"comment_status":"closed","ping_status":"open","sticky":true,"template":"","format":"standard","meta":{"qubely_global_settings":"","qubely_interactions":"","footnotes":""},"categories":[160],"tags":[],"class_list":["post-11169","post","type-post","status-publish","format-standard","hentry","category-zupna-vijeca"],"blocksy_meta":{"styles_descriptor":{"styles":{"desktop":"","tablet":"","mobile":""},"google_fonts":[],"version":6}},"qubely_featured_image_url":null,"qubely_author":{"display_name":"Branko","author_link":"https:\/\/www.ofm.hr\/koprivnica\/author\/admkp8\/"},"qubely_comment":0,"qubely_category":"<a href=\"https:\/\/www.ofm.hr\/koprivnica\/category\/zupna-vijeca\/\" rel=\"category tag\">\u017dupna vije\u0107a<\/a>","qubely_excerpt":"Pro\u0161le godine, krajem studenog imali smo izbore za \u010dlanove \u017dPV-a Ii \u017dEV-a. Ovaj tjedan stigla je potvrda kojom vara\u017edinski biskup mons. Bo\u017ee Rado\u0161 potvr\u0111uje sljede\u0107e vjernike: Vesna Buni\u0107Jasna HuzjakOzren KoluderJosip Lon\u010darMirjana Su\u0161ilovi\u0107Filip \u0160okecMarijela \u0160okecNikola Terzi\u0107Ana TotMargareta \u017dini\u0107 Potvr\u0111eni su i \u010dlanovi \u017dupnog ekonomskog vije\u0107a, a to su:Marko Buni\u0107, Mirjana Ma\u0111eri\u0107 i Zoran \u0160vendaNovoizabranim i potvr\u0111enim&hellip;","featured_image_urls_v2":{"full":"","thumbnail":"","medium":"","medium_large":"","large":"","1536x1536":"","2048x2048":"","qubely_landscape":"","qubely_portrait":"","qubely_thumbnail":""},"post_excerpt_stackable_v2":"<p>Pro\u0161le godine, krajem studenog imali smo izbore za \u010dlanove \u017dPV-a Ii \u017dEV-a. Ovaj tjedan stigla je potvrda kojom vara\u017edinski biskup mons. Bo\u017ee Rado\u0161 potvr\u0111uje sljede\u0107e vjernike: Vesna Buni\u0107Jasna HuzjakOzren KoluderJosip Lon\u010darMirjana Su\u0161ilovi\u0107Filip \u0160okecMarijela \u0160okecNikola Terzi\u0107Ana TotMargareta \u017dini\u0107 Potvr\u0111eni su i \u010dlanovi \u017dupnog ekonomskog vije\u0107a, a to su:Marko Buni\u0107, Mirjana Ma\u0111eri\u0107 i Zoran \u0160vendaNovoizabranim i potvr\u0111enim \u010dlanovima \u017dPV i \u017dEVa \u010destitam i pozivam ih na prvu sjednicu u ponedjeljak, 28. o\u017eujka 2022. u 19,15.<\/p>\n","category_list_v2":"<a href=\"https:\/\/www.ofm.hr\/koprivnica\/category\/zupna-vijeca\/\" rel=\"category tag\">\u017dupna vije\u0107a<\/a>","author_info_v2":{"name":"Branko","url":"https:\/\/www.ofm.hr\/koprivnica\/author\/admkp8\/"},"comments_num_v2":"0 comments","_links":{"self":[{"href":"https:\/\/www.ofm.hr\/koprivnica\/wp-json\/wp\/v2\/posts\/11169","targetHints":{"allow":["GET"]}}],"collection":[{"href":"https:\/\/www.ofm.hr\/koprivnica\/wp-json\/wp\/v2\/posts"}],"about":[{"href":"https:\/\/www.ofm.hr\/koprivnica\/wp-json\/wp\/v2\/types\/post"}],"author":[{"embeddable":true,"href":"https:\/\/www.ofm.hr\/koprivnica\/wp-json\/wp\/v2\/users\/1"}],"replies":[{"embeddable":true,"href":"https:\/\/www.ofm.hr\/koprivnica\/wp-json\/wp\/v2\/comments?post=11169"}],"version-history":[{"count":2,"href":"https:\/\/www.ofm.hr\/koprivnica\/wp-json\/wp\/v2\/posts\/11169\/revisions"}],"predecessor-version":[{"id":11253,"href":"https:\/\/www.ofm.hr\/koprivnica\/wp-json\/wp\/v2\/posts\/11169\/revisions\/11253"}],"wp:attachment":[{"href":"https:\/\/www.ofm.hr\/koprivnica\/wp-json\/wp\/v2\/media?parent=11169"}],"wp:term":[{"taxonomy":"category","embeddable":true,"href":"https:\/\/www.ofm.hr\/koprivnica\/wp-json\/wp\/v2\/categories?post=11169"},{"taxonomy":"post_tag","embeddable":true,"href":"https:\/\/www.ofm.hr\/koprivnica\/wp-json\/wp\/v2\/tags?post=11169"}],"curies":[{"name":"wp","href":"https:\/\/api.w.org\/{rel}","templated":true}]}}