{"id":11302,"date":"2022-04-03T18:22:03","date_gmt":"2022-04-03T16:22:03","guid":{"rendered":"https:\/\/www.ofm.hr\/koprivnica\/?p=11302"},"modified":"2022-04-03T18:22:03","modified_gmt":"2022-04-03T16:22:03","slug":"konstitutivna-sjednica-zpv-a-i-zev-a","status":"publish","type":"post","link":"https:\/\/www.ofm.hr\/koprivnica\/konstitutivna-sjednica-zpv-a-i-zev-a\/","title":{"rendered":"KONSTITUTIVNA SJEDNICA \u017dPV-a i \u017dEV-a"},"content":{"rendered":"\n<p>Pro\u0161li ponedjeljak, 28. o\u017eujka poslije ve\u010dernje mise odr\u017eana je prva sjednica \u017dPV-a i \u017dEV-a u novom sazivu. Vije\u0107nici su upoznati sa zadacima koji su pred nama. Ove nedjelje na \u017eupnoj misi polo\u017eit \u0107e prisegu kojom se obvezuju odgovorno i zauzeto vr\u0161iti svoju slu\u017ebu koja traje pet godina. Na sjednici smo raspravljali o temama o kojima je bilo rije\u010di na tri susreta Sinodalnog hoda i nadamo se da \u0107e uz zajedni\u010dki rad biti novih poticaja za \u017eupljane da se anga\u017eiraju na vi\u0161e podru\u010dja koja su u proteklom vremenu radi korone bila zapostavljena.<\/p>\n","protected":false},"excerpt":{"rendered":"<p>Pro\u0161li ponedjeljak, 28. o\u017eujka poslije ve\u010dernje mise odr\u017eana je prva sjednica \u017dPV-a i \u017dEV-a u novom sazivu. Vije\u0107nici su upoznati sa zadacima koji su pred nama. Ove nedjelje na \u017eupnoj misi polo\u017eit \u0107e prisegu kojom se obvezuju odgovorno i zauzeto vr\u0161iti svoju slu\u017ebu koja traje pet godina. Na sjednici smo raspravljali o temama o kojima [&hellip;]<\/p>\n","protected":false},"author":1,"featured_media":0,"comment_status":"closed","ping_status":"open","sticky":true,"template":"","format":"standard","meta":{"qubely_global_settings":"","qubely_interactions":"","footnotes":""},"categories":[160],"tags":[],"class_list":["post-11302","post","type-post","status-publish","format-standard","hentry","category-zupna-vijeca"],"blocksy_meta":{"styles_descriptor":{"styles":{"desktop":"","tablet":"","mobile":""},"google_fonts":[],"version":6}},"qubely_featured_image_url":null,"qubely_author":{"display_name":"Branko","author_link":"https:\/\/www.ofm.hr\/koprivnica\/author\/admkp8\/"},"qubely_comment":0,"qubely_category":"<a href=\"https:\/\/www.ofm.hr\/koprivnica\/category\/zupna-vijeca\/\" rel=\"category tag\">\u017dupna vije\u0107a<\/a>","qubely_excerpt":"Pro\u0161li ponedjeljak, 28. o\u017eujka poslije ve\u010dernje mise odr\u017eana je prva sjednica \u017dPV-a i \u017dEV-a u novom sazivu. Vije\u0107nici su upoznati sa zadacima koji su pred nama. Ove nedjelje na \u017eupnoj misi polo\u017eit \u0107e prisegu kojom se obvezuju odgovorno i zauzeto vr\u0161iti svoju slu\u017ebu koja traje pet godina. Na sjednici smo raspravljali o temama o kojima&hellip;","featured_image_urls_v2":{"full":"","thumbnail":"","medium":"","medium_large":"","large":"","1536x1536":"","2048x2048":"","qubely_landscape":"","qubely_portrait":"","qubely_thumbnail":""},"post_excerpt_stackable_v2":"<p>Pro\u0161li ponedjeljak, 28. o\u017eujka poslije ve\u010dernje mise odr\u017eana je prva sjednica \u017dPV-a i \u017dEV-a u novom sazivu. Vije\u0107nici su upoznati sa zadacima koji su pred nama. Ove nedjelje na \u017eupnoj misi polo\u017eit \u0107e prisegu kojom se obvezuju odgovorno i zauzeto vr\u0161iti svoju slu\u017ebu koja traje pet godina. Na sjednici smo raspravljali o temama o kojima je bilo rije\u010di na tri susreta Sinodalnog hoda i nadamo se da \u0107e uz zajedni\u010dki rad biti novih poticaja za \u017eupljane da se anga\u017eiraju na vi\u0161e podru\u010dja koja su u proteklom vremenu radi korone bila zapostavljena.<\/p>\n","category_list_v2":"<a href=\"https:\/\/www.ofm.hr\/koprivnica\/category\/zupna-vijeca\/\" rel=\"category tag\">\u017dupna vije\u0107a<\/a>","author_info_v2":{"name":"Branko","url":"https:\/\/www.ofm.hr\/koprivnica\/author\/admkp8\/"},"comments_num_v2":"0 comments","_links":{"self":[{"href":"https:\/\/www.ofm.hr\/koprivnica\/wp-json\/wp\/v2\/posts\/11302","targetHints":{"allow":["GET"]}}],"collection":[{"href":"https:\/\/www.ofm.hr\/koprivnica\/wp-json\/wp\/v2\/posts"}],"about":[{"href":"https:\/\/www.ofm.hr\/koprivnica\/wp-json\/wp\/v2\/types\/post"}],"author":[{"embeddable":true,"href":"https:\/\/www.ofm.hr\/koprivnica\/wp-json\/wp\/v2\/users\/1"}],"replies":[{"embeddable":true,"href":"https:\/\/www.ofm.hr\/koprivnica\/wp-json\/wp\/v2\/comments?post=11302"}],"version-history":[{"count":1,"href":"https:\/\/www.ofm.hr\/koprivnica\/wp-json\/wp\/v2\/posts\/11302\/revisions"}],"predecessor-version":[{"id":11303,"href":"https:\/\/www.ofm.hr\/koprivnica\/wp-json\/wp\/v2\/posts\/11302\/revisions\/11303"}],"wp:attachment":[{"href":"https:\/\/www.ofm.hr\/koprivnica\/wp-json\/wp\/v2\/media?parent=11302"}],"wp:term":[{"taxonomy":"category","embeddable":true,"href":"https:\/\/www.ofm.hr\/koprivnica\/wp-json\/wp\/v2\/categories?post=11302"},{"taxonomy":"post_tag","embeddable":true,"href":"https:\/\/www.ofm.hr\/koprivnica\/wp-json\/wp\/v2\/tags?post=11302"}],"curies":[{"name":"wp","href":"https:\/\/api.w.org\/{rel}","templated":true}]}}