{"id":11343,"date":"2022-04-09T20:08:34","date_gmt":"2022-04-09T18:08:34","guid":{"rendered":"https:\/\/www.ofm.hr\/koprivnica\/?p=11343"},"modified":"2022-04-09T20:12:01","modified_gmt":"2022-04-09T18:12:01","slug":"veliki-tjedan-2","status":"publish","type":"post","link":"https:\/\/www.ofm.hr\/koprivnica\/veliki-tjedan-2\/","title":{"rendered":"Veliki tjedan"},"content":{"rendered":"\n<p class=\"has-drop-cap\"><strong>Veliki tjedan je vremensko razdoblje od Cvjetnice do Uskrsa.<\/strong><\/p>\n\n\n\n<p><strong>Veliki tjedan po\u010dinje Cvjetnicom ili Nedjeljom Muke Gospodnje. Spominjemo se Isusovog sve\u010danog ulaska u Jeruzalem gdje ga je narod do\u010dekao s rado\u0161\u0107u. U spomen toga blagoslivljaju je gran\u010dice masline ili drugog bilja i u sve\u010danoj procesiji nose se u crkvu, a kasnije u na\u0161e domove.<\/strong><\/p>\n\n\n\n<p><strong>Na Veliki \u010detvrtak ujutro u katedralama odr\u017eava se misa posvete ulja na kojoj se blagoslivlja ulje za kr\u0161tenje, svetu potvrdu, bolesni\u010dko pomazanje i sveti red.<\/strong><\/p>\n\n\n\n<p><strong>Uve\u010der na Veliki \u010detvrtak obilje\u017eava se sje\u0107anje na Posljednju ve\u010deru.<\/strong><\/p>\n\n\n\n<p><strong>Na Veliki petak nema sv. Mise. Obilje\u017eava se sje\u0107anje na Isusovu muku i smrt na kri\u017eu. Velika subota je dan ti\u0161ine, do Vazmenog bdijenja, subotu nave\u010der, koje je vrlo bogato obredima. Na Uskrs slavi se Isusovo uskrsnu\u0107e i pobjeda nad grijehom i smrti.<\/strong><\/p>\n\n\n\n<p><strong>Dani u Velikom tjednu su vrijeme kr\u0161\u0107anske ozbiljnosti, sabranosti i promi\u0161ljanja o svetosti vremena i doga\u0111anja u njemu.<\/strong><\/p>\n\n\n\n<p><strong>Ve\u010dernja misa Velikog \u010detvrtka u liturgiji je predve\u010derje sutra\u0161njeg dana, jer su kod \u017didova veliki blagdani po\u010dinjali ve\u010der uo\u010di blagdana.<\/strong><\/p>\n\n\n\n<p><strong>Stari su hrvatski pisci Uskrs nazivali Vazmom, \u0161to je izvedenica od gr\u010dke rije\u010di &#8220;azima&#8221;- koja doslovno zna\u010di &#8220;beskvasni kruh&#8221;, a skra\u0107eno se upotrebljava za \u017eidovsku Pashu, kojoj je Krist dao novi sadr\u017eaj svojom smr\u0107u i svojim Uskrsnu\u0107em.<\/strong><\/p>\n\n\n\n<p><strong>Uskrs je najstarija svetkovina kr\u0161\u0107anske zajednice.<\/strong><\/p>\n\n\n\n<p><strong>\u010cesto se mo\u017ee \u010duti u ovom vremenu liturgijske godine izraz &#8220;vigilija&#8221;. Sv. Augustin je tako nazvao Uskrsno bdijenje, a doslovno zna\u010di &#8220;majkom svih bdijenja&#8221;.<\/strong><\/p>\n\n\n\n<p><strong>Naime, Kristova pasha &#8211; njegov prijelaz s ovog svijeta k Ocu po muci, smrti i Uskrsnu\u0107u &#8211; predmet je slavljenja nedjelje kao &#8220;malog Uskrsa&#8221;, ali i svih ostalih euharistijskih slavlja tijekom liturgijske godine koja se postepeno razvila upravo od Uskrsa.<\/strong><\/p>\n","protected":false},"excerpt":{"rendered":"<p>Veliki tjedan je vremensko razdoblje od Cvjetnice do Uskrsa. Veliki tjedan po\u010dinje Cvjetnicom ili Nedjeljom Muke Gospodnje. Spominjemo se Isusovog sve\u010danog ulaska u Jeruzalem gdje ga je narod do\u010dekao s rado\u0161\u0107u. U spomen toga blagoslivljaju je gran\u010dice masline ili drugog bilja i u sve\u010danoj procesiji nose se u crkvu, a kasnije u na\u0161e domove. Na [&hellip;]<\/p>\n","protected":false},"author":1,"featured_media":0,"comment_status":"closed","ping_status":"open","sticky":true,"template":"","format":"standard","meta":{"qubely_global_settings":"","qubely_interactions":"","footnotes":""},"categories":[154],"tags":[],"class_list":["post-11343","post","type-post","status-publish","format-standard","hentry","category-naslovna"],"blocksy_meta":{"styles_descriptor":{"styles":{"desktop":"","tablet":"","mobile":""},"google_fonts":[],"version":6}},"qubely_featured_image_url":null,"qubely_author":{"display_name":"Branko","author_link":"https:\/\/www.ofm.hr\/koprivnica\/author\/admkp8\/"},"qubely_comment":0,"qubely_category":"<a href=\"https:\/\/www.ofm.hr\/koprivnica\/category\/naslovna\/\" rel=\"category tag\">NASLOVNA<\/a>","qubely_excerpt":"Veliki tjedan je vremensko razdoblje od Cvjetnice do Uskrsa. Veliki tjedan po\u010dinje Cvjetnicom ili Nedjeljom Muke Gospodnje. Spominjemo se Isusovog sve\u010danog ulaska u Jeruzalem gdje ga je narod do\u010dekao s rado\u0161\u0107u. U spomen toga blagoslivljaju je gran\u010dice masline ili drugog bilja i u sve\u010danoj procesiji nose se u crkvu, a kasnije u na\u0161e domove. Na&hellip;","featured_image_urls_v2":{"full":"","thumbnail":"","medium":"","medium_large":"","large":"","1536x1536":"","2048x2048":"","qubely_landscape":"","qubely_portrait":"","qubely_thumbnail":""},"post_excerpt_stackable_v2":"<p>Veliki tjedan je vremensko razdoblje od Cvjetnice do Uskrsa. Veliki tjedan po\u010dinje Cvjetnicom ili Nedjeljom Muke Gospodnje. Spominjemo se Isusovog sve\u010danog ulaska u Jeruzalem gdje ga je narod do\u010dekao s rado\u0161\u0107u. U spomen toga blagoslivljaju je gran\u010dice masline ili drugog bilja i u sve\u010danoj procesiji nose se u crkvu, a kasnije u na\u0161e domove. Na Veliki \u010detvrtak ujutro u katedralama odr\u017eava se misa posvete ulja na kojoj se blagoslivlja ulje za kr\u0161tenje, svetu potvrdu, bolesni\u010dko pomazanje i sveti red. Uve\u010der na Veliki \u010detvrtak obilje\u017eava se sje\u0107anje na Posljednju ve\u010deru. Na Veliki petak nema sv. Mise. Obilje\u017eava se sje\u0107anje na Isusovu&hellip;<\/p>\n","category_list_v2":"<a href=\"https:\/\/www.ofm.hr\/koprivnica\/category\/naslovna\/\" rel=\"category tag\">NASLOVNA<\/a>","author_info_v2":{"name":"Branko","url":"https:\/\/www.ofm.hr\/koprivnica\/author\/admkp8\/"},"comments_num_v2":"0 comments","_links":{"self":[{"href":"https:\/\/www.ofm.hr\/koprivnica\/wp-json\/wp\/v2\/posts\/11343","targetHints":{"allow":["GET"]}}],"collection":[{"href":"https:\/\/www.ofm.hr\/koprivnica\/wp-json\/wp\/v2\/posts"}],"about":[{"href":"https:\/\/www.ofm.hr\/koprivnica\/wp-json\/wp\/v2\/types\/post"}],"author":[{"embeddable":true,"href":"https:\/\/www.ofm.hr\/koprivnica\/wp-json\/wp\/v2\/users\/1"}],"replies":[{"embeddable":true,"href":"https:\/\/www.ofm.hr\/koprivnica\/wp-json\/wp\/v2\/comments?post=11343"}],"version-history":[{"count":2,"href":"https:\/\/www.ofm.hr\/koprivnica\/wp-json\/wp\/v2\/posts\/11343\/revisions"}],"predecessor-version":[{"id":11348,"href":"https:\/\/www.ofm.hr\/koprivnica\/wp-json\/wp\/v2\/posts\/11343\/revisions\/11348"}],"wp:attachment":[{"href":"https:\/\/www.ofm.hr\/koprivnica\/wp-json\/wp\/v2\/media?parent=11343"}],"wp:term":[{"taxonomy":"category","embeddable":true,"href":"https:\/\/www.ofm.hr\/koprivnica\/wp-json\/wp\/v2\/categories?post=11343"},{"taxonomy":"post_tag","embeddable":true,"href":"https:\/\/www.ofm.hr\/koprivnica\/wp-json\/wp\/v2\/tags?post=11343"}],"curies":[{"name":"wp","href":"https:\/\/api.w.org\/{rel}","templated":true}]}}