{"id":11345,"date":"2022-04-09T20:09:47","date_gmt":"2022-04-09T18:09:47","guid":{"rendered":"https:\/\/www.ofm.hr\/koprivnica\/?p=11345"},"modified":"2022-04-09T20:09:48","modified_gmt":"2022-04-09T18:09:48","slug":"vraceni-vitraji-na-crkvene-prozore","status":"publish","type":"post","link":"https:\/\/www.ofm.hr\/koprivnica\/vraceni-vitraji-na-crkvene-prozore\/","title":{"rendered":"VRA\u0106ENI VITRAJI NA CRKVENE PROZORE"},"content":{"rendered":"\n<p class=\"has-drop-cap\"><strong>Pred pro\u0161li Bo\u017ei\u0107 zamijenjeni su dotrajali prozori u crkvi. Tada su skinuti vitraji koji su odvezeni na restauraciju. S jedne strane komentari vjernika bili su da otkako su stavljeni novi prozori manje pu\u0161e, ali pitali su se neki da li \u0107e biti vra\u0107eni vitraji. Drago mi je da su u proteklom tjednu majstori vratili obnovljene vitraje na njihovo mjesto u crkvi. Hvala svima koji, ne samo da pitaju \u0161to je i gdje su, nego i financijski poma\u017eu ovu obnovu. Tako \u0107e crkva za Uskrs opet biti ukra\u0161ena vitrajima koji su ovih nekoliko mjeseci nedostajali.<\/strong><\/p>\n","protected":false},"excerpt":{"rendered":"<p>Pred pro\u0161li Bo\u017ei\u0107 zamijenjeni su dotrajali prozori u crkvi. Tada su skinuti vitraji koji su odvezeni na restauraciju. S jedne strane komentari vjernika bili su da otkako su stavljeni novi prozori manje pu\u0161e, ali pitali su se neki da li \u0107e biti vra\u0107eni vitraji. Drago mi je da su u proteklom tjednu majstori vratili obnovljene [&hellip;]<\/p>\n","protected":false},"author":1,"featured_media":0,"comment_status":"closed","ping_status":"open","sticky":true,"template":"","format":"standard","meta":{"qubely_global_settings":"","qubely_interactions":"","footnotes":""},"categories":[154],"tags":[],"class_list":["post-11345","post","type-post","status-publish","format-standard","hentry","category-naslovna"],"blocksy_meta":{"styles_descriptor":{"styles":{"desktop":"","tablet":"","mobile":""},"google_fonts":[],"version":6}},"qubely_featured_image_url":null,"qubely_author":{"display_name":"Branko","author_link":"https:\/\/www.ofm.hr\/koprivnica\/author\/admkp8\/"},"qubely_comment":0,"qubely_category":"<a href=\"https:\/\/www.ofm.hr\/koprivnica\/category\/naslovna\/\" rel=\"category tag\">NASLOVNA<\/a>","qubely_excerpt":"Pred pro\u0161li Bo\u017ei\u0107 zamijenjeni su dotrajali prozori u crkvi. Tada su skinuti vitraji koji su odvezeni na restauraciju. S jedne strane komentari vjernika bili su da otkako su stavljeni novi prozori manje pu\u0161e, ali pitali su se neki da li \u0107e biti vra\u0107eni vitraji. Drago mi je da su u proteklom tjednu majstori vratili obnovljene&hellip;","featured_image_urls_v2":{"full":"","thumbnail":"","medium":"","medium_large":"","large":"","1536x1536":"","2048x2048":"","qubely_landscape":"","qubely_portrait":"","qubely_thumbnail":""},"post_excerpt_stackable_v2":"<p>Pred pro\u0161li Bo\u017ei\u0107 zamijenjeni su dotrajali prozori u crkvi. Tada su skinuti vitraji koji su odvezeni na restauraciju. S jedne strane komentari vjernika bili su da otkako su stavljeni novi prozori manje pu\u0161e, ali pitali su se neki da li \u0107e biti vra\u0107eni vitraji. Drago mi je da su u proteklom tjednu majstori vratili obnovljene vitraje na njihovo mjesto u crkvi. Hvala svima koji, ne samo da pitaju \u0161to je i gdje su, nego i financijski poma\u017eu ovu obnovu. Tako \u0107e crkva za Uskrs opet biti ukra\u0161ena vitrajima koji su ovih nekoliko mjeseci nedostajali.<\/p>\n","category_list_v2":"<a href=\"https:\/\/www.ofm.hr\/koprivnica\/category\/naslovna\/\" rel=\"category tag\">NASLOVNA<\/a>","author_info_v2":{"name":"Branko","url":"https:\/\/www.ofm.hr\/koprivnica\/author\/admkp8\/"},"comments_num_v2":"0 comments","_links":{"self":[{"href":"https:\/\/www.ofm.hr\/koprivnica\/wp-json\/wp\/v2\/posts\/11345","targetHints":{"allow":["GET"]}}],"collection":[{"href":"https:\/\/www.ofm.hr\/koprivnica\/wp-json\/wp\/v2\/posts"}],"about":[{"href":"https:\/\/www.ofm.hr\/koprivnica\/wp-json\/wp\/v2\/types\/post"}],"author":[{"embeddable":true,"href":"https:\/\/www.ofm.hr\/koprivnica\/wp-json\/wp\/v2\/users\/1"}],"replies":[{"embeddable":true,"href":"https:\/\/www.ofm.hr\/koprivnica\/wp-json\/wp\/v2\/comments?post=11345"}],"version-history":[{"count":1,"href":"https:\/\/www.ofm.hr\/koprivnica\/wp-json\/wp\/v2\/posts\/11345\/revisions"}],"predecessor-version":[{"id":11346,"href":"https:\/\/www.ofm.hr\/koprivnica\/wp-json\/wp\/v2\/posts\/11345\/revisions\/11346"}],"wp:attachment":[{"href":"https:\/\/www.ofm.hr\/koprivnica\/wp-json\/wp\/v2\/media?parent=11345"}],"wp:term":[{"taxonomy":"category","embeddable":true,"href":"https:\/\/www.ofm.hr\/koprivnica\/wp-json\/wp\/v2\/categories?post=11345"},{"taxonomy":"post_tag","embeddable":true,"href":"https:\/\/www.ofm.hr\/koprivnica\/wp-json\/wp\/v2\/tags?post=11345"}],"curies":[{"name":"wp","href":"https:\/\/api.w.org\/{rel}","templated":true}]}}