{"id":11511,"date":"2022-05-07T22:22:29","date_gmt":"2022-05-07T20:22:29","guid":{"rendered":"https:\/\/www.ofm.hr\/koprivnica\/?p=11511"},"modified":"2022-05-07T22:22:29","modified_gmt":"2022-05-07T20:22:29","slug":"nedjelja-dobrog-pastira-2","status":"publish","type":"post","link":"https:\/\/www.ofm.hr\/koprivnica\/nedjelja-dobrog-pastira-2\/","title":{"rendered":"NEDJELJA DOBROG PASTIRA"},"content":{"rendered":"\n<div class=\"wp-block-image\" data-block-type=\"core\"><figure class=\"alignleft size-full\"><img loading=\"lazy\" decoding=\"async\" width=\"474\" height=\"351\" src=\"https:\/\/www.ofm.hr\/koprivnica\/wp-content\/uploads\/2022\/05\/dobri-pastir.jpg\" alt=\"\" class=\"wp-image-11512\" srcset=\"https:\/\/www.ofm.hr\/koprivnica\/wp-content\/uploads\/2022\/05\/dobri-pastir.jpg 474w, https:\/\/www.ofm.hr\/koprivnica\/wp-content\/uploads\/2022\/05\/dobri-pastir-300x222.jpg 300w\" sizes=\"auto, (max-width: 474px) 100vw, 474px\" \/><\/figure><\/div>\n\n\n\n<p>\u010cetvrta uskrsna nedjelja je\u00a0<strong>Nedjelja Krista Dobrog Pastira<\/strong>\u00a0i nedjelja kada na poseban na\u010din molimo za sve\u0107eni\u010dka i redovni\u010dka zvanja u cijeloj Crkvi.<\/p>\n\n\n\n<p>Krist je onaj Pastir koji poznaje svoje ovce. On je onaj koji \u017eeli da ovce njegove imaju \u017eivot, u izobilju da ga imaju.<\/p>\n\n\n\n<p>Mo\u017eda i ne razumijemo ove Kristove rije\u010di, ne razumijemo koliko je bitno da danas imamo svete pastire koji \u0107e se brinuti i \u010duvati povjereno im stado. Nekada smo skloniji tim pastirima prigovarati umjesto da im poma\u017eemo. Nekada smo vi\u0161e skloni tome da zalutamo za ovozemaljskim pa\u0161njacima umjesto da slu\u0161amo glas Krista Dobrog pastira i glas onih koji su dobili milost da predvode njegovo stado.<\/p>\n\n\n\n<p>Molimo za na\u0161e pastire kako za one koji su ve\u0107 u slu\u017ebi tako i za one koji se \u017eele Kristu odazvati u sve\u0107eni\u010dkom ili redovni\u010dkom pozivu! Du\u017eni smo moliti da imamo svetih sve\u0107enika, redovnika i redovnica koji \u0107e nas okupljati oko Krista na\u0161eg Dobrog pastira. Oni se na poseban na\u010din svaki dan mole za nas i na\u0161e spasenje, bilo u svetoj Misi, molitvi \u010dasoslova ili ostalim molitvama. Danas se mi pomolimo za njih da ih Gospodin \u010duva, blagoslivlja i nama podari kao svete pastire.<\/p>\n","protected":false},"excerpt":{"rendered":"<p>\u010cetvrta uskrsna nedjelja je\u00a0Nedjelja Krista Dobrog Pastira\u00a0i nedjelja kada na poseban na\u010din molimo za sve\u0107eni\u010dka i redovni\u010dka zvanja u cijeloj Crkvi. Krist je onaj Pastir koji poznaje svoje ovce. On je onaj koji \u017eeli da ovce njegove imaju \u017eivot, u izobilju da ga imaju. Mo\u017eda i ne razumijemo ove Kristove rije\u010di, ne razumijemo koliko je [&hellip;]<\/p>\n","protected":false},"author":1,"featured_media":0,"comment_status":"closed","ping_status":"open","sticky":true,"template":"","format":"standard","meta":{"qubely_global_settings":"","qubely_interactions":"","footnotes":""},"categories":[154],"tags":[],"class_list":["post-11511","post","type-post","status-publish","format-standard","hentry","category-naslovna"],"blocksy_meta":{"styles_descriptor":{"styles":{"desktop":"","tablet":"","mobile":""},"google_fonts":[],"version":6}},"qubely_featured_image_url":null,"qubely_author":{"display_name":"Branko","author_link":"https:\/\/www.ofm.hr\/koprivnica\/author\/admkp8\/"},"qubely_comment":0,"qubely_category":"<a href=\"https:\/\/www.ofm.hr\/koprivnica\/category\/naslovna\/\" rel=\"category tag\">NASLOVNA<\/a>","qubely_excerpt":"\u010cetvrta uskrsna nedjelja je\u00a0Nedjelja Krista Dobrog Pastira\u00a0i nedjelja kada na poseban na\u010din molimo za sve\u0107eni\u010dka i redovni\u010dka zvanja u cijeloj Crkvi. Krist je onaj Pastir koji poznaje svoje ovce. On je onaj koji \u017eeli da ovce njegove imaju \u017eivot, u izobilju da ga imaju. Mo\u017eda i ne razumijemo ove Kristove rije\u010di, ne razumijemo koliko je&hellip;","featured_image_urls_v2":{"full":"","thumbnail":"","medium":"","medium_large":"","large":"","1536x1536":"","2048x2048":"","qubely_landscape":"","qubely_portrait":"","qubely_thumbnail":""},"post_excerpt_stackable_v2":"<p>\u010cetvrta uskrsna nedjelja je\u00a0Nedjelja Krista Dobrog Pastira\u00a0i nedjelja kada na poseban na\u010din molimo za sve\u0107eni\u010dka i redovni\u010dka zvanja u cijeloj Crkvi. Krist je onaj Pastir koji poznaje svoje ovce. On je onaj koji \u017eeli da ovce njegove imaju \u017eivot, u izobilju da ga imaju. Mo\u017eda i ne razumijemo ove Kristove rije\u010di, ne razumijemo koliko je bitno da danas imamo svete pastire koji \u0107e se brinuti i \u010duvati povjereno im stado. Nekada smo skloniji tim pastirima prigovarati umjesto da im poma\u017eemo. Nekada smo vi\u0161e skloni tome da zalutamo za ovozemaljskim pa\u0161njacima umjesto da slu\u0161amo glas Krista Dobrog pastira i glas onih&hellip;<\/p>\n","category_list_v2":"<a href=\"https:\/\/www.ofm.hr\/koprivnica\/category\/naslovna\/\" rel=\"category tag\">NASLOVNA<\/a>","author_info_v2":{"name":"Branko","url":"https:\/\/www.ofm.hr\/koprivnica\/author\/admkp8\/"},"comments_num_v2":"0 comments","_links":{"self":[{"href":"https:\/\/www.ofm.hr\/koprivnica\/wp-json\/wp\/v2\/posts\/11511","targetHints":{"allow":["GET"]}}],"collection":[{"href":"https:\/\/www.ofm.hr\/koprivnica\/wp-json\/wp\/v2\/posts"}],"about":[{"href":"https:\/\/www.ofm.hr\/koprivnica\/wp-json\/wp\/v2\/types\/post"}],"author":[{"embeddable":true,"href":"https:\/\/www.ofm.hr\/koprivnica\/wp-json\/wp\/v2\/users\/1"}],"replies":[{"embeddable":true,"href":"https:\/\/www.ofm.hr\/koprivnica\/wp-json\/wp\/v2\/comments?post=11511"}],"version-history":[{"count":1,"href":"https:\/\/www.ofm.hr\/koprivnica\/wp-json\/wp\/v2\/posts\/11511\/revisions"}],"predecessor-version":[{"id":11513,"href":"https:\/\/www.ofm.hr\/koprivnica\/wp-json\/wp\/v2\/posts\/11511\/revisions\/11513"}],"wp:attachment":[{"href":"https:\/\/www.ofm.hr\/koprivnica\/wp-json\/wp\/v2\/media?parent=11511"}],"wp:term":[{"taxonomy":"category","embeddable":true,"href":"https:\/\/www.ofm.hr\/koprivnica\/wp-json\/wp\/v2\/categories?post=11511"},{"taxonomy":"post_tag","embeddable":true,"href":"https:\/\/www.ofm.hr\/koprivnica\/wp-json\/wp\/v2\/tags?post=11511"}],"curies":[{"name":"wp","href":"https:\/\/api.w.org\/{rel}","templated":true}]}}