{"id":11526,"date":"2022-05-15T13:24:43","date_gmt":"2022-05-15T11:24:43","guid":{"rendered":"https:\/\/www.ofm.hr\/koprivnica\/?p=11526"},"modified":"2022-05-15T13:29:12","modified_gmt":"2022-05-15T11:29:12","slug":"sveti-ivan-nepomuk","status":"publish","type":"post","link":"https:\/\/www.ofm.hr\/koprivnica\/sveti-ivan-nepomuk\/","title":{"rendered":"Sv. Ivan Nepomuk"},"content":{"rendered":"\n<div class=\"wp-block-image is-style-default\" data-block-type=\"core\"><figure class=\"alignleft size-full is-resized\"><img loading=\"lazy\" decoding=\"async\" src=\"https:\/\/www.ofm.hr\/koprivnica\/wp-content\/uploads\/2022\/05\/Sveti-Ivan-Nepomuk-400x280-492917676.jpg\" alt=\"\" class=\"wp-image-11527\" width=\"314\" height=\"220\" srcset=\"https:\/\/www.ofm.hr\/koprivnica\/wp-content\/uploads\/2022\/05\/Sveti-Ivan-Nepomuk-400x280-492917676.jpg 400w, https:\/\/www.ofm.hr\/koprivnica\/wp-content\/uploads\/2022\/05\/Sveti-Ivan-Nepomuk-400x280-492917676-300x210.jpg 300w\" sizes=\"auto, (max-width: 314px) 100vw, 314px\" \/><\/figure><\/div>\n\n\n\n<p class=\"has-drop-cap\">Na mnogim mostovima &#8211; osobito srednje Europe &#8211; pa i u na\u0161im krajevima &#8211; nalazi se \u010desto jedan sveta\u010dki kip. Koga prikazuje? &#8211; Sve\u0107enika u reverendi, roketi, s biretom na glavi, koji dr\u017ei prst na ustima. Kao da sebi i prolaznicima \u017eeli naglasiti vrijednost \u0161utnje, du\u017enost \u010duvanja povjerene tajne. To je kip sveca mostova i mu\u010denika ispovjedne tajne svetog Ivana Nepomuka, koji po svojim kipovima postade jedan od najpoznatijih svetaca.<\/p>\n\n\n\n<p>Sveti Ivan se rodio u Pomuku u zapadnoj \u010ce\u0161koj, negdje izme\u0111u g. 1340-1350. Za sve\u0107enika je zare\u0111en oko g. 1380., a jo\u0161 iste godine postavljen je za \u017eupnika Sv. Gala u Pragu.<\/p>\n\n\n\n<p>1390. postao je generalni vikar energi\u010dnoga i pobo\u017enoga nadbiskupa Jen\u0161tejna. Bilo je to ba\u0161 u rujnu 1389. kad se razmahala tragi\u010dna borba izme\u0111u nadbiskupa i despotskog kralja Vjenceslava IV., koji je nasilno \u017eelio prisvojiti crkvena dobra i postati potpuni gospodar Crkve u \u010ce\u0161koj.<\/p>\n\n\n\n<p>Posljednja faza borbe izme\u0111u kralja i Crkve bila je u jesen 1392., kad je kralj, potpirivan od svojih savjetnika, stra\u0161no divljao protiv klera.<\/p>\n\n\n\n<p>Neustra\u0161ivi je nadbiskup javno prosvjedovao protiv kraljeve samovolje. Kralj jo\u0161 uvijek nije mirovao, htio je jednostavno podijeliti teritorij pra\u0161ke nadbiskupije i osnovati novu biskupiju te joj staviti na \u010delo svoga pouzdanika. Bilo je to nevjerojatno uplitanje u posve crkvene unutarnje poslove. Me\u0111utim, po\u010detkom g. 1393., monasi su izabrali novog opata. Ivan Nepomuk, generalni vikar, po nadbiskupovoj naredbi, a protiv izri\u010dite kraljeve volje, potvrdio je 7. o\u017eujka 1393. izbor novoga opata.<br>Kralja je to raspalilo pa je zatvorio i Nepomuka i neke druge sve\u0107enike. Svi su oni bili podvrgnuti mu\u010denju u kojem je sudjelovao sam kralj s bakljom u ruci. Ipak su pu\u0161teni na slobodu po\u0161to su prije morali prisegnuti da \u0107e o svojoj torturi \u0161utjeti. Iznimka je bila s Ivanom Nepomukom. On se kralju, valjda zbog svoga velikog ugleda, \u010dinio najopasnijim. Zato ga je kralj u no\u0107i 20. o\u017eujka 1393. &nbsp;s glasovitog mosta Karla IV. dao baciti u Vltavu i tako Ivan pogibe kao mu\u010denik. Papa Benedikt XIII. proglasio je 19. o\u017eujka 1729. Ivana Nepomuka svecem i to mu\u010denikom ispovjedne tajne.<\/p>\n\n\n\n<p>Me\u0111utim, njegovo je \u0161tovanje ve\u0107 davno prije bilo veoma pro\u0161ireno i to ne samo u \u010ce\u0161koj, ve\u0107 i izvan njezinih granica. Iako je na temelju pouzdanih povijesnih izvora glavni razlog sve\u010deve mu\u010deni\u010dke smrti bio potvr\u0111ivanje opata u Kladrubyju, ne mo\u017ee se posve isklju\u010diti ni to da je bio kralji\u010din ispovjednik i kao takav \u010duvao pred ljubomornim kraljem ispovjednu tajnu ne htiju\u0107i otkriti kralju i\u0161ta od onoga \u0161to je doznao u ispovijedi. Svetog Ivana Nepomuka smatraju za\u0161titnikom ispovjednika, za\u0161titnikom dobroga glasa.<\/p>\n\n\n\n<p>Sveca zazivaju u pomo\u0107 i protiv poplava.<\/p>\n","protected":false},"excerpt":{"rendered":"<p>Na mnogim mostovima &#8211; osobito srednje Europe &#8211; pa i u na\u0161im krajevima &#8211; nalazi se \u010desto jedan sveta\u010dki kip. Koga prikazuje? &#8211; Sve\u0107enika u reverendi, roketi, s biretom na glavi, koji dr\u017ei prst na ustima. Kao da sebi i prolaznicima \u017eeli naglasiti vrijednost \u0161utnje, du\u017enost \u010duvanja povjerene tajne. To je kip sveca mostova i [&hellip;]<\/p>\n","protected":false},"author":1,"featured_media":0,"comment_status":"closed","ping_status":"open","sticky":true,"template":"","format":"standard","meta":{"qubely_global_settings":"","qubely_interactions":"","footnotes":""},"categories":[154],"tags":[],"class_list":["post-11526","post","type-post","status-publish","format-standard","hentry","category-naslovna"],"blocksy_meta":{"styles_descriptor":{"styles":{"desktop":"","tablet":"","mobile":""},"google_fonts":[],"version":6}},"qubely_featured_image_url":null,"qubely_author":{"display_name":"Branko","author_link":"https:\/\/www.ofm.hr\/koprivnica\/author\/admkp8\/"},"qubely_comment":0,"qubely_category":"<a href=\"https:\/\/www.ofm.hr\/koprivnica\/category\/naslovna\/\" rel=\"category tag\">NASLOVNA<\/a>","qubely_excerpt":"Na mnogim mostovima &#8211; osobito srednje Europe &#8211; pa i u na\u0161im krajevima &#8211; nalazi se \u010desto jedan sveta\u010dki kip. Koga prikazuje? &#8211; Sve\u0107enika u reverendi, roketi, s biretom na glavi, koji dr\u017ei prst na ustima. Kao da sebi i prolaznicima \u017eeli naglasiti vrijednost \u0161utnje, du\u017enost \u010duvanja povjerene tajne. To je kip sveca mostova i&hellip;","featured_image_urls_v2":{"full":"","thumbnail":"","medium":"","medium_large":"","large":"","1536x1536":"","2048x2048":"","qubely_landscape":"","qubely_portrait":"","qubely_thumbnail":""},"post_excerpt_stackable_v2":"<p>Na mnogim mostovima &#8211; osobito srednje Europe &#8211; pa i u na\u0161im krajevima &#8211; nalazi se \u010desto jedan sveta\u010dki kip. Koga prikazuje? &#8211; Sve\u0107enika u reverendi, roketi, s biretom na glavi, koji dr\u017ei prst na ustima. Kao da sebi i prolaznicima \u017eeli naglasiti vrijednost \u0161utnje, du\u017enost \u010duvanja povjerene tajne. To je kip sveca mostova i mu\u010denika ispovjedne tajne svetog Ivana Nepomuka, koji po svojim kipovima postade jedan od najpoznatijih svetaca. Sveti Ivan se rodio u Pomuku u zapadnoj \u010ce\u0161koj, negdje izme\u0111u g. 1340-1350. Za sve\u0107enika je zare\u0111en oko g. 1380., a jo\u0161 iste godine postavljen je za \u017eupnika Sv. Gala&hellip;<\/p>\n","category_list_v2":"<a href=\"https:\/\/www.ofm.hr\/koprivnica\/category\/naslovna\/\" rel=\"category tag\">NASLOVNA<\/a>","author_info_v2":{"name":"Branko","url":"https:\/\/www.ofm.hr\/koprivnica\/author\/admkp8\/"},"comments_num_v2":"0 comments","_links":{"self":[{"href":"https:\/\/www.ofm.hr\/koprivnica\/wp-json\/wp\/v2\/posts\/11526","targetHints":{"allow":["GET"]}}],"collection":[{"href":"https:\/\/www.ofm.hr\/koprivnica\/wp-json\/wp\/v2\/posts"}],"about":[{"href":"https:\/\/www.ofm.hr\/koprivnica\/wp-json\/wp\/v2\/types\/post"}],"author":[{"embeddable":true,"href":"https:\/\/www.ofm.hr\/koprivnica\/wp-json\/wp\/v2\/users\/1"}],"replies":[{"embeddable":true,"href":"https:\/\/www.ofm.hr\/koprivnica\/wp-json\/wp\/v2\/comments?post=11526"}],"version-history":[{"count":2,"href":"https:\/\/www.ofm.hr\/koprivnica\/wp-json\/wp\/v2\/posts\/11526\/revisions"}],"predecessor-version":[{"id":11531,"href":"https:\/\/www.ofm.hr\/koprivnica\/wp-json\/wp\/v2\/posts\/11526\/revisions\/11531"}],"wp:attachment":[{"href":"https:\/\/www.ofm.hr\/koprivnica\/wp-json\/wp\/v2\/media?parent=11526"}],"wp:term":[{"taxonomy":"category","embeddable":true,"href":"https:\/\/www.ofm.hr\/koprivnica\/wp-json\/wp\/v2\/categories?post=11526"},{"taxonomy":"post_tag","embeddable":true,"href":"https:\/\/www.ofm.hr\/koprivnica\/wp-json\/wp\/v2\/tags?post=11526"}],"curies":[{"name":"wp","href":"https:\/\/api.w.org\/{rel}","templated":true}]}}