{"id":11537,"date":"2022-05-15T13:42:47","date_gmt":"2022-05-15T11:42:47","guid":{"rendered":"https:\/\/www.ofm.hr\/koprivnica\/?p=11537"},"modified":"2022-05-15T13:42:48","modified_gmt":"2022-05-15T11:42:48","slug":"vic-salice","status":"publish","type":"post","link":"https:\/\/www.ofm.hr\/koprivnica\/vic-salice\/","title":{"rendered":"VIC &#8211; \u0160alice"},"content":{"rendered":"\n<p>Ivica: Mama, zna\u0161 kako se uvijek brine\u0161 da \u0107u razbiti tvoje<br>omiljene \u0161alice?<br>Mama: Znam, Ivice.<br>Ivica: E, sad vi\u0161e ne mora\u0161 brinuti.<\/p>\n","protected":false},"excerpt":{"rendered":"<p>Ivica: Mama, zna\u0161 kako se uvijek brine\u0161 da \u0107u razbiti tvojeomiljene \u0161alice?Mama: Znam, Ivice.Ivica: E, sad vi\u0161e ne mora\u0161 brinuti.<\/p>\n","protected":false},"author":1,"featured_media":0,"comment_status":"closed","ping_status":"open","sticky":true,"template":"","format":"standard","meta":{"qubely_global_settings":"","qubely_interactions":"","footnotes":""},"categories":[154],"tags":[],"class_list":["post-11537","post","type-post","status-publish","format-standard","hentry","category-naslovna"],"blocksy_meta":{"styles_descriptor":{"styles":{"desktop":"","tablet":"","mobile":""},"google_fonts":[],"version":6}},"qubely_featured_image_url":null,"qubely_author":{"display_name":"Branko","author_link":"https:\/\/www.ofm.hr\/koprivnica\/author\/admkp8\/"},"qubely_comment":0,"qubely_category":"<a href=\"https:\/\/www.ofm.hr\/koprivnica\/category\/naslovna\/\" rel=\"category tag\">NASLOVNA<\/a>","qubely_excerpt":"Ivica: Mama, zna\u0161 kako se uvijek brine\u0161 da \u0107u razbiti tvojeomiljene \u0161alice?Mama: Znam, Ivice.Ivica: E, sad vi\u0161e ne mora\u0161 brinuti.","featured_image_urls_v2":{"full":"","thumbnail":"","medium":"","medium_large":"","large":"","1536x1536":"","2048x2048":"","qubely_landscape":"","qubely_portrait":"","qubely_thumbnail":""},"post_excerpt_stackable_v2":"<p>Ivica: Mama, zna\u0161 kako se uvijek brine\u0161 da \u0107u razbiti tvojeomiljene \u0161alice?Mama: Znam, Ivice.Ivica: E, sad vi\u0161e ne mora\u0161 brinuti.<\/p>\n","category_list_v2":"<a href=\"https:\/\/www.ofm.hr\/koprivnica\/category\/naslovna\/\" rel=\"category tag\">NASLOVNA<\/a>","author_info_v2":{"name":"Branko","url":"https:\/\/www.ofm.hr\/koprivnica\/author\/admkp8\/"},"comments_num_v2":"0 comments","_links":{"self":[{"href":"https:\/\/www.ofm.hr\/koprivnica\/wp-json\/wp\/v2\/posts\/11537","targetHints":{"allow":["GET"]}}],"collection":[{"href":"https:\/\/www.ofm.hr\/koprivnica\/wp-json\/wp\/v2\/posts"}],"about":[{"href":"https:\/\/www.ofm.hr\/koprivnica\/wp-json\/wp\/v2\/types\/post"}],"author":[{"embeddable":true,"href":"https:\/\/www.ofm.hr\/koprivnica\/wp-json\/wp\/v2\/users\/1"}],"replies":[{"embeddable":true,"href":"https:\/\/www.ofm.hr\/koprivnica\/wp-json\/wp\/v2\/comments?post=11537"}],"version-history":[{"count":1,"href":"https:\/\/www.ofm.hr\/koprivnica\/wp-json\/wp\/v2\/posts\/11537\/revisions"}],"predecessor-version":[{"id":11538,"href":"https:\/\/www.ofm.hr\/koprivnica\/wp-json\/wp\/v2\/posts\/11537\/revisions\/11538"}],"wp:attachment":[{"href":"https:\/\/www.ofm.hr\/koprivnica\/wp-json\/wp\/v2\/media?parent=11537"}],"wp:term":[{"taxonomy":"category","embeddable":true,"href":"https:\/\/www.ofm.hr\/koprivnica\/wp-json\/wp\/v2\/categories?post=11537"},{"taxonomy":"post_tag","embeddable":true,"href":"https:\/\/www.ofm.hr\/koprivnica\/wp-json\/wp\/v2\/tags?post=11537"}],"curies":[{"name":"wp","href":"https:\/\/api.w.org\/{rel}","templated":true}]}}