{"id":11566,"date":"2022-05-28T14:05:36","date_gmt":"2022-05-28T12:05:36","guid":{"rendered":"https:\/\/www.ofm.hr\/koprivnica\/?p=11566"},"modified":"2022-05-28T14:05:38","modified_gmt":"2022-05-28T12:05:38","slug":"sveta-ivana-orleanska-djevica-i-mucenica-1412-1431-spomendan-30-svibnja","status":"publish","type":"post","link":"https:\/\/www.ofm.hr\/koprivnica\/sveta-ivana-orleanska-djevica-i-mucenica-1412-1431-spomendan-30-svibnja\/","title":{"rendered":"Sveta Ivana Orleanska &#8211; djevica i mu\u010denica (1412. &#8211; 1431) &#8211; spomendan 30. svibnja"},"content":{"rendered":"\n<figure class=\"wp-block-image alignleft size-large is-resized\" data-block-type=\"core\"><img loading=\"lazy\" decoding=\"async\" src=\"https:\/\/www.ofm.hr\/koprivnica\/wp-content\/uploads\/2022\/05\/sveta-ivana-orleanska-1-535x1024.jpg\" alt=\"\" class=\"wp-image-11567\" width=\"283\" height=\"541\" srcset=\"https:\/\/www.ofm.hr\/koprivnica\/wp-content\/uploads\/2022\/05\/sveta-ivana-orleanska-1-535x1024.jpg 535w, https:\/\/www.ofm.hr\/koprivnica\/wp-content\/uploads\/2022\/05\/sveta-ivana-orleanska-1-157x300.jpg 157w, https:\/\/www.ofm.hr\/koprivnica\/wp-content\/uploads\/2022\/05\/sveta-ivana-orleanska-1.jpg 600w\" sizes=\"auto, (max-width: 283px) 100vw, 283px\" \/><figcaption><strong>Sveta Ivana Orleanska<\/strong><\/figcaption><\/figure>\n\n\n\n<p>Jedva da je koja \u017eena tako presudno utjecala na povijest svoje domovine i naroda kao Sveta&nbsp;Ivana Ar\u0161ka, jednostavna seoska djevojka, koja sa 17 godina \u017eivota stade na \u010delo francuske vojske te u nevjerojatnom vojnom pohodu oslobodi svoju domovinu od vlasti tu\u0111inca, a nakon dvije godine, upav\u0161i u ruke neprijatelja, bude osu\u0111ena i spaljena na loma\u010di. Njezina se tragedija pretvorila ipak u trijumf, jer ju je Crkva g. 1909. proglasila bla\u017eenom, a g. 1920. svetom.<\/p>\n\n\n\n<p>Pravi, objektivni pristup Djevici Orleanskoj omogu\u0107en je tek od g. 1849. kad je u\u010denjak Quicherat u pet svezaka objavio sa\u010duvana akta procesa protiv one koja je iz svoje domovine otjerala osvaja\u010de Engleze. Njezino je povijesno zna\u010denje u tome \u0161to je 100-godi\u0161nji rat izme\u0111u Francuske i Engleske, kad se njezinoj domovini bli\u017eila ve\u0107 katastrofa, pretvorila u neo\u010dekivanu pobjedu. Stvorila je, dakle, u povijesti svoga naroda jednu prekretnicu.<\/p>\n\n\n\n<p>Engleska je god. 1339. oru\u017ejem htjela osvojiti cijelu Francusku. I tako je do\u0161lo do rata \u0161to traja\u0161e jedno stolje\u0107e, a izgledalo je kao da uop\u0107e nikada vi\u0161e ni ne\u0107e svr\u0161iti. Veliki dio Francuske potpade pod vlast njezina nadmo\u0107nog neprijatelja. Kroz to su vrijeme ljudi podivljali, financije se srozale, polja ostajala pusta i neobra\u0111ena. Tim zlima pridru\u017ei\u0161e se i druga: horde plja\u010dka\u0161a su harale i palile, a onda i \u010desta po\u0161ast kuge.<\/p>\n\n\n\n<p>Francuzima je moral stra\u0161no opao i ba\u0161 u toj o\u010dajnoj i bezizlaznoj situaciji stupa na pozornicu Ivana Orleanska, Bogom odabrana junakinja, uzor pravog domoljublja, koja \u0107e svoju domovinu izvesti iz polo\u017eaja poni\u017eenja i vratiti joj otetu \u010dast. Ivana se rodila 1412. Bila je jedno od petero djece selja\u010dke obitelji. Do trinaeste godine u njezinu \u017eivotu nije bilo ni\u0161ta neobi\u010dna. Bila je kao i sva druga normalna seoska djeca. Ako se ve\u0107 tada mo\u017ee govoriti o nekim njezinim vrlinama, onda bi to bile: pobo\u017enost, ljubav prema siromasima i velika te vedra dobro\u0107udnost prema svakome. U trinaestoj godini \u017eivota Ivana postade dionicom nekih vi\u0111enja.<\/p>\n\n\n\n<p>Ukaza\u0161e joj se sv. Mihovil i svete djevice i mu\u010denice Katarina i Margareta te joj u ime &#8220;nebeskog Kralja&#8221; objavi\u0161e da je njezina zada\u0107a osloboditi Francusku od Engleza i sve\u010dano okruniti kralja. Trebalo je vremena dok se Ivana uvjeri u svoju misiju. No kad se uvjerila, onda je ni\u0161ta vi\u0161e nije moglo zaustaviti. Ona je i\u0161la naprijed kao gonjena nekom nevidljivom silom.<\/p>\n\n\n\n<p>Na \u010delu francuske vojske krene sama Ivana prema Orl\u00e9ansu te nakon dvije pobjedonosne bitke oslobodi taj grad i njegovu okolicu. Odatle krenu nove pobjedonosne bitke.<\/p>\n\n\n\n<p>U jednom trenutku bila je zarobljena i doskora predana Englezima. Protiv nje je pokrenut postupak na kojem je upravo \u010dudesnom jasno\u0107om i teolo\u0161kom to\u010dno\u0161\u0107u odgovarala na sva postavljena pitanja. Osu\u0111ena kao vje\u0161tica, 30. svibnja 1431. spaljena je na loma\u010di. Gledano zemaljski, mu\u010deni\u0161tvo je Ivane bilo poraz, nadnaravno gledano, uspon. Ona je u tom udesu na savr\u0161en na\u010din ispunila zada\u0107u Kristova u\u010denika: na se je uzela kri\u017e i slijedila ga. Kao o Kristu i o njoj se govorilo da zavodi narod i da je u savezu s Beelzebubom. Kao Krist i ona je \u010dula najprije kako joj kli\u010du &#8216;Hosana!&#8217;, a onda &#8216;Raspni ga!&#8217; Kao Krist i ona je prepatila getsemansku agoniju, od svojih ostavljena i neprijateljima predana. Kao Krist stajala je pred sucima bez obrane, bila zlostavljana od vojnika, \u010das hrabro govorila, \u010das \u0161utjela. I Ivanini su suci bili veliki sve\u0107enici, pismoznanci i predstavnici okupatora, koji su jedini imali pravo izre\u0107i sud i izvr\u0161iti ga.<\/p>\n\n\n\n<p>Rehabilitirana je pri obnovi procesa 1456. Bla\u017eenom ju je 1909. proglasio papa Pio X, a svetom 1920. papa Benedikt XV. Dan njezine uspomene francuski je nacionalni praznik. Simbol francuskog domoljublja, inspirirala je mnoge knji\u017eevnike, likovne umjetnike i glazbenike. Za\u0161titnica je Francuske, zarobljenika, zatvorenika, mu\u010denika, vojnika, oporbe crkvenim vlastima, osoba kojima se rugaju zbog pobo\u017enosti, \u017ertava silovanja te mnogih naselja, \u017eupa i crkava diljem Francuske i svijeta.<\/p>\n","protected":false},"excerpt":{"rendered":"<p>Jedva da je koja \u017eena tako presudno utjecala na povijest svoje domovine i naroda kao Sveta&nbsp;Ivana Ar\u0161ka, jednostavna seoska djevojka, koja sa 17 godina \u017eivota stade na \u010delo francuske vojske te u nevjerojatnom vojnom pohodu oslobodi svoju domovinu od vlasti tu\u0111inca, a nakon dvije godine, upav\u0161i u ruke neprijatelja, bude osu\u0111ena i spaljena na loma\u010di. [&hellip;]<\/p>\n","protected":false},"author":1,"featured_media":0,"comment_status":"closed","ping_status":"open","sticky":true,"template":"","format":"standard","meta":{"qubely_global_settings":"","qubely_interactions":"","footnotes":""},"categories":[154],"tags":[],"class_list":["post-11566","post","type-post","status-publish","format-standard","hentry","category-naslovna"],"blocksy_meta":{"styles_descriptor":{"styles":{"desktop":"","tablet":"","mobile":""},"google_fonts":[],"version":6}},"qubely_featured_image_url":null,"qubely_author":{"display_name":"Branko","author_link":"https:\/\/www.ofm.hr\/koprivnica\/author\/admkp8\/"},"qubely_comment":0,"qubely_category":"<a href=\"https:\/\/www.ofm.hr\/koprivnica\/category\/naslovna\/\" rel=\"category tag\">NASLOVNA<\/a>","qubely_excerpt":"Jedva da je koja \u017eena tako presudno utjecala na povijest svoje domovine i naroda kao Sveta&nbsp;Ivana Ar\u0161ka, jednostavna seoska djevojka, koja sa 17 godina \u017eivota stade na \u010delo francuske vojske te u nevjerojatnom vojnom pohodu oslobodi svoju domovinu od vlasti tu\u0111inca, a nakon dvije godine, upav\u0161i u ruke neprijatelja, bude osu\u0111ena i spaljena na loma\u010di.&hellip;","featured_image_urls_v2":{"full":"","thumbnail":"","medium":"","medium_large":"","large":"","1536x1536":"","2048x2048":"","qubely_landscape":"","qubely_portrait":"","qubely_thumbnail":""},"post_excerpt_stackable_v2":"<p>Sveta Ivana Orleanska Jedva da je koja \u017eena tako presudno utjecala na povijest svoje domovine i naroda kao Sveta&nbsp;Ivana Ar\u0161ka, jednostavna seoska djevojka, koja sa 17 godina \u017eivota stade na \u010delo francuske vojske te u nevjerojatnom vojnom pohodu oslobodi svoju domovinu od vlasti tu\u0111inca, a nakon dvije godine, upav\u0161i u ruke neprijatelja, bude osu\u0111ena i spaljena na loma\u010di. Njezina se tragedija pretvorila ipak u trijumf, jer ju je Crkva g. 1909. proglasila bla\u017eenom, a g. 1920. svetom. Pravi, objektivni pristup Djevici Orleanskoj omogu\u0107en je tek od g. 1849. kad je u\u010denjak Quicherat u pet svezaka objavio sa\u010duvana akta procesa protiv&hellip;<\/p>\n","category_list_v2":"<a href=\"https:\/\/www.ofm.hr\/koprivnica\/category\/naslovna\/\" rel=\"category tag\">NASLOVNA<\/a>","author_info_v2":{"name":"Branko","url":"https:\/\/www.ofm.hr\/koprivnica\/author\/admkp8\/"},"comments_num_v2":"0 comments","_links":{"self":[{"href":"https:\/\/www.ofm.hr\/koprivnica\/wp-json\/wp\/v2\/posts\/11566","targetHints":{"allow":["GET"]}}],"collection":[{"href":"https:\/\/www.ofm.hr\/koprivnica\/wp-json\/wp\/v2\/posts"}],"about":[{"href":"https:\/\/www.ofm.hr\/koprivnica\/wp-json\/wp\/v2\/types\/post"}],"author":[{"embeddable":true,"href":"https:\/\/www.ofm.hr\/koprivnica\/wp-json\/wp\/v2\/users\/1"}],"replies":[{"embeddable":true,"href":"https:\/\/www.ofm.hr\/koprivnica\/wp-json\/wp\/v2\/comments?post=11566"}],"version-history":[{"count":1,"href":"https:\/\/www.ofm.hr\/koprivnica\/wp-json\/wp\/v2\/posts\/11566\/revisions"}],"predecessor-version":[{"id":11568,"href":"https:\/\/www.ofm.hr\/koprivnica\/wp-json\/wp\/v2\/posts\/11566\/revisions\/11568"}],"wp:attachment":[{"href":"https:\/\/www.ofm.hr\/koprivnica\/wp-json\/wp\/v2\/media?parent=11566"}],"wp:term":[{"taxonomy":"category","embeddable":true,"href":"https:\/\/www.ofm.hr\/koprivnica\/wp-json\/wp\/v2\/categories?post=11566"},{"taxonomy":"post_tag","embeddable":true,"href":"https:\/\/www.ofm.hr\/koprivnica\/wp-json\/wp\/v2\/tags?post=11566"}],"curies":[{"name":"wp","href":"https:\/\/api.w.org\/{rel}","templated":true}]}}