{"id":11590,"date":"2022-05-30T13:01:40","date_gmt":"2022-05-30T11:01:40","guid":{"rendered":"https:\/\/www.ofm.hr\/koprivnica\/?p=11590"},"modified":"2022-05-30T13:01:41","modified_gmt":"2022-05-30T11:01:41","slug":"novi-susret-vjera-i-svjetlo","status":"publish","type":"post","link":"https:\/\/www.ofm.hr\/koprivnica\/novi-susret-vjera-i-svjetlo\/","title":{"rendered":"Novi susret &#8220;Vjera i Svjetlo&#8221;"},"content":{"rendered":"\n<p>U nedjelju 29.5.2022, &#8221; Vjera i Svjetlo&#8221; Koprivnica, odr\u017eala je zadnji susret prije ljeta. Drugi u ovoj godini. Tema mjeseca svibnja je bila Bartimej i njegov susret s Isusom. Nakon uvodne molitve i uvodne rije\u010di , kratko izlaganje o temi imao je vele\u010dasni Dario Levani\u0107. Nakon toga slijedio je razgovor sa novim i starim \u010dlanovima uz pjesmu, ispovijed i odlazak na misu. \u010clanovi su se razi\u0161li o\u010dekuju\u0107i novi radostan susret!<\/p>\n\n\n\n<figure class=\"wp-block-gallery has-nested-images columns-default is-cropped wp-block-gallery-1 is-layout-flex wp-block-gallery-is-layout-flex\" data-block-type=\"core\">\n<figure class=\"wp-block-image size-large\" data-block-type=\"core\"><a href=\"https:\/\/www.ofm.hr\/koprivnica\/wp-content\/uploads\/2022\/05\/vis-12.jpg\"><img loading=\"lazy\" decoding=\"async\" width=\"1200\" height=\"1600\" data-id=\"11587\" src=\"https:\/\/www.ofm.hr\/koprivnica\/wp-content\/uploads\/2022\/05\/vis-12.jpg\" alt=\"\" class=\"wp-image-11587\" srcset=\"https:\/\/www.ofm.hr\/koprivnica\/wp-content\/uploads\/2022\/05\/vis-12.jpg 1200w, https:\/\/www.ofm.hr\/koprivnica\/wp-content\/uploads\/2022\/05\/vis-12-225x300.jpg 225w, https:\/\/www.ofm.hr\/koprivnica\/wp-content\/uploads\/2022\/05\/vis-12-768x1024.jpg 768w, https:\/\/www.ofm.hr\/koprivnica\/wp-content\/uploads\/2022\/05\/vis-12-1152x1536.jpg 1152w\" sizes=\"auto, (max-width: 1200px) 100vw, 1200px\" \/><\/a><\/figure>\n\n\n\n<figure class=\"wp-block-image size-large\" data-block-type=\"core\"><a href=\"https:\/\/www.ofm.hr\/koprivnica\/wp-content\/uploads\/2022\/05\/vis-15.jpg\"><img loading=\"lazy\" decoding=\"async\" width=\"1200\" height=\"1600\" data-id=\"11586\" src=\"https:\/\/www.ofm.hr\/koprivnica\/wp-content\/uploads\/2022\/05\/vis-15.jpg\" alt=\"\" class=\"wp-image-11586\" srcset=\"https:\/\/www.ofm.hr\/koprivnica\/wp-content\/uploads\/2022\/05\/vis-15.jpg 1200w, https:\/\/www.ofm.hr\/koprivnica\/wp-content\/uploads\/2022\/05\/vis-15-225x300.jpg 225w, https:\/\/www.ofm.hr\/koprivnica\/wp-content\/uploads\/2022\/05\/vis-15-768x1024.jpg 768w, https:\/\/www.ofm.hr\/koprivnica\/wp-content\/uploads\/2022\/05\/vis-15-1152x1536.jpg 1152w\" sizes=\"auto, (max-width: 1200px) 100vw, 1200px\" \/><\/a><\/figure>\n\n\n\n<figure class=\"wp-block-image size-large\" data-block-type=\"core\"><a href=\"https:\/\/www.ofm.hr\/koprivnica\/wp-content\/uploads\/2022\/05\/vis-17.jpg\"><img loading=\"lazy\" decoding=\"async\" width=\"1600\" height=\"900\" data-id=\"11585\" src=\"https:\/\/www.ofm.hr\/koprivnica\/wp-content\/uploads\/2022\/05\/vis-17.jpg\" alt=\"\" class=\"wp-image-11585\" srcset=\"https:\/\/www.ofm.hr\/koprivnica\/wp-content\/uploads\/2022\/05\/vis-17.jpg 1600w, https:\/\/www.ofm.hr\/koprivnica\/wp-content\/uploads\/2022\/05\/vis-17-300x169.jpg 300w, https:\/\/www.ofm.hr\/koprivnica\/wp-content\/uploads\/2022\/05\/vis-17-1024x576.jpg 1024w, https:\/\/www.ofm.hr\/koprivnica\/wp-content\/uploads\/2022\/05\/vis-17-768x432.jpg 768w, https:\/\/www.ofm.hr\/koprivnica\/wp-content\/uploads\/2022\/05\/vis-17-1536x864.jpg 1536w\" sizes=\"auto, (max-width: 1600px) 100vw, 1600px\" \/><\/a><\/figure>\n\n\n\n<figure class=\"wp-block-image size-large\" data-block-type=\"core\"><a href=\"https:\/\/www.ofm.hr\/koprivnica\/wp-content\/uploads\/2022\/05\/vis-14.jpg\"><img loading=\"lazy\" decoding=\"async\" width=\"1200\" height=\"1600\" data-id=\"11584\" src=\"https:\/\/www.ofm.hr\/koprivnica\/wp-content\/uploads\/2022\/05\/vis-14.jpg\" alt=\"\" class=\"wp-image-11584\" srcset=\"https:\/\/www.ofm.hr\/koprivnica\/wp-content\/uploads\/2022\/05\/vis-14.jpg 1200w, https:\/\/www.ofm.hr\/koprivnica\/wp-content\/uploads\/2022\/05\/vis-14-225x300.jpg 225w, https:\/\/www.ofm.hr\/koprivnica\/wp-content\/uploads\/2022\/05\/vis-14-768x1024.jpg 768w, https:\/\/www.ofm.hr\/koprivnica\/wp-content\/uploads\/2022\/05\/vis-14-1152x1536.jpg 1152w\" sizes=\"auto, (max-width: 1200px) 100vw, 1200px\" \/><\/a><\/figure>\n\n\n\n<figure class=\"wp-block-image size-large\" data-block-type=\"core\"><a href=\"https:\/\/www.ofm.hr\/koprivnica\/wp-content\/uploads\/2022\/05\/vis-16.jpg\"><img loading=\"lazy\" decoding=\"async\" width=\"1600\" height=\"1200\" data-id=\"11583\" src=\"https:\/\/www.ofm.hr\/koprivnica\/wp-content\/uploads\/2022\/05\/vis-16.jpg\" alt=\"\" class=\"wp-image-11583\" srcset=\"https:\/\/www.ofm.hr\/koprivnica\/wp-content\/uploads\/2022\/05\/vis-16.jpg 1600w, https:\/\/www.ofm.hr\/koprivnica\/wp-content\/uploads\/2022\/05\/vis-16-300x225.jpg 300w, https:\/\/www.ofm.hr\/koprivnica\/wp-content\/uploads\/2022\/05\/vis-16-1024x768.jpg 1024w, https:\/\/www.ofm.hr\/koprivnica\/wp-content\/uploads\/2022\/05\/vis-16-768x576.jpg 768w, https:\/\/www.ofm.hr\/koprivnica\/wp-content\/uploads\/2022\/05\/vis-16-1536x1152.jpg 1536w\" sizes=\"auto, (max-width: 1600px) 100vw, 1600px\" \/><\/a><\/figure>\n\n\n\n<figure class=\"wp-block-image size-large\" data-block-type=\"core\"><a href=\"https:\/\/www.ofm.hr\/koprivnica\/wp-content\/uploads\/2022\/05\/vis-13.jpg\"><img loading=\"lazy\" decoding=\"async\" width=\"1600\" height=\"1200\" data-id=\"11582\" src=\"https:\/\/www.ofm.hr\/koprivnica\/wp-content\/uploads\/2022\/05\/vis-13.jpg\" alt=\"\" class=\"wp-image-11582\" srcset=\"https:\/\/www.ofm.hr\/koprivnica\/wp-content\/uploads\/2022\/05\/vis-13.jpg 1600w, https:\/\/www.ofm.hr\/koprivnica\/wp-content\/uploads\/2022\/05\/vis-13-300x225.jpg 300w, https:\/\/www.ofm.hr\/koprivnica\/wp-content\/uploads\/2022\/05\/vis-13-1024x768.jpg 1024w, https:\/\/www.ofm.hr\/koprivnica\/wp-content\/uploads\/2022\/05\/vis-13-768x576.jpg 768w, https:\/\/www.ofm.hr\/koprivnica\/wp-content\/uploads\/2022\/05\/vis-13-1536x1152.jpg 1536w\" sizes=\"auto, (max-width: 1600px) 100vw, 1600px\" \/><\/a><\/figure>\n\n\n\n<figure class=\"wp-block-image size-large\" data-block-type=\"core\"><a href=\"https:\/\/www.ofm.hr\/koprivnica\/wp-content\/uploads\/2022\/05\/vis-11.jpg\"><img loading=\"lazy\" decoding=\"async\" width=\"1200\" height=\"1600\" data-id=\"11580\" src=\"https:\/\/www.ofm.hr\/koprivnica\/wp-content\/uploads\/2022\/05\/vis-11.jpg\" alt=\"\" class=\"wp-image-11580\" srcset=\"https:\/\/www.ofm.hr\/koprivnica\/wp-content\/uploads\/2022\/05\/vis-11.jpg 1200w, https:\/\/www.ofm.hr\/koprivnica\/wp-content\/uploads\/2022\/05\/vis-11-225x300.jpg 225w, https:\/\/www.ofm.hr\/koprivnica\/wp-content\/uploads\/2022\/05\/vis-11-768x1024.jpg 768w, https:\/\/www.ofm.hr\/koprivnica\/wp-content\/uploads\/2022\/05\/vis-11-1152x1536.jpg 1152w\" sizes=\"auto, (max-width: 1200px) 100vw, 1200px\" \/><\/a><\/figure>\n\n\n\n<figure class=\"wp-block-image size-large\" data-block-type=\"core\"><a href=\"https:\/\/www.ofm.hr\/koprivnica\/wp-content\/uploads\/2022\/05\/vis-10.jpg\"><img loading=\"lazy\" decoding=\"async\" width=\"1600\" height=\"1200\" data-id=\"11581\" src=\"https:\/\/www.ofm.hr\/koprivnica\/wp-content\/uploads\/2022\/05\/vis-10.jpg\" alt=\"\" class=\"wp-image-11581\" srcset=\"https:\/\/www.ofm.hr\/koprivnica\/wp-content\/uploads\/2022\/05\/vis-10.jpg 1600w, https:\/\/www.ofm.hr\/koprivnica\/wp-content\/uploads\/2022\/05\/vis-10-300x225.jpg 300w, https:\/\/www.ofm.hr\/koprivnica\/wp-content\/uploads\/2022\/05\/vis-10-1024x768.jpg 1024w, https:\/\/www.ofm.hr\/koprivnica\/wp-content\/uploads\/2022\/05\/vis-10-768x576.jpg 768w, https:\/\/www.ofm.hr\/koprivnica\/wp-content\/uploads\/2022\/05\/vis-10-1536x1152.jpg 1536w\" sizes=\"auto, (max-width: 1600px) 100vw, 1600px\" \/><\/a><\/figure>\n<\/figure>\n","protected":false},"excerpt":{"rendered":"<p>U nedjelju 29.5.2022, &#8221; Vjera i Svjetlo&#8221; Koprivnica, odr\u017eala je zadnji susret prije ljeta. Drugi u ovoj godini. Tema mjeseca svibnja je bila Bartimej i njegov susret s Isusom. Nakon uvodne molitve i uvodne rije\u010di , kratko izlaganje o temi imao je vele\u010dasni Dario Levani\u0107. Nakon toga slijedio je razgovor sa novim i starim \u010dlanovima [&hellip;]<\/p>\n","protected":false},"author":1,"featured_media":0,"comment_status":"closed","ping_status":"open","sticky":true,"template":"","format":"standard","meta":{"qubely_global_settings":"","qubely_interactions":"","footnotes":""},"categories":[41],"tags":[],"class_list":["post-11590","post","type-post","status-publish","format-standard","hentry","category-vjera-i-svjetlo"],"blocksy_meta":{"styles_descriptor":{"styles":{"desktop":"","tablet":"","mobile":""},"google_fonts":[],"version":6}},"qubely_featured_image_url":null,"qubely_author":{"display_name":"Branko","author_link":"https:\/\/www.ofm.hr\/koprivnica\/author\/admkp8\/"},"qubely_comment":0,"qubely_category":"<a href=\"https:\/\/www.ofm.hr\/koprivnica\/category\/pastoralne-aktivnosti\/vjera-i-svjetlo\/\" rel=\"category tag\">VJERA I SVJETLO<\/a>","qubely_excerpt":"U nedjelju 29.5.2022, &#8221; Vjera i Svjetlo&#8221; Koprivnica, odr\u017eala je zadnji susret prije ljeta. Drugi u ovoj godini. Tema mjeseca svibnja je bila Bartimej i njegov susret s Isusom. Nakon uvodne molitve i uvodne rije\u010di , kratko izlaganje o temi imao je vele\u010dasni Dario Levani\u0107. Nakon toga slijedio je razgovor sa novim i starim \u010dlanovima&hellip;","featured_image_urls_v2":{"full":"","thumbnail":"","medium":"","medium_large":"","large":"","1536x1536":"","2048x2048":"","qubely_landscape":"","qubely_portrait":"","qubely_thumbnail":""},"post_excerpt_stackable_v2":"<p>U nedjelju 29.5.2022, &#8221; Vjera i Svjetlo&#8221; Koprivnica, odr\u017eala je zadnji susret prije ljeta. Drugi u ovoj godini. Tema mjeseca svibnja je bila Bartimej i njegov susret s Isusom. Nakon uvodne molitve i uvodne rije\u010di , kratko izlaganje o temi imao je vele\u010dasni Dario Levani\u0107. Nakon toga slijedio je razgovor sa novim i starim \u010dlanovima uz pjesmu, ispovijed i odlazak na misu. \u010clanovi su se razi\u0161li o\u010dekuju\u0107i novi radostan susret!<\/p>\n","category_list_v2":"<a href=\"https:\/\/www.ofm.hr\/koprivnica\/category\/pastoralne-aktivnosti\/vjera-i-svjetlo\/\" rel=\"category tag\">VJERA I SVJETLO<\/a>","author_info_v2":{"name":"Branko","url":"https:\/\/www.ofm.hr\/koprivnica\/author\/admkp8\/"},"comments_num_v2":"0 comments","_links":{"self":[{"href":"https:\/\/www.ofm.hr\/koprivnica\/wp-json\/wp\/v2\/posts\/11590","targetHints":{"allow":["GET"]}}],"collection":[{"href":"https:\/\/www.ofm.hr\/koprivnica\/wp-json\/wp\/v2\/posts"}],"about":[{"href":"https:\/\/www.ofm.hr\/koprivnica\/wp-json\/wp\/v2\/types\/post"}],"author":[{"embeddable":true,"href":"https:\/\/www.ofm.hr\/koprivnica\/wp-json\/wp\/v2\/users\/1"}],"replies":[{"embeddable":true,"href":"https:\/\/www.ofm.hr\/koprivnica\/wp-json\/wp\/v2\/comments?post=11590"}],"version-history":[{"count":1,"href":"https:\/\/www.ofm.hr\/koprivnica\/wp-json\/wp\/v2\/posts\/11590\/revisions"}],"predecessor-version":[{"id":11591,"href":"https:\/\/www.ofm.hr\/koprivnica\/wp-json\/wp\/v2\/posts\/11590\/revisions\/11591"}],"wp:attachment":[{"href":"https:\/\/www.ofm.hr\/koprivnica\/wp-json\/wp\/v2\/media?parent=11590"}],"wp:term":[{"taxonomy":"category","embeddable":true,"href":"https:\/\/www.ofm.hr\/koprivnica\/wp-json\/wp\/v2\/categories?post=11590"},{"taxonomy":"post_tag","embeddable":true,"href":"https:\/\/www.ofm.hr\/koprivnica\/wp-json\/wp\/v2\/tags?post=11590"}],"curies":[{"name":"wp","href":"https:\/\/api.w.org\/{rel}","templated":true}]}}