{"id":11600,"date":"2022-06-06T16:29:40","date_gmt":"2022-06-06T14:29:40","guid":{"rendered":"https:\/\/www.ofm.hr\/koprivnica\/?p=11600"},"modified":"2022-06-06T16:29:40","modified_gmt":"2022-06-06T14:29:40","slug":"sveti-barnaba-blagdan-11-lipnja","status":"publish","type":"post","link":"https:\/\/www.ofm.hr\/koprivnica\/sveti-barnaba-blagdan-11-lipnja\/","title":{"rendered":"Sveti Barnaba &#8211; blagdan 11. lipnja"},"content":{"rendered":"\n<figure class=\"wp-block-image alignleft size-full is-resized\" data-block-type=\"core\"><img loading=\"lazy\" decoding=\"async\" src=\"https:\/\/www.ofm.hr\/koprivnica\/wp-content\/uploads\/2022\/06\/Sv.-Barnaba.jpg\" alt=\"\" class=\"wp-image-11601\" width=\"207\" height=\"263\" srcset=\"https:\/\/www.ofm.hr\/koprivnica\/wp-content\/uploads\/2022\/06\/Sv.-Barnaba.jpg 377w, https:\/\/www.ofm.hr\/koprivnica\/wp-content\/uploads\/2022\/06\/Sv.-Barnaba-236x300.jpg 236w\" sizes=\"auto, (max-width: 207px) 100vw, 207px\" \/><\/figure>\n\n\n\n<p>Duh Sveti s plodovima Duha bio je naro\u010dito prisutan u svetom apostolu Barnabi. Za njega je sv. Luka u Djelima apostolskim zapisao: \u00bbBija\u0161e on dobar \u010dovjek, pun Duha Svetoga i vjere\u00ab. Na drugome mjestu hvali se njegova dare\u017eljivost, \u0161to je opet plod Duha: \u00bbTako je Josip, koga apostoli prozva\u0161e Barnaba \u2013 \u0161to zna\u010di sin utjehe \u2013 levit, rodom s Cipra, posjedovao njivu, koju prodade i novac donese te ga stavi pred noge apostolima\u00ab.Prema izvje\u0161tajima Djela apostolskih, Barnaba je prije Pavla, a kasnije uz njega, bio jedan od najve\u0107ih apostola i misionara prve crkvene zajednice. \u00bbBarnaba krene u Tarz da potra\u017ei Savla\u00ab. S njime zajedno nosi pomo\u0107 \u2013 dar antiohijske zajednice \u2013 \u00bbbra\u0107i u Judeji\u00ab. Zatim kre\u0107e na prvo veliko misijsko putovanje, za koje ih je odredio sam Duh Sveti: \u00bbOdvojite mi ve\u0107 Barnabu i Savla za djelo za koje sam ih odredio!\u00ab. Barnabina je velika povijesna zasluga ne samo \u0161to je misiji me\u0111u poganima dao sna\u017ean zamah, postav\u0161i i sam me\u0111u njima velik i prodoran misionar, ve\u0107 \u0161to je progonitelja Savla nakon njegova obra\u0107enja predveo vode\u0107im ljudima jeruzalemske zajednice i na taj ga na\u010din rehabilitirao te mu otvorio put u njegovo vlastito nedosti\u017eivo misijsko djelovanje. Nas bi zanimalo da saznamo \u0161to vi\u0161e pojedinosti o \u017eivotu toga velikoga apostola, o \u010dijem djelovanju Djela apostolska razmjerno mnogo govore. Barnaba u pratnji sv. Pavla ide na svoj rodni otok Cipar, a zatim u Malu Aziju. O do\u017eivljajima na tom putovanju imamo op\u0161iran izvje\u0161taj u Djelima apostolskim u 13. i 14. poglavlju. Vrativ\u0161i se godine 49. s Pavlom u Antiohiju, Barnaba je bio uvu\u010den u tada\u0161nju veliku raspravu \u0161to \u010diniti s poganima koji postaju kr\u0161\u0107ani? Antiohijska Crkva Pavla i Barnabu posla u Jeruzalem da taj problem iznesu pred apostole i starje\u0161ine. I tako je do\u0161lo do Apostolskoga sabora u Jeruzalemu, na kojem su aktivno sudjelovala i oba apostola: Pavao i Barnaba. Njihov je izvje\u0161taj te iskustva s misijskog pohoda me\u0111u poganima pa\u017eljivo saslu\u0161ala jeruzalemska Crkva s apostolima na \u010delu. \u00bbTada odlu\u010di\u0161e apostoli i starje\u0161ine sa svom Crkvom da izme\u0111u sebe izaberu neke ljude te ih s Pavlom i Barnabom po\u0161alju u Antiohiju. Izaslanici se oproste i si\u0111u u Antiohiju: tu skupe narod i predadu poslanicu. Kad je pro\u010dita\u0161e, obradova\u0161e se zbog utje\u0161ne rije\u010di. A Pavao i Barnaba zadr\u017ea\u0161e se u Antiohiji, gdje su s mnogim drugima pou\u010davali i propovijedali Gospodnju rije\u010d\u00ab. Pavao je sa\u010duvao i po\u0161tovanje i prijateljstvo prema Barnabi. O Barnabi, na \u017ealost, kasnije vi\u0161e nemamo nikakvih sigurnih podataka. Jedna legenda, kasnije i zabilje\u017eena, govori o Barnabinu apostolatu na Cipru te o njegovoj slavnoj smrti koju su, prema nekom monahu Aleksandru, prouzro\u010dili \u017didovi do\u0161av\u0161i iz Sirije na Cipar. Njima je bilo zazorno da je taj \u010dovjek tolike obratio na kr\u0161\u0107anstvo pa su ga kamenovali i spalili. Neki su mi\u0161ljenja da bi ta stara predaja mogla imati i svoj povijesni temelj. Zato i Crkva u bogoslu\u017eju na njegov blagdan primjenjuje na njega ove Isusove rije\u010di: \u2019Ja sam vas izabrao i odredio vas da idete i rodite rod i da va\u0161 rod ostane\u2019. Barnaba je, doista, bio Isusov izabranik, koji je mnogo hodao i obilat rod rodio i njegov rod je trajan.<\/p>\n","protected":false},"excerpt":{"rendered":"<p>Duh Sveti s plodovima Duha bio je naro\u010dito prisutan u svetom apostolu Barnabi. Za njega je sv. Luka u Djelima apostolskim zapisao: \u00bbBija\u0161e on dobar \u010dovjek, pun Duha Svetoga i vjere\u00ab. Na drugome mjestu hvali se njegova dare\u017eljivost, \u0161to je opet plod Duha: \u00bbTako je Josip, koga apostoli prozva\u0161e Barnaba \u2013 \u0161to zna\u010di sin utjehe [&hellip;]<\/p>\n","protected":false},"author":1,"featured_media":0,"comment_status":"closed","ping_status":"open","sticky":true,"template":"","format":"standard","meta":{"qubely_global_settings":"","qubely_interactions":"","footnotes":""},"categories":[154],"tags":[],"class_list":["post-11600","post","type-post","status-publish","format-standard","hentry","category-naslovna"],"blocksy_meta":{"styles_descriptor":{"styles":{"desktop":"","tablet":"","mobile":""},"google_fonts":[],"version":6}},"qubely_featured_image_url":null,"qubely_author":{"display_name":"Branko","author_link":"https:\/\/www.ofm.hr\/koprivnica\/author\/admkp8\/"},"qubely_comment":0,"qubely_category":"<a href=\"https:\/\/www.ofm.hr\/koprivnica\/category\/naslovna\/\" rel=\"category tag\">NASLOVNA<\/a>","qubely_excerpt":"Duh Sveti s plodovima Duha bio je naro\u010dito prisutan u svetom apostolu Barnabi. Za njega je sv. Luka u Djelima apostolskim zapisao: \u00bbBija\u0161e on dobar \u010dovjek, pun Duha Svetoga i vjere\u00ab. Na drugome mjestu hvali se njegova dare\u017eljivost, \u0161to je opet plod Duha: \u00bbTako je Josip, koga apostoli prozva\u0161e Barnaba \u2013 \u0161to zna\u010di sin utjehe&hellip;","featured_image_urls_v2":{"full":"","thumbnail":"","medium":"","medium_large":"","large":"","1536x1536":"","2048x2048":"","qubely_landscape":"","qubely_portrait":"","qubely_thumbnail":""},"post_excerpt_stackable_v2":"<p>Duh Sveti s plodovima Duha bio je naro\u010dito prisutan u svetom apostolu Barnabi. Za njega je sv. Luka u Djelima apostolskim zapisao: \u00bbBija\u0161e on dobar \u010dovjek, pun Duha Svetoga i vjere\u00ab. Na drugome mjestu hvali se njegova dare\u017eljivost, \u0161to je opet plod Duha: \u00bbTako je Josip, koga apostoli prozva\u0161e Barnaba \u2013 \u0161to zna\u010di sin utjehe \u2013 levit, rodom s Cipra, posjedovao njivu, koju prodade i novac donese te ga stavi pred noge apostolima\u00ab.Prema izvje\u0161tajima Djela apostolskih, Barnaba je prije Pavla, a kasnije uz njega, bio jedan od najve\u0107ih apostola i misionara prve crkvene zajednice. \u00bbBarnaba krene u Tarz da potra\u017ei&hellip;<\/p>\n","category_list_v2":"<a href=\"https:\/\/www.ofm.hr\/koprivnica\/category\/naslovna\/\" rel=\"category tag\">NASLOVNA<\/a>","author_info_v2":{"name":"Branko","url":"https:\/\/www.ofm.hr\/koprivnica\/author\/admkp8\/"},"comments_num_v2":"0 comments","_links":{"self":[{"href":"https:\/\/www.ofm.hr\/koprivnica\/wp-json\/wp\/v2\/posts\/11600","targetHints":{"allow":["GET"]}}],"collection":[{"href":"https:\/\/www.ofm.hr\/koprivnica\/wp-json\/wp\/v2\/posts"}],"about":[{"href":"https:\/\/www.ofm.hr\/koprivnica\/wp-json\/wp\/v2\/types\/post"}],"author":[{"embeddable":true,"href":"https:\/\/www.ofm.hr\/koprivnica\/wp-json\/wp\/v2\/users\/1"}],"replies":[{"embeddable":true,"href":"https:\/\/www.ofm.hr\/koprivnica\/wp-json\/wp\/v2\/comments?post=11600"}],"version-history":[{"count":1,"href":"https:\/\/www.ofm.hr\/koprivnica\/wp-json\/wp\/v2\/posts\/11600\/revisions"}],"predecessor-version":[{"id":11602,"href":"https:\/\/www.ofm.hr\/koprivnica\/wp-json\/wp\/v2\/posts\/11600\/revisions\/11602"}],"wp:attachment":[{"href":"https:\/\/www.ofm.hr\/koprivnica\/wp-json\/wp\/v2\/media?parent=11600"}],"wp:term":[{"taxonomy":"category","embeddable":true,"href":"https:\/\/www.ofm.hr\/koprivnica\/wp-json\/wp\/v2\/categories?post=11600"},{"taxonomy":"post_tag","embeddable":true,"href":"https:\/\/www.ofm.hr\/koprivnica\/wp-json\/wp\/v2\/tags?post=11600"}],"curies":[{"name":"wp","href":"https:\/\/api.w.org\/{rel}","templated":true}]}}