{"id":1177,"date":"2022-03-06T22:43:52","date_gmt":"2022-03-06T21:43:52","guid":{"rendered":"https:\/\/ofm.hr\/koprivnica-wp\/?p=1177"},"modified":"2022-03-06T22:43:52","modified_gmt":"2022-03-06T21:43:52","slug":"zajednica-vjera-i-svjetlo-proslava-blagdana-svijecnice-u-virovitici-2","status":"publish","type":"post","link":"https:\/\/www.ofm.hr\/koprivnica\/zajednica-vjera-i-svjetlo-proslava-blagdana-svijecnice-u-virovitici-2\/","title":{"rendered":"Zajednica \u201eVjera i svjetlo\u201c &#8211; proslava blagdana \u201eSvije\u0107nice\u201c u Virovitici"},"content":{"rendered":"<p><img loading=\"lazy\" decoding=\"async\" class=\" alignleft size-full wp-image-1144\" style=\"margin: 3px; float: left;\" src=\"https:\/\/www.ofm.hr\/koprivnica\/wp-content\/uploads\/2015\/02\/web19_IMG_6439.jpg\" width=\"119\" height=\"90\" srcset=\"https:\/\/www.ofm.hr\/koprivnica\/wp-content\/uploads\/2015\/02\/web19_IMG_6439.jpg 640w, https:\/\/www.ofm.hr\/koprivnica\/wp-content\/uploads\/2015\/02\/web19_IMG_6439-600x450.jpg 600w, https:\/\/www.ofm.hr\/koprivnica\/wp-content\/uploads\/2015\/02\/web19_IMG_6439-300x225.jpg 300w\" sizes=\"auto, (max-width: 119px) 100vw, 119px\" \/>\u00a0\u201eNema te tame na ovome svijetu koja se mo\u017ee suprotstaviti svjetlosti, makar to bila i svjetlost najmanje svije\u0107e!\u201c Zajednica \u201eVjera i svjetlo\u201c na blagdan \u201eSvije\u0107nice\u201c slavi svoj dan. Kao i svake godine, toga se dana okupljaju zajednice iz okolnih gradova i mjesta kako bi zajedni\u010dkim dru\u017eenjem i misom proslavili Prikazanje Gospodinovo u Hramu. Autobus pun \u010dlanova zajednica iz \u0110ur\u0111evca, Klo\u0161tra Podravskog i Koprivnice krenuo je tako ovogodi\u0161njim doma\u0107inima, prijateljima iz zajednice \u201eMarijine iskrice\u201c u Viroviticu. Svi radosno okupljeni na jednom mjestu, sudjelovali smo na sve\u010danom misnom slavlju predvo\u0111enim fra Robertom \u0106ibari\u0107em, koji je na poseban na\u010din, kroz propovijed, ukazao na va\u017enost postojanja jedne takve zajednice kao \u0161to je \u201eVjera i svjetlo\u201c. Istaknuo je kako se u njoj okupljaju maleni i slabi koje Gospodin, kao posebno svjetlo u mraku, \u0161alje za poseban primjer bogatima i mudrima. Jednostavnost i neposrednost, iskrenost u ljubavi i radosti je ono \u0161to krasi jednu takvu zajednicu. Prethodno ovako lijepim i poticajnim mislima, izra\u017eenim u rije\u010dima fra Roberta, na\u0161i su \u201eAntunovi ljiljani\u201c svojim gestama i mimikom scenski prikazali Evan\u0111elja po Luki (2 22-40), odnosno Prikazanje Gospodinovo u Hramu. Za svoju su izvedbu zaslu\u017eili svaku pohvalu i vjerujem da je onaj plami\u010dak s blagoslovljenih svije\u0107a jo\u0161 ja\u010de zasjao u svakom srcu koji se je tada nalazio na misnom slavlju. S pjesmama \u201eJa volim Isusa\u201c i \u201eGradimo prijateljstvo\u201c svoje smo me\u0111usobno dru\u017eenje iz crkve prenijeli u dvoranu i s \u017eupljanima grada Virovitice ga nastavili uz plesne korake, zvukove gitare i uz bogat stol \u0161to su ga \u201eMarijine iskrice\u201c s velikim srcem i rado\u0161\u0107u pripremile. Bilo nam je zaista lijepo i u takvim trenucima \u010dovjek jednostavno zaboravi na sve probleme koji ti se ina\u010de u svakodnevnom \u017eivotu doga\u0111aju. I to je ta bo\u017eja svjetlost kada ti se svaki taj problem \u010dini puno manji jer si u du\u0161i osjetio ljubav i snagu bo\u017eje prisutnosti koji ti ulijevaju hrabrost i spoznaju da \u0107e sve iza\u0107i na dobro. Kako je blagdan \u201eSvije\u0107nice\u201c i Dan posve\u0107enog \u017eivota, \u201eAntunovi ljiljani\u201c \u010destitaju svim redovnicima i redovnicama Dan posve\u0107enog \u017eivota i zahvaljujemo dragom Bogu na daru njihove ljubavi, molitve, rada i svjedo\u010danstva Bo\u017eje prisutnosti u \u017eivotima ljudi, \u201e\u0161to je temeljna melodija posve\u0107enoga \u017eivota!\u201c Koraljka K., prijatelj zajednice \u201eVjera i svjetlo\u201c<\/p>\n<p><img loading=\"lazy\" decoding=\"async\" class=\" size-full wp-image-1153\" src=\"https:\/\/www.ofm.hr\/koprivnica\/wp-content\/uploads\/2015\/02\/web19_IMG_6431.jpg\" alt=\"\" width=\"119\" height=\"90\" srcset=\"https:\/\/www.ofm.hr\/koprivnica\/wp-content\/uploads\/2015\/02\/web19_IMG_6431.jpg 640w, https:\/\/www.ofm.hr\/koprivnica\/wp-content\/uploads\/2015\/02\/web19_IMG_6431-600x450.jpg 600w, https:\/\/www.ofm.hr\/koprivnica\/wp-content\/uploads\/2015\/02\/web19_IMG_6431-300x225.jpg 300w\" sizes=\"auto, (max-width: 119px) 100vw, 119px\" \/> <img loading=\"lazy\" decoding=\"async\" class=\" size-full wp-image-1154\" src=\"https:\/\/www.ofm.hr\/koprivnica\/wp-content\/uploads\/2015\/02\/web19_IMG_6432.jpg\" alt=\"\" width=\"119\" height=\"90\" srcset=\"https:\/\/www.ofm.hr\/koprivnica\/wp-content\/uploads\/2015\/02\/web19_IMG_6432.jpg 640w, https:\/\/www.ofm.hr\/koprivnica\/wp-content\/uploads\/2015\/02\/web19_IMG_6432-600x450.jpg 600w, https:\/\/www.ofm.hr\/koprivnica\/wp-content\/uploads\/2015\/02\/web19_IMG_6432-300x225.jpg 300w\" sizes=\"auto, (max-width: 119px) 100vw, 119px\" \/> <img loading=\"lazy\" decoding=\"async\" class=\" size-full wp-image-1155\" src=\"https:\/\/www.ofm.hr\/koprivnica\/wp-content\/uploads\/2015\/02\/web19_IMG_6433.jpg\" alt=\"\" width=\"119\" height=\"90\" srcset=\"https:\/\/www.ofm.hr\/koprivnica\/wp-content\/uploads\/2015\/02\/web19_IMG_6433.jpg 640w, https:\/\/www.ofm.hr\/koprivnica\/wp-content\/uploads\/2015\/02\/web19_IMG_6433-600x450.jpg 600w, https:\/\/www.ofm.hr\/koprivnica\/wp-content\/uploads\/2015\/02\/web19_IMG_6433-300x225.jpg 300w\" sizes=\"auto, (max-width: 119px) 100vw, 119px\" \/> <img loading=\"lazy\" decoding=\"async\" class=\" size-full wp-image-1156\" src=\"https:\/\/www.ofm.hr\/koprivnica\/wp-content\/uploads\/2015\/02\/web19_IMG_6435.jpg\" alt=\"\" width=\"119\" height=\"90\" srcset=\"https:\/\/www.ofm.hr\/koprivnica\/wp-content\/uploads\/2015\/02\/web19_IMG_6435.jpg 640w, https:\/\/www.ofm.hr\/koprivnica\/wp-content\/uploads\/2015\/02\/web19_IMG_6435-600x450.jpg 600w, https:\/\/www.ofm.hr\/koprivnica\/wp-content\/uploads\/2015\/02\/web19_IMG_6435-300x225.jpg 300w\" sizes=\"auto, (max-width: 119px) 100vw, 119px\" \/> <img loading=\"lazy\" decoding=\"async\" class=\" size-full wp-image-1157\" src=\"https:\/\/www.ofm.hr\/koprivnica\/wp-content\/uploads\/2015\/02\/web19_IMG_6436.jpg\" alt=\"\" width=\"119\" height=\"90\" srcset=\"https:\/\/www.ofm.hr\/koprivnica\/wp-content\/uploads\/2015\/02\/web19_IMG_6436.jpg 640w, https:\/\/www.ofm.hr\/koprivnica\/wp-content\/uploads\/2015\/02\/web19_IMG_6436-600x450.jpg 600w, https:\/\/www.ofm.hr\/koprivnica\/wp-content\/uploads\/2015\/02\/web19_IMG_6436-300x225.jpg 300w\" sizes=\"auto, (max-width: 119px) 100vw, 119px\" \/> <img loading=\"lazy\" decoding=\"async\" class=\" size-full wp-image-1158\" src=\"https:\/\/www.ofm.hr\/koprivnica\/wp-content\/uploads\/2015\/02\/web19_IMG_6437.jpg\" alt=\"\" width=\"119\" height=\"90\" srcset=\"https:\/\/www.ofm.hr\/koprivnica\/wp-content\/uploads\/2015\/02\/web19_IMG_6437.jpg 640w, https:\/\/www.ofm.hr\/koprivnica\/wp-content\/uploads\/2015\/02\/web19_IMG_6437-600x450.jpg 600w, https:\/\/www.ofm.hr\/koprivnica\/wp-content\/uploads\/2015\/02\/web19_IMG_6437-300x225.jpg 300w\" sizes=\"auto, (max-width: 119px) 100vw, 119px\" \/> <img loading=\"lazy\" decoding=\"async\" class=\" size-full wp-image-1159\" src=\"https:\/\/www.ofm.hr\/koprivnica\/wp-content\/uploads\/2015\/02\/web19_IMG_6438.jpg\" alt=\"\" width=\"119\" height=\"90\" srcset=\"https:\/\/www.ofm.hr\/koprivnica\/wp-content\/uploads\/2015\/02\/web19_IMG_6438.jpg 640w, https:\/\/www.ofm.hr\/koprivnica\/wp-content\/uploads\/2015\/02\/web19_IMG_6438-600x450.jpg 600w, https:\/\/www.ofm.hr\/koprivnica\/wp-content\/uploads\/2015\/02\/web19_IMG_6438-300x225.jpg 300w\" sizes=\"auto, (max-width: 119px) 100vw, 119px\" \/>\u00a0 <img loading=\"lazy\" decoding=\"async\" class=\" size-full wp-image-1160\" src=\"https:\/\/www.ofm.hr\/koprivnica\/wp-content\/uploads\/2015\/02\/web19_IMG_6442.jpg\" alt=\"\" width=\"119\" height=\"90\" srcset=\"https:\/\/www.ofm.hr\/koprivnica\/wp-content\/uploads\/2015\/02\/web19_IMG_6442.jpg 640w, https:\/\/www.ofm.hr\/koprivnica\/wp-content\/uploads\/2015\/02\/web19_IMG_6442-600x450.jpg 600w, https:\/\/www.ofm.hr\/koprivnica\/wp-content\/uploads\/2015\/02\/web19_IMG_6442-300x225.jpg 300w\" sizes=\"auto, (max-width: 119px) 100vw, 119px\" \/> <img loading=\"lazy\" decoding=\"async\" class=\" size-full wp-image-1161\" src=\"https:\/\/www.ofm.hr\/koprivnica\/wp-content\/uploads\/2015\/02\/web19_IMG_6444.jpg\" alt=\"\" width=\"119\" height=\"90\" srcset=\"https:\/\/www.ofm.hr\/koprivnica\/wp-content\/uploads\/2015\/02\/web19_IMG_6444.jpg 640w, https:\/\/www.ofm.hr\/koprivnica\/wp-content\/uploads\/2015\/02\/web19_IMG_6444-600x450.jpg 600w, https:\/\/www.ofm.hr\/koprivnica\/wp-content\/uploads\/2015\/02\/web19_IMG_6444-300x225.jpg 300w\" sizes=\"auto, (max-width: 119px) 100vw, 119px\" \/> <img loading=\"lazy\" decoding=\"async\" class=\" size-full wp-image-1162\" src=\"https:\/\/www.ofm.hr\/koprivnica\/wp-content\/uploads\/2015\/02\/web19_IMG_6445.jpg\" alt=\"\" width=\"119\" height=\"90\" srcset=\"https:\/\/www.ofm.hr\/koprivnica\/wp-content\/uploads\/2015\/02\/web19_IMG_6445.jpg 640w, https:\/\/www.ofm.hr\/koprivnica\/wp-content\/uploads\/2015\/02\/web19_IMG_6445-600x450.jpg 600w, https:\/\/www.ofm.hr\/koprivnica\/wp-content\/uploads\/2015\/02\/web19_IMG_6445-300x225.jpg 300w\" sizes=\"auto, (max-width: 119px) 100vw, 119px\" \/> <img loading=\"lazy\" decoding=\"async\" class=\" size-full wp-image-1163\" src=\"https:\/\/www.ofm.hr\/koprivnica\/wp-content\/uploads\/2015\/02\/web19_IMG_6446.jpg\" alt=\"\" width=\"119\" height=\"90\" srcset=\"https:\/\/www.ofm.hr\/koprivnica\/wp-content\/uploads\/2015\/02\/web19_IMG_6446.jpg 640w, https:\/\/www.ofm.hr\/koprivnica\/wp-content\/uploads\/2015\/02\/web19_IMG_6446-600x450.jpg 600w, https:\/\/www.ofm.hr\/koprivnica\/wp-content\/uploads\/2015\/02\/web19_IMG_6446-300x225.jpg 300w\" sizes=\"auto, (max-width: 119px) 100vw, 119px\" \/> <img loading=\"lazy\" decoding=\"async\" class=\" size-full wp-image-1164\" src=\"https:\/\/www.ofm.hr\/koprivnica\/wp-content\/uploads\/2015\/02\/web19_IMG_6447.jpg\" alt=\"\" width=\"119\" height=\"90\" srcset=\"https:\/\/www.ofm.hr\/koprivnica\/wp-content\/uploads\/2015\/02\/web19_IMG_6447.jpg 640w, https:\/\/www.ofm.hr\/koprivnica\/wp-content\/uploads\/2015\/02\/web19_IMG_6447-600x450.jpg 600w, https:\/\/www.ofm.hr\/koprivnica\/wp-content\/uploads\/2015\/02\/web19_IMG_6447-300x225.jpg 300w\" sizes=\"auto, (max-width: 119px) 100vw, 119px\" \/> <img loading=\"lazy\" decoding=\"async\" class=\" size-full wp-image-1165\" src=\"https:\/\/www.ofm.hr\/koprivnica\/wp-content\/uploads\/2015\/02\/web19_1.jpg\" alt=\"\" width=\"119\" height=\"90\" srcset=\"https:\/\/www.ofm.hr\/koprivnica\/wp-content\/uploads\/2015\/02\/web19_1.jpg 640w, https:\/\/www.ofm.hr\/koprivnica\/wp-content\/uploads\/2015\/02\/web19_1-600x450.jpg 600w, https:\/\/www.ofm.hr\/koprivnica\/wp-content\/uploads\/2015\/02\/web19_1-300x225.jpg 300w\" sizes=\"auto, (max-width: 119px) 100vw, 119px\" \/> <img loading=\"lazy\" decoding=\"async\" class=\" size-full wp-image-1166\" src=\"https:\/\/www.ofm.hr\/koprivnica\/wp-content\/uploads\/2015\/02\/web19_2.jpg\" alt=\"\" width=\"119\" height=\"90\" srcset=\"https:\/\/www.ofm.hr\/koprivnica\/wp-content\/uploads\/2015\/02\/web19_2.jpg 640w, https:\/\/www.ofm.hr\/koprivnica\/wp-content\/uploads\/2015\/02\/web19_2-600x450.jpg 600w, https:\/\/www.ofm.hr\/koprivnica\/wp-content\/uploads\/2015\/02\/web19_2-300x225.jpg 300w\" sizes=\"auto, (max-width: 119px) 100vw, 119px\" \/> <img loading=\"lazy\" decoding=\"async\" class=\" size-full wp-image-1167\" src=\"https:\/\/www.ofm.hr\/koprivnica\/wp-content\/uploads\/2015\/02\/web19_3.jpg\" alt=\"\" width=\"119\" height=\"90\" srcset=\"https:\/\/www.ofm.hr\/koprivnica\/wp-content\/uploads\/2015\/02\/web19_3.jpg 640w, https:\/\/www.ofm.hr\/koprivnica\/wp-content\/uploads\/2015\/02\/web19_3-600x450.jpg 600w, https:\/\/www.ofm.hr\/koprivnica\/wp-content\/uploads\/2015\/02\/web19_3-300x225.jpg 300w\" sizes=\"auto, (max-width: 119px) 100vw, 119px\" \/> <img loading=\"lazy\" decoding=\"async\" class=\" size-full wp-image-1168\" src=\"https:\/\/www.ofm.hr\/koprivnica\/wp-content\/uploads\/2015\/02\/web19_4.jpg\" alt=\"\" width=\"119\" height=\"90\" \/> <img loading=\"lazy\" decoding=\"async\" class=\" size-full wp-image-1169\" src=\"https:\/\/www.ofm.hr\/koprivnica\/wp-content\/uploads\/2015\/02\/web19_5.jpg\" alt=\"\" width=\"119\" height=\"90\" srcset=\"https:\/\/www.ofm.hr\/koprivnica\/wp-content\/uploads\/2015\/02\/web19_5.jpg 640w, https:\/\/www.ofm.hr\/koprivnica\/wp-content\/uploads\/2015\/02\/web19_5-600x450.jpg 600w, https:\/\/www.ofm.hr\/koprivnica\/wp-content\/uploads\/2015\/02\/web19_5-300x225.jpg 300w\" sizes=\"auto, (max-width: 119px) 100vw, 119px\" \/> <img loading=\"lazy\" decoding=\"async\" class=\" size-full wp-image-1172\" src=\"https:\/\/www.ofm.hr\/koprivnica\/wp-content\/uploads\/2015\/02\/web19_6.jpg\" alt=\"\" width=\"119\" height=\"90\" srcset=\"https:\/\/www.ofm.hr\/koprivnica\/wp-content\/uploads\/2015\/02\/web19_6.jpg 640w, https:\/\/www.ofm.hr\/koprivnica\/wp-content\/uploads\/2015\/02\/web19_6-600x450.jpg 600w, https:\/\/www.ofm.hr\/koprivnica\/wp-content\/uploads\/2015\/02\/web19_6-300x225.jpg 300w\" sizes=\"auto, (max-width: 119px) 100vw, 119px\" \/> <img loading=\"lazy\" decoding=\"async\" class=\" size-full wp-image-1173\" src=\"https:\/\/www.ofm.hr\/koprivnica\/wp-content\/uploads\/2015\/02\/web19_7.jpg\" alt=\"\" width=\"119\" height=\"90\" srcset=\"https:\/\/www.ofm.hr\/koprivnica\/wp-content\/uploads\/2015\/02\/web19_7.jpg 640w, https:\/\/www.ofm.hr\/koprivnica\/wp-content\/uploads\/2015\/02\/web19_7-600x450.jpg 600w, https:\/\/www.ofm.hr\/koprivnica\/wp-content\/uploads\/2015\/02\/web19_7-300x225.jpg 300w\" sizes=\"auto, (max-width: 119px) 100vw, 119px\" \/> <img loading=\"lazy\" decoding=\"async\" class=\" size-full wp-image-1174\" src=\"https:\/\/www.ofm.hr\/koprivnica\/wp-content\/uploads\/2015\/02\/web19_8.jpg\" alt=\"\" width=\"119\" height=\"90\" srcset=\"https:\/\/www.ofm.hr\/koprivnica\/wp-content\/uploads\/2015\/02\/web19_8.jpg 640w, https:\/\/www.ofm.hr\/koprivnica\/wp-content\/uploads\/2015\/02\/web19_8-600x450.jpg 600w, https:\/\/www.ofm.hr\/koprivnica\/wp-content\/uploads\/2015\/02\/web19_8-300x225.jpg 300w\" sizes=\"auto, (max-width: 119px) 100vw, 119px\" \/> <img loading=\"lazy\" decoding=\"async\" class=\" size-full wp-image-1175\" src=\"https:\/\/www.ofm.hr\/koprivnica\/wp-content\/uploads\/2015\/02\/web19_9.jpg\" alt=\"\" width=\"119\" height=\"90\" \/> <img loading=\"lazy\" decoding=\"async\" class=\" size-full wp-image-1176\" src=\"https:\/\/www.ofm.hr\/koprivnica\/wp-content\/uploads\/2015\/02\/web19_10.jpg\" alt=\"\" width=\"119\" height=\"90\" \/> \u00a0<\/p>\n","protected":false},"excerpt":{"rendered":"<p>\u00a0\u201eNema te tame na ovome svijetu koja se mo\u017ee suprotstaviti svjetlosti, makar to bila i svjetlost najmanje svije\u0107e!\u201c Zajednica \u201eVjera i svjetlo\u201c na blagdan \u201eSvije\u0107nice\u201c slavi svoj dan. Kao i svake godine, toga se dana okupljaju zajednice iz okolnih gradova i mjesta kako bi zajedni\u010dkim dru\u017eenjem i misom proslavili Prikazanje Gospodinovo u Hramu. Autobus pun [&hellip;]<\/p>\n","protected":false},"author":1,"featured_media":1144,"comment_status":"closed","ping_status":"open","sticky":false,"template":"","format":"standard","meta":{"qubely_global_settings":"","qubely_interactions":"","footnotes":""},"categories":[41],"tags":[],"class_list":["post-1177","post","type-post","status-publish","format-standard","has-post-thumbnail","hentry","category-vjera-i-svjetlo"],"blocksy_meta":{"styles_descriptor":{"styles":{"desktop":"","tablet":"","mobile":""},"google_fonts":[],"version":6}},"qubely_featured_image_url":{"full":["https:\/\/www.ofm.hr\/koprivnica\/wp-content\/uploads\/2015\/02\/web19_IMG_6439.jpg",640,480,false],"landscape":["https:\/\/www.ofm.hr\/koprivnica\/wp-content\/uploads\/2015\/02\/web19_IMG_6439.jpg",640,480,false],"portraits":["https:\/\/www.ofm.hr\/koprivnica\/wp-content\/uploads\/2015\/02\/web19_IMG_6439.jpg",427,320,false],"thumbnail":["https:\/\/www.ofm.hr\/koprivnica\/wp-content\/uploads\/2015\/02\/web19_IMG_6439-150x150.jpg",150,150,true],"medium":["https:\/\/www.ofm.hr\/koprivnica\/wp-content\/uploads\/2015\/02\/web19_IMG_6439-300x225.jpg",300,225,true],"medium_large":["https:\/\/www.ofm.hr\/koprivnica\/wp-content\/uploads\/2015\/02\/web19_IMG_6439.jpg",640,480,false],"large":["https:\/\/www.ofm.hr\/koprivnica\/wp-content\/uploads\/2015\/02\/web19_IMG_6439.jpg",640,480,false],"1536x1536":["https:\/\/www.ofm.hr\/koprivnica\/wp-content\/uploads\/2015\/02\/web19_IMG_6439.jpg",640,480,false],"2048x2048":["https:\/\/www.ofm.hr\/koprivnica\/wp-content\/uploads\/2015\/02\/web19_IMG_6439.jpg",640,480,false],"qubely_landscape":["https:\/\/www.ofm.hr\/koprivnica\/wp-content\/uploads\/2015\/02\/web19_IMG_6439.jpg",640,480,false],"qubely_portrait":["https:\/\/www.ofm.hr\/koprivnica\/wp-content\/uploads\/2015\/02\/web19_IMG_6439.jpg",427,320,false],"qubely_thumbnail":["https:\/\/www.ofm.hr\/koprivnica\/wp-content\/uploads\/2015\/02\/web19_IMG_6439.jpg",133,100,false]},"qubely_author":{"display_name":"Branko","author_link":"https:\/\/www.ofm.hr\/koprivnica\/author\/admkp8\/"},"qubely_comment":0,"qubely_category":"<a href=\"https:\/\/www.ofm.hr\/koprivnica\/category\/pastoralne-aktivnosti\/vjera-i-svjetlo\/\" rel=\"category tag\">VJERA I SVJETLO<\/a>","qubely_excerpt":"\u00a0\u201eNema te tame na ovome svijetu koja se mo\u017ee suprotstaviti svjetlosti, makar to bila i svjetlost najmanje svije\u0107e!\u201c Zajednica \u201eVjera i svjetlo\u201c na blagdan \u201eSvije\u0107nice\u201c slavi svoj dan. Kao i svake godine, toga se dana okupljaju zajednice iz okolnih gradova i mjesta kako bi zajedni\u010dkim dru\u017eenjem i misom proslavili Prikazanje Gospodinovo u Hramu. Autobus pun&hellip;","featured_image_urls_v2":{"full":["https:\/\/www.ofm.hr\/koprivnica\/wp-content\/uploads\/2015\/02\/web19_IMG_6439.jpg",640,480,false],"thumbnail":["https:\/\/www.ofm.hr\/koprivnica\/wp-content\/uploads\/2015\/02\/web19_IMG_6439-150x150.jpg",150,150,true],"medium":["https:\/\/www.ofm.hr\/koprivnica\/wp-content\/uploads\/2015\/02\/web19_IMG_6439-300x225.jpg",300,225,true],"medium_large":["https:\/\/www.ofm.hr\/koprivnica\/wp-content\/uploads\/2015\/02\/web19_IMG_6439.jpg",640,480,false],"large":["https:\/\/www.ofm.hr\/koprivnica\/wp-content\/uploads\/2015\/02\/web19_IMG_6439.jpg",640,480,false],"1536x1536":["https:\/\/www.ofm.hr\/koprivnica\/wp-content\/uploads\/2015\/02\/web19_IMG_6439.jpg",640,480,false],"2048x2048":["https:\/\/www.ofm.hr\/koprivnica\/wp-content\/uploads\/2015\/02\/web19_IMG_6439.jpg",640,480,false],"qubely_landscape":["https:\/\/www.ofm.hr\/koprivnica\/wp-content\/uploads\/2015\/02\/web19_IMG_6439.jpg",640,480,false],"qubely_portrait":["https:\/\/www.ofm.hr\/koprivnica\/wp-content\/uploads\/2015\/02\/web19_IMG_6439.jpg",427,320,false],"qubely_thumbnail":["https:\/\/www.ofm.hr\/koprivnica\/wp-content\/uploads\/2015\/02\/web19_IMG_6439.jpg",133,100,false]},"post_excerpt_stackable_v2":"<p>\u00a0\u201eNema te tame na ovome svijetu koja se mo\u017ee suprotstaviti svjetlosti, makar to bila i svjetlost najmanje svije\u0107e!\u201c Zajednica \u201eVjera i svjetlo\u201c na blagdan \u201eSvije\u0107nice\u201c slavi svoj dan. Kao i svake godine, toga se dana okupljaju zajednice iz okolnih gradova i mjesta kako bi zajedni\u010dkim dru\u017eenjem i misom proslavili Prikazanje Gospodinovo u Hramu. Autobus pun \u010dlanova zajednica iz \u0110ur\u0111evca, Klo\u0161tra Podravskog i Koprivnice krenuo je tako ovogodi\u0161njim doma\u0107inima, prijateljima iz zajednice \u201eMarijine iskrice\u201c u Viroviticu. Svi radosno okupljeni na jednom mjestu, sudjelovali smo na sve\u010danom misnom slavlju predvo\u0111enim fra Robertom \u0106ibari\u0107em, koji je na poseban na\u010din, kroz propovijed, ukazao na&hellip;<\/p>\n","category_list_v2":"<a href=\"https:\/\/www.ofm.hr\/koprivnica\/category\/pastoralne-aktivnosti\/vjera-i-svjetlo\/\" rel=\"category tag\">VJERA I SVJETLO<\/a>","author_info_v2":{"name":"Branko","url":"https:\/\/www.ofm.hr\/koprivnica\/author\/admkp8\/"},"comments_num_v2":"0 comments","_links":{"self":[{"href":"https:\/\/www.ofm.hr\/koprivnica\/wp-json\/wp\/v2\/posts\/1177","targetHints":{"allow":["GET"]}}],"collection":[{"href":"https:\/\/www.ofm.hr\/koprivnica\/wp-json\/wp\/v2\/posts"}],"about":[{"href":"https:\/\/www.ofm.hr\/koprivnica\/wp-json\/wp\/v2\/types\/post"}],"author":[{"embeddable":true,"href":"https:\/\/www.ofm.hr\/koprivnica\/wp-json\/wp\/v2\/users\/1"}],"replies":[{"embeddable":true,"href":"https:\/\/www.ofm.hr\/koprivnica\/wp-json\/wp\/v2\/comments?post=1177"}],"version-history":[{"count":1,"href":"https:\/\/www.ofm.hr\/koprivnica\/wp-json\/wp\/v2\/posts\/1177\/revisions"}],"predecessor-version":[{"id":11060,"href":"https:\/\/www.ofm.hr\/koprivnica\/wp-json\/wp\/v2\/posts\/1177\/revisions\/11060"}],"wp:featuredmedia":[{"embeddable":true,"href":"https:\/\/www.ofm.hr\/koprivnica\/wp-json\/wp\/v2\/media\/1144"}],"wp:attachment":[{"href":"https:\/\/www.ofm.hr\/koprivnica\/wp-json\/wp\/v2\/media?parent=1177"}],"wp:term":[{"taxonomy":"category","embeddable":true,"href":"https:\/\/www.ofm.hr\/koprivnica\/wp-json\/wp\/v2\/categories?post=1177"},{"taxonomy":"post_tag","embeddable":true,"href":"https:\/\/www.ofm.hr\/koprivnica\/wp-json\/wp\/v2\/tags?post=1177"}],"curies":[{"name":"wp","href":"https:\/\/api.w.org\/{rel}","templated":true}]}}