{"id":12310,"date":"2022-11-03T22:14:23","date_gmt":"2022-11-03T21:14:23","guid":{"rendered":"https:\/\/www.ofm.hr\/koprivnica\/?p=12310"},"modified":"2022-11-03T22:17:05","modified_gmt":"2022-11-03T21:17:05","slug":"susret-vjera-i-svjetlo-30-10-2022","status":"publish","type":"post","link":"https:\/\/www.ofm.hr\/koprivnica\/susret-vjera-i-svjetlo-30-10-2022\/","title":{"rendered":"Susret &#8220;Vjera i Svjetlo&#8221; &#8211; 30. 10. 2022."},"content":{"rendered":"\n<p>Nakon dugog vremena zajednica &#8220;Vjera i Svjetlo&#8221; , Koprivnica , sastala se ove nedjelje, 30. 10. 2022., u dvorani i crkvi, Sv. Antuna u Koprivnica. Nakon uvode molitve, prepri\u010davanja \u0161to smo radili od pro\u0161log susreta i upoznavanja sa novim \u010dlanovima, vele\u010dasni Dario izlo\u017eio je kratko temu susreta: Prihva\u0107anje i uklju\u010divanje, te se osvrnuo na evan\u0111elje, Ozdravljenje slijepog od ro\u0111enja. Nakon toga smo pjesmom i igrom uprili\u010dili susret. Razgovarali smo jo\u0161 kako smo se osje\u0107ali kada smo bili u tami i nismo vidjeli svijetlo. Nakon radosne pjesme i ispovijedi oti\u0161li smo na misu.<br>Bilo je lijepo, radosno, veselo imati susret, oboga\u0107eni novim \u010dlanovima! Sljede\u0107i susret je 27.11.2022. u nedjelju u 17 sati.<\/p>\n\n\n\n<figure class=\"wp-block-gallery has-nested-images columns-4 is-cropped wp-block-gallery-1 is-layout-flex wp-block-gallery-is-layout-flex\" data-block-type=\"core\">\n<figure class=\"wp-block-image size-large is-style-default\" data-block-type=\"core\"><a href=\"https:\/\/www.ofm.hr\/koprivnica\/wp-content\/uploads\/2022\/11\/viber_image_2022-10-30_19-29-01-012.jpg\"><img loading=\"lazy\" decoding=\"async\" width=\"1024\" height=\"576\" data-id=\"12311\" src=\"https:\/\/www.ofm.hr\/koprivnica\/wp-content\/uploads\/2022\/11\/viber_image_2022-10-30_19-29-01-012-1024x576.jpg\" alt=\"\" class=\"wp-image-12311\" srcset=\"https:\/\/www.ofm.hr\/koprivnica\/wp-content\/uploads\/2022\/11\/viber_image_2022-10-30_19-29-01-012-1024x576.jpg 1024w, https:\/\/www.ofm.hr\/koprivnica\/wp-content\/uploads\/2022\/11\/viber_image_2022-10-30_19-29-01-012-300x169.jpg 300w, https:\/\/www.ofm.hr\/koprivnica\/wp-content\/uploads\/2022\/11\/viber_image_2022-10-30_19-29-01-012-768x432.jpg 768w, https:\/\/www.ofm.hr\/koprivnica\/wp-content\/uploads\/2022\/11\/viber_image_2022-10-30_19-29-01-012-1536x864.jpg 1536w, https:\/\/www.ofm.hr\/koprivnica\/wp-content\/uploads\/2022\/11\/viber_image_2022-10-30_19-29-01-012.jpg 1600w\" sizes=\"auto, (max-width: 1024px) 100vw, 1024px\" \/><\/a><\/figure>\n\n\n\n<figure class=\"wp-block-image size-large\" data-block-type=\"core\"><a href=\"https:\/\/www.ofm.hr\/koprivnica\/wp-content\/uploads\/2022\/11\/viber_image_2022-10-30_19-29-15-114.jpg\"><img loading=\"lazy\" decoding=\"async\" width=\"1024\" height=\"576\" data-id=\"12312\" src=\"https:\/\/www.ofm.hr\/koprivnica\/wp-content\/uploads\/2022\/11\/viber_image_2022-10-30_19-29-15-114-1024x576.jpg\" alt=\"\" class=\"wp-image-12312\" srcset=\"https:\/\/www.ofm.hr\/koprivnica\/wp-content\/uploads\/2022\/11\/viber_image_2022-10-30_19-29-15-114-1024x576.jpg 1024w, https:\/\/www.ofm.hr\/koprivnica\/wp-content\/uploads\/2022\/11\/viber_image_2022-10-30_19-29-15-114-300x169.jpg 300w, https:\/\/www.ofm.hr\/koprivnica\/wp-content\/uploads\/2022\/11\/viber_image_2022-10-30_19-29-15-114-768x432.jpg 768w, https:\/\/www.ofm.hr\/koprivnica\/wp-content\/uploads\/2022\/11\/viber_image_2022-10-30_19-29-15-114-1536x864.jpg 1536w, https:\/\/www.ofm.hr\/koprivnica\/wp-content\/uploads\/2022\/11\/viber_image_2022-10-30_19-29-15-114.jpg 1600w\" sizes=\"auto, (max-width: 1024px) 100vw, 1024px\" \/><\/a><\/figure>\n\n\n\n<figure class=\"wp-block-image size-large\" data-block-type=\"core\"><a href=\"https:\/\/www.ofm.hr\/koprivnica\/wp-content\/uploads\/2022\/11\/viber_image_2022-10-30_19-29-33-342.jpg\"><img loading=\"lazy\" decoding=\"async\" width=\"576\" height=\"1024\" data-id=\"12314\" src=\"https:\/\/www.ofm.hr\/koprivnica\/wp-content\/uploads\/2022\/11\/viber_image_2022-10-30_19-29-33-342-576x1024.jpg\" alt=\"\" class=\"wp-image-12314\" srcset=\"https:\/\/www.ofm.hr\/koprivnica\/wp-content\/uploads\/2022\/11\/viber_image_2022-10-30_19-29-33-342-576x1024.jpg 576w, https:\/\/www.ofm.hr\/koprivnica\/wp-content\/uploads\/2022\/11\/viber_image_2022-10-30_19-29-33-342-169x300.jpg 169w, https:\/\/www.ofm.hr\/koprivnica\/wp-content\/uploads\/2022\/11\/viber_image_2022-10-30_19-29-33-342-768x1365.jpg 768w, https:\/\/www.ofm.hr\/koprivnica\/wp-content\/uploads\/2022\/11\/viber_image_2022-10-30_19-29-33-342-864x1536.jpg 864w, https:\/\/www.ofm.hr\/koprivnica\/wp-content\/uploads\/2022\/11\/viber_image_2022-10-30_19-29-33-342.jpg 900w\" sizes=\"auto, (max-width: 576px) 100vw, 576px\" \/><\/a><\/figure>\n\n\n\n<figure class=\"wp-block-image size-large\" data-block-type=\"core\"><a href=\"https:\/\/www.ofm.hr\/koprivnica\/wp-content\/uploads\/2022\/11\/viber_image_2022-10-30_19-30-05-732.jpg\"><img loading=\"lazy\" decoding=\"async\" width=\"576\" height=\"1024\" data-id=\"12316\" src=\"https:\/\/www.ofm.hr\/koprivnica\/wp-content\/uploads\/2022\/11\/viber_image_2022-10-30_19-30-05-732-576x1024.jpg\" alt=\"\" class=\"wp-image-12316\" srcset=\"https:\/\/www.ofm.hr\/koprivnica\/wp-content\/uploads\/2022\/11\/viber_image_2022-10-30_19-30-05-732-576x1024.jpg 576w, https:\/\/www.ofm.hr\/koprivnica\/wp-content\/uploads\/2022\/11\/viber_image_2022-10-30_19-30-05-732-169x300.jpg 169w, https:\/\/www.ofm.hr\/koprivnica\/wp-content\/uploads\/2022\/11\/viber_image_2022-10-30_19-30-05-732-768x1365.jpg 768w, https:\/\/www.ofm.hr\/koprivnica\/wp-content\/uploads\/2022\/11\/viber_image_2022-10-30_19-30-05-732-864x1536.jpg 864w, https:\/\/www.ofm.hr\/koprivnica\/wp-content\/uploads\/2022\/11\/viber_image_2022-10-30_19-30-05-732.jpg 900w\" sizes=\"auto, (max-width: 576px) 100vw, 576px\" \/><\/a><\/figure>\n\n\n\n<figure class=\"wp-block-image size-large\" data-block-type=\"core\"><a href=\"https:\/\/www.ofm.hr\/koprivnica\/wp-content\/uploads\/2022\/11\/viber_image_2022-10-30_19-30-19-420.jpg\"><img loading=\"lazy\" decoding=\"async\" width=\"1024\" height=\"576\" data-id=\"12317\" src=\"https:\/\/www.ofm.hr\/koprivnica\/wp-content\/uploads\/2022\/11\/viber_image_2022-10-30_19-30-19-420-1024x576.jpg\" alt=\"\" class=\"wp-image-12317\" srcset=\"https:\/\/www.ofm.hr\/koprivnica\/wp-content\/uploads\/2022\/11\/viber_image_2022-10-30_19-30-19-420-1024x576.jpg 1024w, https:\/\/www.ofm.hr\/koprivnica\/wp-content\/uploads\/2022\/11\/viber_image_2022-10-30_19-30-19-420-300x169.jpg 300w, https:\/\/www.ofm.hr\/koprivnica\/wp-content\/uploads\/2022\/11\/viber_image_2022-10-30_19-30-19-420-768x432.jpg 768w, https:\/\/www.ofm.hr\/koprivnica\/wp-content\/uploads\/2022\/11\/viber_image_2022-10-30_19-30-19-420-1536x864.jpg 1536w, https:\/\/www.ofm.hr\/koprivnica\/wp-content\/uploads\/2022\/11\/viber_image_2022-10-30_19-30-19-420.jpg 1600w\" sizes=\"auto, (max-width: 1024px) 100vw, 1024px\" \/><\/a><\/figure>\n\n\n\n<figure class=\"wp-block-image size-large\" data-block-type=\"core\"><a href=\"https:\/\/www.ofm.hr\/koprivnica\/wp-content\/uploads\/2022\/11\/viber_image_2022-10-30_19-30-43-328.jpg\"><img loading=\"lazy\" decoding=\"async\" width=\"1024\" height=\"576\" data-id=\"12318\" src=\"https:\/\/www.ofm.hr\/koprivnica\/wp-content\/uploads\/2022\/11\/viber_image_2022-10-30_19-30-43-328-1024x576.jpg\" alt=\"\" class=\"wp-image-12318\" srcset=\"https:\/\/www.ofm.hr\/koprivnica\/wp-content\/uploads\/2022\/11\/viber_image_2022-10-30_19-30-43-328-1024x576.jpg 1024w, https:\/\/www.ofm.hr\/koprivnica\/wp-content\/uploads\/2022\/11\/viber_image_2022-10-30_19-30-43-328-300x169.jpg 300w, https:\/\/www.ofm.hr\/koprivnica\/wp-content\/uploads\/2022\/11\/viber_image_2022-10-30_19-30-43-328-768x432.jpg 768w, https:\/\/www.ofm.hr\/koprivnica\/wp-content\/uploads\/2022\/11\/viber_image_2022-10-30_19-30-43-328-1536x864.jpg 1536w, https:\/\/www.ofm.hr\/koprivnica\/wp-content\/uploads\/2022\/11\/viber_image_2022-10-30_19-30-43-328.jpg 1600w\" sizes=\"auto, (max-width: 1024px) 100vw, 1024px\" \/><\/a><\/figure>\n\n\n\n<figure class=\"wp-block-image size-large\" data-block-type=\"core\"><a href=\"https:\/\/www.ofm.hr\/koprivnica\/wp-content\/uploads\/2022\/11\/viber_image_2022-10-30_19-27-44-749.jpg\"><img loading=\"lazy\" decoding=\"async\" width=\"1024\" height=\"576\" data-id=\"12319\" src=\"https:\/\/www.ofm.hr\/koprivnica\/wp-content\/uploads\/2022\/11\/viber_image_2022-10-30_19-27-44-749-1024x576.jpg\" alt=\"\" class=\"wp-image-12319\" srcset=\"https:\/\/www.ofm.hr\/koprivnica\/wp-content\/uploads\/2022\/11\/viber_image_2022-10-30_19-27-44-749-1024x576.jpg 1024w, https:\/\/www.ofm.hr\/koprivnica\/wp-content\/uploads\/2022\/11\/viber_image_2022-10-30_19-27-44-749-300x169.jpg 300w, https:\/\/www.ofm.hr\/koprivnica\/wp-content\/uploads\/2022\/11\/viber_image_2022-10-30_19-27-44-749-768x432.jpg 768w, https:\/\/www.ofm.hr\/koprivnica\/wp-content\/uploads\/2022\/11\/viber_image_2022-10-30_19-27-44-749-1536x864.jpg 1536w, https:\/\/www.ofm.hr\/koprivnica\/wp-content\/uploads\/2022\/11\/viber_image_2022-10-30_19-27-44-749.jpg 1600w\" sizes=\"auto, (max-width: 1024px) 100vw, 1024px\" \/><\/a><\/figure>\n\n\n\n<figure class=\"wp-block-image size-large\" data-block-type=\"core\"><a href=\"https:\/\/www.ofm.hr\/koprivnica\/wp-content\/uploads\/2022\/11\/viber_image_2022-10-30_19-27-59-054.jpg\"><img loading=\"lazy\" decoding=\"async\" width=\"1024\" height=\"768\" data-id=\"12320\" src=\"https:\/\/www.ofm.hr\/koprivnica\/wp-content\/uploads\/2022\/11\/viber_image_2022-10-30_19-27-59-054-1024x768.jpg\" alt=\"\" class=\"wp-image-12320\" srcset=\"https:\/\/www.ofm.hr\/koprivnica\/wp-content\/uploads\/2022\/11\/viber_image_2022-10-30_19-27-59-054-1024x768.jpg 1024w, https:\/\/www.ofm.hr\/koprivnica\/wp-content\/uploads\/2022\/11\/viber_image_2022-10-30_19-27-59-054-300x225.jpg 300w, https:\/\/www.ofm.hr\/koprivnica\/wp-content\/uploads\/2022\/11\/viber_image_2022-10-30_19-27-59-054-768x576.jpg 768w, https:\/\/www.ofm.hr\/koprivnica\/wp-content\/uploads\/2022\/11\/viber_image_2022-10-30_19-27-59-054-1536x1152.jpg 1536w, https:\/\/www.ofm.hr\/koprivnica\/wp-content\/uploads\/2022\/11\/viber_image_2022-10-30_19-27-59-054.jpg 1600w\" sizes=\"auto, (max-width: 1024px) 100vw, 1024px\" \/><\/a><\/figure>\n\n\n\n<figure class=\"wp-block-image size-large\" data-block-type=\"core\"><a href=\"https:\/\/www.ofm.hr\/koprivnica\/wp-content\/uploads\/2022\/11\/viber_image_2022-10-30_19-28-15-714.jpg\"><img loading=\"lazy\" decoding=\"async\" width=\"1024\" height=\"576\" data-id=\"12313\" src=\"https:\/\/www.ofm.hr\/koprivnica\/wp-content\/uploads\/2022\/11\/viber_image_2022-10-30_19-28-15-714-1024x576.jpg\" alt=\"\" class=\"wp-image-12313\" srcset=\"https:\/\/www.ofm.hr\/koprivnica\/wp-content\/uploads\/2022\/11\/viber_image_2022-10-30_19-28-15-714-1024x576.jpg 1024w, https:\/\/www.ofm.hr\/koprivnica\/wp-content\/uploads\/2022\/11\/viber_image_2022-10-30_19-28-15-714-300x169.jpg 300w, https:\/\/www.ofm.hr\/koprivnica\/wp-content\/uploads\/2022\/11\/viber_image_2022-10-30_19-28-15-714-768x432.jpg 768w, https:\/\/www.ofm.hr\/koprivnica\/wp-content\/uploads\/2022\/11\/viber_image_2022-10-30_19-28-15-714-1536x864.jpg 1536w, https:\/\/www.ofm.hr\/koprivnica\/wp-content\/uploads\/2022\/11\/viber_image_2022-10-30_19-28-15-714.jpg 1600w\" sizes=\"auto, (max-width: 1024px) 100vw, 1024px\" \/><\/a><\/figure>\n\n\n\n<figure class=\"wp-block-image size-large\" data-block-type=\"core\"><a href=\"https:\/\/www.ofm.hr\/koprivnica\/wp-content\/uploads\/2022\/11\/viber_image_2022-10-30_19-28-45-365.jpg\"><img loading=\"lazy\" decoding=\"async\" width=\"1024\" height=\"576\" data-id=\"12315\" src=\"https:\/\/www.ofm.hr\/koprivnica\/wp-content\/uploads\/2022\/11\/viber_image_2022-10-30_19-28-45-365-1024x576.jpg\" alt=\"\" class=\"wp-image-12315\" srcset=\"https:\/\/www.ofm.hr\/koprivnica\/wp-content\/uploads\/2022\/11\/viber_image_2022-10-30_19-28-45-365-1024x576.jpg 1024w, https:\/\/www.ofm.hr\/koprivnica\/wp-content\/uploads\/2022\/11\/viber_image_2022-10-30_19-28-45-365-300x169.jpg 300w, https:\/\/www.ofm.hr\/koprivnica\/wp-content\/uploads\/2022\/11\/viber_image_2022-10-30_19-28-45-365-768x432.jpg 768w, https:\/\/www.ofm.hr\/koprivnica\/wp-content\/uploads\/2022\/11\/viber_image_2022-10-30_19-28-45-365-1536x864.jpg 1536w, https:\/\/www.ofm.hr\/koprivnica\/wp-content\/uploads\/2022\/11\/viber_image_2022-10-30_19-28-45-365.jpg 1600w\" sizes=\"auto, (max-width: 1024px) 100vw, 1024px\" \/><\/a><\/figure>\n<\/figure>\n","protected":false},"excerpt":{"rendered":"<p>Nakon dugog vremena zajednica &#8220;Vjera i Svjetlo&#8221; , Koprivnica , sastala se ove nedjelje, 30. 10. 2022., u dvorani i crkvi, Sv. Antuna u Koprivnica. Nakon uvode molitve, prepri\u010davanja \u0161to smo radili od pro\u0161log susreta i upoznavanja sa novim \u010dlanovima, vele\u010dasni Dario izlo\u017eio je kratko temu susreta: Prihva\u0107anje i uklju\u010divanje, te se osvrnuo na evan\u0111elje, [&hellip;]<\/p>\n","protected":false},"author":1,"featured_media":12316,"comment_status":"closed","ping_status":"open","sticky":true,"template":"","format":"standard","meta":{"qubely_global_settings":"","qubely_interactions":"","footnotes":""},"categories":[41],"tags":[],"class_list":["post-12310","post","type-post","status-publish","format-standard","has-post-thumbnail","hentry","category-vjera-i-svjetlo"],"blocksy_meta":{"styles_descriptor":{"styles":{"desktop":"","tablet":"","mobile":""},"google_fonts":[],"version":6}},"qubely_featured_image_url":{"full":["https:\/\/www.ofm.hr\/koprivnica\/wp-content\/uploads\/2022\/11\/viber_image_2022-10-30_19-30-05-732.jpg",900,1600,false],"landscape":["https:\/\/www.ofm.hr\/koprivnica\/wp-content\/uploads\/2022\/11\/viber_image_2022-10-30_19-30-05-732-900x750.jpg",900,750,true],"portraits":["https:\/\/www.ofm.hr\/koprivnica\/wp-content\/uploads\/2022\/11\/viber_image_2022-10-30_19-30-05-732-540x320.jpg",540,320,true],"thumbnail":["https:\/\/www.ofm.hr\/koprivnica\/wp-content\/uploads\/2022\/11\/viber_image_2022-10-30_19-30-05-732-150x150.jpg",150,150,true],"medium":["https:\/\/www.ofm.hr\/koprivnica\/wp-content\/uploads\/2022\/11\/viber_image_2022-10-30_19-30-05-732-169x300.jpg",169,300,true],"medium_large":["https:\/\/www.ofm.hr\/koprivnica\/wp-content\/uploads\/2022\/11\/viber_image_2022-10-30_19-30-05-732-768x1365.jpg",768,1365,true],"large":["https:\/\/www.ofm.hr\/koprivnica\/wp-content\/uploads\/2022\/11\/viber_image_2022-10-30_19-30-05-732-576x1024.jpg",576,1024,true],"1536x1536":["https:\/\/www.ofm.hr\/koprivnica\/wp-content\/uploads\/2022\/11\/viber_image_2022-10-30_19-30-05-732-864x1536.jpg",864,1536,true],"2048x2048":["https:\/\/www.ofm.hr\/koprivnica\/wp-content\/uploads\/2022\/11\/viber_image_2022-10-30_19-30-05-732.jpg",900,1600,false],"qubely_landscape":["https:\/\/www.ofm.hr\/koprivnica\/wp-content\/uploads\/2022\/11\/viber_image_2022-10-30_19-30-05-732-900x750.jpg",900,750,true],"qubely_portrait":["https:\/\/www.ofm.hr\/koprivnica\/wp-content\/uploads\/2022\/11\/viber_image_2022-10-30_19-30-05-732-540x320.jpg",540,320,true],"qubely_thumbnail":["https:\/\/www.ofm.hr\/koprivnica\/wp-content\/uploads\/2022\/11\/viber_image_2022-10-30_19-30-05-732-140x100.jpg",140,100,true]},"qubely_author":{"display_name":"Branko","author_link":"https:\/\/www.ofm.hr\/koprivnica\/author\/admkp8\/"},"qubely_comment":0,"qubely_category":"<a href=\"https:\/\/www.ofm.hr\/koprivnica\/category\/pastoralne-aktivnosti\/vjera-i-svjetlo\/\" rel=\"category tag\">VJERA I SVJETLO<\/a>","qubely_excerpt":"Nakon dugog vremena zajednica &#8220;Vjera i Svjetlo&#8221; , Koprivnica , sastala se ove nedjelje, 30. 10. 2022., u dvorani i crkvi, Sv. Antuna u Koprivnica. Nakon uvode molitve, prepri\u010davanja \u0161to smo radili od pro\u0161log susreta i upoznavanja sa novim \u010dlanovima, vele\u010dasni Dario izlo\u017eio je kratko temu susreta: Prihva\u0107anje i uklju\u010divanje, te se osvrnuo na evan\u0111elje,&hellip;","featured_image_urls_v2":{"full":["https:\/\/www.ofm.hr\/koprivnica\/wp-content\/uploads\/2022\/11\/viber_image_2022-10-30_19-30-05-732.jpg",900,1600,false],"thumbnail":["https:\/\/www.ofm.hr\/koprivnica\/wp-content\/uploads\/2022\/11\/viber_image_2022-10-30_19-30-05-732-150x150.jpg",150,150,true],"medium":["https:\/\/www.ofm.hr\/koprivnica\/wp-content\/uploads\/2022\/11\/viber_image_2022-10-30_19-30-05-732-169x300.jpg",169,300,true],"medium_large":["https:\/\/www.ofm.hr\/koprivnica\/wp-content\/uploads\/2022\/11\/viber_image_2022-10-30_19-30-05-732-768x1365.jpg",768,1365,true],"large":["https:\/\/www.ofm.hr\/koprivnica\/wp-content\/uploads\/2022\/11\/viber_image_2022-10-30_19-30-05-732-576x1024.jpg",576,1024,true],"1536x1536":["https:\/\/www.ofm.hr\/koprivnica\/wp-content\/uploads\/2022\/11\/viber_image_2022-10-30_19-30-05-732-864x1536.jpg",864,1536,true],"2048x2048":["https:\/\/www.ofm.hr\/koprivnica\/wp-content\/uploads\/2022\/11\/viber_image_2022-10-30_19-30-05-732.jpg",900,1600,false],"qubely_landscape":["https:\/\/www.ofm.hr\/koprivnica\/wp-content\/uploads\/2022\/11\/viber_image_2022-10-30_19-30-05-732-900x750.jpg",900,750,true],"qubely_portrait":["https:\/\/www.ofm.hr\/koprivnica\/wp-content\/uploads\/2022\/11\/viber_image_2022-10-30_19-30-05-732-540x320.jpg",540,320,true],"qubely_thumbnail":["https:\/\/www.ofm.hr\/koprivnica\/wp-content\/uploads\/2022\/11\/viber_image_2022-10-30_19-30-05-732-140x100.jpg",140,100,true]},"post_excerpt_stackable_v2":"<p>Nakon dugog vremena zajednica &#8220;Vjera i Svjetlo&#8221; , Koprivnica , sastala se ove nedjelje, 30. 10. 2022., u dvorani i crkvi, Sv. Antuna u Koprivnica. Nakon uvode molitve, prepri\u010davanja \u0161to smo radili od pro\u0161log susreta i upoznavanja sa novim \u010dlanovima, vele\u010dasni Dario izlo\u017eio je kratko temu susreta: Prihva\u0107anje i uklju\u010divanje, te se osvrnuo na evan\u0111elje, Ozdravljenje slijepog od ro\u0111enja. Nakon toga smo pjesmom i igrom uprili\u010dili susret. Razgovarali smo jo\u0161 kako smo se osje\u0107ali kada smo bili u tami i nismo vidjeli svijetlo. Nakon radosne pjesme i ispovijedi oti\u0161li smo na misu.Bilo je lijepo, radosno, veselo imati susret, oboga\u0107eni novim&hellip;<\/p>\n","category_list_v2":"<a href=\"https:\/\/www.ofm.hr\/koprivnica\/category\/pastoralne-aktivnosti\/vjera-i-svjetlo\/\" rel=\"category tag\">VJERA I SVJETLO<\/a>","author_info_v2":{"name":"Branko","url":"https:\/\/www.ofm.hr\/koprivnica\/author\/admkp8\/"},"comments_num_v2":"0 comments","_links":{"self":[{"href":"https:\/\/www.ofm.hr\/koprivnica\/wp-json\/wp\/v2\/posts\/12310","targetHints":{"allow":["GET"]}}],"collection":[{"href":"https:\/\/www.ofm.hr\/koprivnica\/wp-json\/wp\/v2\/posts"}],"about":[{"href":"https:\/\/www.ofm.hr\/koprivnica\/wp-json\/wp\/v2\/types\/post"}],"author":[{"embeddable":true,"href":"https:\/\/www.ofm.hr\/koprivnica\/wp-json\/wp\/v2\/users\/1"}],"replies":[{"embeddable":true,"href":"https:\/\/www.ofm.hr\/koprivnica\/wp-json\/wp\/v2\/comments?post=12310"}],"version-history":[{"count":2,"href":"https:\/\/www.ofm.hr\/koprivnica\/wp-json\/wp\/v2\/posts\/12310\/revisions"}],"predecessor-version":[{"id":12322,"href":"https:\/\/www.ofm.hr\/koprivnica\/wp-json\/wp\/v2\/posts\/12310\/revisions\/12322"}],"wp:featuredmedia":[{"embeddable":true,"href":"https:\/\/www.ofm.hr\/koprivnica\/wp-json\/wp\/v2\/media\/12316"}],"wp:attachment":[{"href":"https:\/\/www.ofm.hr\/koprivnica\/wp-json\/wp\/v2\/media?parent=12310"}],"wp:term":[{"taxonomy":"category","embeddable":true,"href":"https:\/\/www.ofm.hr\/koprivnica\/wp-json\/wp\/v2\/categories?post=12310"},{"taxonomy":"post_tag","embeddable":true,"href":"https:\/\/www.ofm.hr\/koprivnica\/wp-json\/wp\/v2\/tags?post=12310"}],"curies":[{"name":"wp","href":"https:\/\/api.w.org\/{rel}","templated":true}]}}