{"id":12651,"date":"2023-02-04T17:26:10","date_gmt":"2023-02-04T16:26:10","guid":{"rendered":"https:\/\/www.ofm.hr\/koprivnica\/?p=12651"},"modified":"2023-02-04T17:27:20","modified_gmt":"2023-02-04T16:27:20","slug":"vjera-i-svjetlo-svijecnica","status":"publish","type":"post","link":"https:\/\/www.ofm.hr\/koprivnica\/vjera-i-svjetlo-svijecnica\/","title":{"rendered":"Vjera i svjetlo &#8211; Svije\u0107nica"},"content":{"rendered":"\n<figure class=\"wp-block-image aligncenter size-large\" data-block-type=\"core\"><img loading=\"lazy\" decoding=\"async\" width=\"1024\" height=\"576\" src=\"https:\/\/www.ofm.hr\/koprivnica\/wp-content\/uploads\/2023\/02\/viber_image_2023-02-03_13-21-17-453-1024x576.jpg\" alt=\"\" class=\"wp-image-12652\" srcset=\"https:\/\/www.ofm.hr\/koprivnica\/wp-content\/uploads\/2023\/02\/viber_image_2023-02-03_13-21-17-453-1024x576.jpg 1024w, https:\/\/www.ofm.hr\/koprivnica\/wp-content\/uploads\/2023\/02\/viber_image_2023-02-03_13-21-17-453-300x169.jpg 300w, https:\/\/www.ofm.hr\/koprivnica\/wp-content\/uploads\/2023\/02\/viber_image_2023-02-03_13-21-17-453-768x432.jpg 768w, https:\/\/www.ofm.hr\/koprivnica\/wp-content\/uploads\/2023\/02\/viber_image_2023-02-03_13-21-17-453-1536x864.jpg 1536w, https:\/\/www.ofm.hr\/koprivnica\/wp-content\/uploads\/2023\/02\/viber_image_2023-02-03_13-21-17-453.jpg 1800w\" sizes=\"auto, (max-width: 1024px) 100vw, 1024px\" \/><\/figure>\n\n\n\n<p>Nakon 4 godine, ponovno skupa slavimo na\u0161 dan, Svije\u0107nicu,svi skupa: Virovitica, Klo\u0161tar, Koprivnica i \u0110ur\u0111evca. Lijepo i radosno smo slavili sv. Misu, u \u0110ur\u0111evcu,a poslije i dru\u017eenje. Bilo nam je jako lijepo te punih srdaca do\u0161li smo doma.<\/p>\n","protected":false},"excerpt":{"rendered":"<p>Nakon 4 godine, ponovno skupa slavimo na\u0161 dan, Svije\u0107nicu,svi skupa: Virovitica, Klo\u0161tar, Koprivnica i \u0110ur\u0111evca. Lijepo i radosno smo slavili sv. Misu, u \u0110ur\u0111evcu,a poslije i dru\u017eenje. Bilo nam je jako lijepo te punih srdaca do\u0161li smo doma.<\/p>\n","protected":false},"author":1,"featured_media":0,"comment_status":"closed","ping_status":"open","sticky":true,"template":"","format":"standard","meta":{"qubely_global_settings":"","qubely_interactions":"","footnotes":""},"categories":[41],"tags":[],"class_list":["post-12651","post","type-post","status-publish","format-standard","hentry","category-vjera-i-svjetlo"],"blocksy_meta":{"styles_descriptor":{"styles":{"desktop":"","tablet":"","mobile":""},"google_fonts":[],"version":6}},"qubely_featured_image_url":null,"qubely_author":{"display_name":"Branko","author_link":"https:\/\/www.ofm.hr\/koprivnica\/author\/admkp8\/"},"qubely_comment":0,"qubely_category":"<a href=\"https:\/\/www.ofm.hr\/koprivnica\/category\/pastoralne-aktivnosti\/vjera-i-svjetlo\/\" rel=\"category tag\">VJERA I SVJETLO<\/a>","qubely_excerpt":"Nakon 4 godine, ponovno skupa slavimo na\u0161 dan, Svije\u0107nicu,svi skupa: Virovitica, Klo\u0161tar, Koprivnica i \u0110ur\u0111evca. Lijepo i radosno smo slavili sv. Misu, u \u0110ur\u0111evcu,a poslije i dru\u017eenje. Bilo nam je jako lijepo te punih srdaca do\u0161li smo doma.","featured_image_urls_v2":{"full":"","thumbnail":"","medium":"","medium_large":"","large":"","1536x1536":"","2048x2048":"","qubely_landscape":"","qubely_portrait":"","qubely_thumbnail":""},"post_excerpt_stackable_v2":"<p>Nakon 4 godine, ponovno skupa slavimo na\u0161 dan, Svije\u0107nicu,svi skupa: Virovitica, Klo\u0161tar, Koprivnica i \u0110ur\u0111evca. Lijepo i radosno smo slavili sv. Misu, u \u0110ur\u0111evcu,a poslije i dru\u017eenje. Bilo nam je jako lijepo te punih srdaca do\u0161li smo doma.<\/p>\n","category_list_v2":"<a href=\"https:\/\/www.ofm.hr\/koprivnica\/category\/pastoralne-aktivnosti\/vjera-i-svjetlo\/\" rel=\"category tag\">VJERA I SVJETLO<\/a>","author_info_v2":{"name":"Branko","url":"https:\/\/www.ofm.hr\/koprivnica\/author\/admkp8\/"},"comments_num_v2":"0 comments","_links":{"self":[{"href":"https:\/\/www.ofm.hr\/koprivnica\/wp-json\/wp\/v2\/posts\/12651","targetHints":{"allow":["GET"]}}],"collection":[{"href":"https:\/\/www.ofm.hr\/koprivnica\/wp-json\/wp\/v2\/posts"}],"about":[{"href":"https:\/\/www.ofm.hr\/koprivnica\/wp-json\/wp\/v2\/types\/post"}],"author":[{"embeddable":true,"href":"https:\/\/www.ofm.hr\/koprivnica\/wp-json\/wp\/v2\/users\/1"}],"replies":[{"embeddable":true,"href":"https:\/\/www.ofm.hr\/koprivnica\/wp-json\/wp\/v2\/comments?post=12651"}],"version-history":[{"count":2,"href":"https:\/\/www.ofm.hr\/koprivnica\/wp-json\/wp\/v2\/posts\/12651\/revisions"}],"predecessor-version":[{"id":12654,"href":"https:\/\/www.ofm.hr\/koprivnica\/wp-json\/wp\/v2\/posts\/12651\/revisions\/12654"}],"wp:attachment":[{"href":"https:\/\/www.ofm.hr\/koprivnica\/wp-json\/wp\/v2\/media?parent=12651"}],"wp:term":[{"taxonomy":"category","embeddable":true,"href":"https:\/\/www.ofm.hr\/koprivnica\/wp-json\/wp\/v2\/categories?post=12651"},{"taxonomy":"post_tag","embeddable":true,"href":"https:\/\/www.ofm.hr\/koprivnica\/wp-json\/wp\/v2\/tags?post=12651"}],"curies":[{"name":"wp","href":"https:\/\/api.w.org\/{rel}","templated":true}]}}