{"id":12684,"date":"2023-02-19T21:17:10","date_gmt":"2023-02-19T20:17:10","guid":{"rendered":"https:\/\/www.ofm.hr\/koprivnica\/?p=12684"},"modified":"2023-02-19T21:21:19","modified_gmt":"2023-02-19T20:21:19","slug":"novi-susret-vjera-svjetlo","status":"publish","type":"post","link":"https:\/\/www.ofm.hr\/koprivnica\/novi-susret-vjera-svjetlo\/","title":{"rendered":"Novi susret &#8220;Vjera svjetlo&#8221;"},"content":{"rendered":"\n<figure class=\"wp-block-image alignleft size-large is-resized\" data-block-type=\"core\"><img loading=\"lazy\" decoding=\"async\" src=\"https:\/\/www.ofm.hr\/koprivnica\/wp-content\/uploads\/2023\/02\/viber_image_2023-02-19_19-42-55-691-1024x576.jpg\" alt=\"\" class=\"wp-image-12685\" width=\"187\" height=\"105\" srcset=\"https:\/\/www.ofm.hr\/koprivnica\/wp-content\/uploads\/2023\/02\/viber_image_2023-02-19_19-42-55-691-1024x576.jpg 1024w, https:\/\/www.ofm.hr\/koprivnica\/wp-content\/uploads\/2023\/02\/viber_image_2023-02-19_19-42-55-691-300x169.jpg 300w, https:\/\/www.ofm.hr\/koprivnica\/wp-content\/uploads\/2023\/02\/viber_image_2023-02-19_19-42-55-691-768x432.jpg 768w, https:\/\/www.ofm.hr\/koprivnica\/wp-content\/uploads\/2023\/02\/viber_image_2023-02-19_19-42-55-691-1536x864.jpg 1536w, https:\/\/www.ofm.hr\/koprivnica\/wp-content\/uploads\/2023\/02\/viber_image_2023-02-19_19-42-55-691.jpg 1600w\" sizes=\"auto, (max-width: 187px) 100vw, 187px\" \/><\/figure>\n\n\n\n<p>Ve\u010deras, 19.02.2023, sastala se zajednica &#8221; Vjera i Svjetlo&#8221;. Nakon uvodne molitve i pjesme, vele\u010dasni Dario kratko je izlo\u017eio temu susreta : Sol zemlje. Odigrali smo jo\u0161 dvije igre i nau\u010dili nove pjesme. Razgovarali smo kako je bilo na susretu u \u0110ur\u0111evcu. Susret smo zaklju\u010dili, molitvom i ispovjedi i odlaskom na misu. Zastavu zajednice izradila je Anita Juri\u0107. Veselimo se novom susretu.<\/p>\n\n\n\n<p><\/p>\n\n\n\n<figure class=\"wp-block-gallery has-nested-images columns-default is-cropped wp-block-gallery-1 is-layout-flex wp-block-gallery-is-layout-flex\" data-block-type=\"core\">\n<figure class=\"wp-block-image size-large\" data-block-type=\"core\"><a href=\"https:\/\/www.ofm.hr\/koprivnica\/wp-content\/uploads\/2023\/02\/viber_image_2023-02-19_19-42-55-691-1.jpg\"><img loading=\"lazy\" decoding=\"async\" width=\"1024\" height=\"576\" data-id=\"12687\" src=\"https:\/\/www.ofm.hr\/koprivnica\/wp-content\/uploads\/2023\/02\/viber_image_2023-02-19_19-42-55-691-1-1024x576.jpg\" alt=\"\" class=\"wp-image-12687\" srcset=\"https:\/\/www.ofm.hr\/koprivnica\/wp-content\/uploads\/2023\/02\/viber_image_2023-02-19_19-42-55-691-1-1024x576.jpg 1024w, https:\/\/www.ofm.hr\/koprivnica\/wp-content\/uploads\/2023\/02\/viber_image_2023-02-19_19-42-55-691-1-300x169.jpg 300w, https:\/\/www.ofm.hr\/koprivnica\/wp-content\/uploads\/2023\/02\/viber_image_2023-02-19_19-42-55-691-1-768x432.jpg 768w, https:\/\/www.ofm.hr\/koprivnica\/wp-content\/uploads\/2023\/02\/viber_image_2023-02-19_19-42-55-691-1-1536x864.jpg 1536w, https:\/\/www.ofm.hr\/koprivnica\/wp-content\/uploads\/2023\/02\/viber_image_2023-02-19_19-42-55-691-1.jpg 1600w\" sizes=\"auto, (max-width: 1024px) 100vw, 1024px\" \/><\/a><\/figure>\n\n\n\n<figure class=\"wp-block-image size-large\" data-block-type=\"core\"><a href=\"https:\/\/www.ofm.hr\/koprivnica\/wp-content\/uploads\/2023\/02\/viber_image_2023-02-19_19-43-00-162.jpg\"><img loading=\"lazy\" decoding=\"async\" width=\"576\" height=\"1024\" data-id=\"12686\" src=\"https:\/\/www.ofm.hr\/koprivnica\/wp-content\/uploads\/2023\/02\/viber_image_2023-02-19_19-43-00-162-576x1024.jpg\" alt=\"\" class=\"wp-image-12686\" srcset=\"https:\/\/www.ofm.hr\/koprivnica\/wp-content\/uploads\/2023\/02\/viber_image_2023-02-19_19-43-00-162-576x1024.jpg 576w, https:\/\/www.ofm.hr\/koprivnica\/wp-content\/uploads\/2023\/02\/viber_image_2023-02-19_19-43-00-162-169x300.jpg 169w, https:\/\/www.ofm.hr\/koprivnica\/wp-content\/uploads\/2023\/02\/viber_image_2023-02-19_19-43-00-162-768x1365.jpg 768w, https:\/\/www.ofm.hr\/koprivnica\/wp-content\/uploads\/2023\/02\/viber_image_2023-02-19_19-43-00-162-864x1536.jpg 864w, https:\/\/www.ofm.hr\/koprivnica\/wp-content\/uploads\/2023\/02\/viber_image_2023-02-19_19-43-00-162.jpg 900w\" sizes=\"auto, (max-width: 576px) 100vw, 576px\" \/><\/a><\/figure>\n\n\n\n<figure class=\"wp-block-image size-large\" data-block-type=\"core\"><a href=\"https:\/\/www.ofm.hr\/koprivnica\/wp-content\/uploads\/2023\/02\/viber_image_2023-02-19_19-43-09-131.jpg\"><img loading=\"lazy\" decoding=\"async\" width=\"1024\" height=\"576\" data-id=\"12688\" src=\"https:\/\/www.ofm.hr\/koprivnica\/wp-content\/uploads\/2023\/02\/viber_image_2023-02-19_19-43-09-131-1024x576.jpg\" alt=\"\" class=\"wp-image-12688\" srcset=\"https:\/\/www.ofm.hr\/koprivnica\/wp-content\/uploads\/2023\/02\/viber_image_2023-02-19_19-43-09-131-1024x576.jpg 1024w, https:\/\/www.ofm.hr\/koprivnica\/wp-content\/uploads\/2023\/02\/viber_image_2023-02-19_19-43-09-131-300x169.jpg 300w, https:\/\/www.ofm.hr\/koprivnica\/wp-content\/uploads\/2023\/02\/viber_image_2023-02-19_19-43-09-131-768x432.jpg 768w, https:\/\/www.ofm.hr\/koprivnica\/wp-content\/uploads\/2023\/02\/viber_image_2023-02-19_19-43-09-131-1536x864.jpg 1536w, https:\/\/www.ofm.hr\/koprivnica\/wp-content\/uploads\/2023\/02\/viber_image_2023-02-19_19-43-09-131.jpg 1600w\" sizes=\"auto, (max-width: 1024px) 100vw, 1024px\" \/><\/a><\/figure>\n\n\n\n<figure class=\"wp-block-image size-large\" data-block-type=\"core\"><a href=\"https:\/\/www.ofm.hr\/koprivnica\/wp-content\/uploads\/2023\/02\/viber_image_2023-02-19_19-42-45-750.jpg\"><img loading=\"lazy\" decoding=\"async\" width=\"1024\" height=\"576\" data-id=\"12689\" src=\"https:\/\/www.ofm.hr\/koprivnica\/wp-content\/uploads\/2023\/02\/viber_image_2023-02-19_19-42-45-750-1024x576.jpg\" alt=\"\" class=\"wp-image-12689\" srcset=\"https:\/\/www.ofm.hr\/koprivnica\/wp-content\/uploads\/2023\/02\/viber_image_2023-02-19_19-42-45-750-1024x576.jpg 1024w, https:\/\/www.ofm.hr\/koprivnica\/wp-content\/uploads\/2023\/02\/viber_image_2023-02-19_19-42-45-750-300x169.jpg 300w, https:\/\/www.ofm.hr\/koprivnica\/wp-content\/uploads\/2023\/02\/viber_image_2023-02-19_19-42-45-750-768x432.jpg 768w, https:\/\/www.ofm.hr\/koprivnica\/wp-content\/uploads\/2023\/02\/viber_image_2023-02-19_19-42-45-750-1536x864.jpg 1536w, https:\/\/www.ofm.hr\/koprivnica\/wp-content\/uploads\/2023\/02\/viber_image_2023-02-19_19-42-45-750.jpg 1600w\" sizes=\"auto, (max-width: 1024px) 100vw, 1024px\" \/><\/a><\/figure>\n\n\n\n<figure class=\"wp-block-image size-large\" data-block-type=\"core\"><a href=\"https:\/\/www.ofm.hr\/koprivnica\/wp-content\/uploads\/2023\/02\/viber_image_2023-02-19_19-42-48-531.jpg\"><img loading=\"lazy\" decoding=\"async\" width=\"1024\" height=\"576\" data-id=\"12690\" src=\"https:\/\/www.ofm.hr\/koprivnica\/wp-content\/uploads\/2023\/02\/viber_image_2023-02-19_19-42-48-531-1024x576.jpg\" alt=\"\" class=\"wp-image-12690\" srcset=\"https:\/\/www.ofm.hr\/koprivnica\/wp-content\/uploads\/2023\/02\/viber_image_2023-02-19_19-42-48-531-1024x576.jpg 1024w, https:\/\/www.ofm.hr\/koprivnica\/wp-content\/uploads\/2023\/02\/viber_image_2023-02-19_19-42-48-531-300x169.jpg 300w, https:\/\/www.ofm.hr\/koprivnica\/wp-content\/uploads\/2023\/02\/viber_image_2023-02-19_19-42-48-531-768x432.jpg 768w, https:\/\/www.ofm.hr\/koprivnica\/wp-content\/uploads\/2023\/02\/viber_image_2023-02-19_19-42-48-531-1536x864.jpg 1536w, https:\/\/www.ofm.hr\/koprivnica\/wp-content\/uploads\/2023\/02\/viber_image_2023-02-19_19-42-48-531.jpg 1600w\" sizes=\"auto, (max-width: 1024px) 100vw, 1024px\" \/><\/a><\/figure>\n\n\n\n<figure class=\"wp-block-image size-large\" data-block-type=\"core\"><a href=\"https:\/\/www.ofm.hr\/koprivnica\/wp-content\/uploads\/2023\/02\/viber_image_2023-02-19_19-42-51-289.jpg\"><img loading=\"lazy\" decoding=\"async\" width=\"576\" height=\"1024\" data-id=\"12691\" src=\"https:\/\/www.ofm.hr\/koprivnica\/wp-content\/uploads\/2023\/02\/viber_image_2023-02-19_19-42-51-289-576x1024.jpg\" alt=\"\" class=\"wp-image-12691\" srcset=\"https:\/\/www.ofm.hr\/koprivnica\/wp-content\/uploads\/2023\/02\/viber_image_2023-02-19_19-42-51-289-576x1024.jpg 576w, https:\/\/www.ofm.hr\/koprivnica\/wp-content\/uploads\/2023\/02\/viber_image_2023-02-19_19-42-51-289-169x300.jpg 169w, https:\/\/www.ofm.hr\/koprivnica\/wp-content\/uploads\/2023\/02\/viber_image_2023-02-19_19-42-51-289-768x1365.jpg 768w, https:\/\/www.ofm.hr\/koprivnica\/wp-content\/uploads\/2023\/02\/viber_image_2023-02-19_19-42-51-289-864x1536.jpg 864w, https:\/\/www.ofm.hr\/koprivnica\/wp-content\/uploads\/2023\/02\/viber_image_2023-02-19_19-42-51-289.jpg 900w\" sizes=\"auto, (max-width: 576px) 100vw, 576px\" \/><\/a><\/figure>\n\n\n\n<figure class=\"wp-block-image size-large\" data-block-type=\"core\"><a href=\"https:\/\/www.ofm.hr\/koprivnica\/wp-content\/uploads\/2023\/02\/viber_image_2023-02-19_19-42-54-011.jpg\"><img loading=\"lazy\" decoding=\"async\" width=\"576\" height=\"1024\" data-id=\"12692\" src=\"https:\/\/www.ofm.hr\/koprivnica\/wp-content\/uploads\/2023\/02\/viber_image_2023-02-19_19-42-54-011-576x1024.jpg\" alt=\"\" class=\"wp-image-12692\" srcset=\"https:\/\/www.ofm.hr\/koprivnica\/wp-content\/uploads\/2023\/02\/viber_image_2023-02-19_19-42-54-011-576x1024.jpg 576w, https:\/\/www.ofm.hr\/koprivnica\/wp-content\/uploads\/2023\/02\/viber_image_2023-02-19_19-42-54-011-169x300.jpg 169w, https:\/\/www.ofm.hr\/koprivnica\/wp-content\/uploads\/2023\/02\/viber_image_2023-02-19_19-42-54-011-768x1365.jpg 768w, https:\/\/www.ofm.hr\/koprivnica\/wp-content\/uploads\/2023\/02\/viber_image_2023-02-19_19-42-54-011-864x1536.jpg 864w, https:\/\/www.ofm.hr\/koprivnica\/wp-content\/uploads\/2023\/02\/viber_image_2023-02-19_19-42-54-011.jpg 900w\" sizes=\"auto, (max-width: 576px) 100vw, 576px\" \/><\/a><\/figure>\n<\/figure>\n","protected":false},"excerpt":{"rendered":"<p>Ve\u010deras, 19.02.2023, sastala se zajednica &#8221; Vjera i Svjetlo&#8221;. Nakon uvodne molitve i pjesme, vele\u010dasni Dario kratko je izlo\u017eio temu susreta : Sol zemlje. Odigrali smo jo\u0161 dvije igre i nau\u010dili nove pjesme. Razgovarali smo kako je bilo na susretu u \u0110ur\u0111evcu. Susret smo zaklju\u010dili, molitvom i ispovjedi i odlaskom na misu. Zastavu zajednice izradila [&hellip;]<\/p>\n","protected":false},"author":1,"featured_media":0,"comment_status":"closed","ping_status":"open","sticky":true,"template":"","format":"standard","meta":{"qubely_global_settings":"","qubely_interactions":"","footnotes":""},"categories":[41],"tags":[],"class_list":["post-12684","post","type-post","status-publish","format-standard","hentry","category-vjera-i-svjetlo"],"blocksy_meta":{"styles_descriptor":{"styles":{"desktop":"","tablet":"","mobile":""},"google_fonts":[],"version":6}},"qubely_featured_image_url":null,"qubely_author":{"display_name":"Branko","author_link":"https:\/\/www.ofm.hr\/koprivnica\/author\/admkp8\/"},"qubely_comment":0,"qubely_category":"<a href=\"https:\/\/www.ofm.hr\/koprivnica\/category\/pastoralne-aktivnosti\/vjera-i-svjetlo\/\" rel=\"category tag\">VJERA I SVJETLO<\/a>","qubely_excerpt":"Ve\u010deras, 19.02.2023, sastala se zajednica &#8221; Vjera i Svjetlo&#8221;. Nakon uvodne molitve i pjesme, vele\u010dasni Dario kratko je izlo\u017eio temu susreta : Sol zemlje. Odigrali smo jo\u0161 dvije igre i nau\u010dili nove pjesme. Razgovarali smo kako je bilo na susretu u \u0110ur\u0111evcu. Susret smo zaklju\u010dili, molitvom i ispovjedi i odlaskom na misu. Zastavu zajednice izradila&hellip;","featured_image_urls_v2":{"full":"","thumbnail":"","medium":"","medium_large":"","large":"","1536x1536":"","2048x2048":"","qubely_landscape":"","qubely_portrait":"","qubely_thumbnail":""},"post_excerpt_stackable_v2":"<p>Ve\u010deras, 19.02.2023, sastala se zajednica &#8221; Vjera i Svjetlo&#8221;. Nakon uvodne molitve i pjesme, vele\u010dasni Dario kratko je izlo\u017eio temu susreta : Sol zemlje. Odigrali smo jo\u0161 dvije igre i nau\u010dili nove pjesme. Razgovarali smo kako je bilo na susretu u \u0110ur\u0111evcu. Susret smo zaklju\u010dili, molitvom i ispovjedi i odlaskom na misu. Zastavu zajednice izradila je Anita Juri\u0107. Veselimo se novom susretu.<\/p>\n","category_list_v2":"<a href=\"https:\/\/www.ofm.hr\/koprivnica\/category\/pastoralne-aktivnosti\/vjera-i-svjetlo\/\" rel=\"category tag\">VJERA I SVJETLO<\/a>","author_info_v2":{"name":"Branko","url":"https:\/\/www.ofm.hr\/koprivnica\/author\/admkp8\/"},"comments_num_v2":"0 comments","_links":{"self":[{"href":"https:\/\/www.ofm.hr\/koprivnica\/wp-json\/wp\/v2\/posts\/12684","targetHints":{"allow":["GET"]}}],"collection":[{"href":"https:\/\/www.ofm.hr\/koprivnica\/wp-json\/wp\/v2\/posts"}],"about":[{"href":"https:\/\/www.ofm.hr\/koprivnica\/wp-json\/wp\/v2\/types\/post"}],"author":[{"embeddable":true,"href":"https:\/\/www.ofm.hr\/koprivnica\/wp-json\/wp\/v2\/users\/1"}],"replies":[{"embeddable":true,"href":"https:\/\/www.ofm.hr\/koprivnica\/wp-json\/wp\/v2\/comments?post=12684"}],"version-history":[{"count":3,"href":"https:\/\/www.ofm.hr\/koprivnica\/wp-json\/wp\/v2\/posts\/12684\/revisions"}],"predecessor-version":[{"id":12696,"href":"https:\/\/www.ofm.hr\/koprivnica\/wp-json\/wp\/v2\/posts\/12684\/revisions\/12696"}],"wp:attachment":[{"href":"https:\/\/www.ofm.hr\/koprivnica\/wp-json\/wp\/v2\/media?parent=12684"}],"wp:term":[{"taxonomy":"category","embeddable":true,"href":"https:\/\/www.ofm.hr\/koprivnica\/wp-json\/wp\/v2\/categories?post=12684"},{"taxonomy":"post_tag","embeddable":true,"href":"https:\/\/www.ofm.hr\/koprivnica\/wp-json\/wp\/v2\/tags?post=12684"}],"curies":[{"name":"wp","href":"https:\/\/api.w.org\/{rel}","templated":true}]}}