{"id":13099,"date":"2023-03-25T22:02:16","date_gmt":"2023-03-25T21:02:16","guid":{"rendered":"https:\/\/www.ofm.hr\/koprivnica\/?p=13099"},"modified":"2023-03-25T22:02:18","modified_gmt":"2023-03-25T21:02:18","slug":"klanjanje-15-03-2023-2","status":"publish","type":"post","link":"https:\/\/www.ofm.hr\/koprivnica\/klanjanje-15-03-2023-2\/","title":{"rendered":"KLANJANJE 15.03.2023."},"content":{"rendered":"\n<p>Evo me Isuse i ve\u010deras pred Tvojim licem, \u017eelim Te susresti. \u2026\u2026\u017eelim se zaustaviti na Tvojem pogledu i odbaciti sve \u0161to me opete\u0107uje, \u0161to me boli, zaustaviti misli koje me odvla\u010de od Tebe i \u017eelim se sjediniti s Tobom, jer rekao si: Tko jede moje tijelo taj ostaje u meni i ja u njemu\u2026..\u017delim zaroniti u svoje dubine, tu gdje se susre\u0107emo ja i Ti i postati svjesna Tvoje prisutnosti\u2026\u2026moja du\u0161a neprestano \u010dezne biti jedno sa Tobom, ne odvajati se od Tebe. \u017delim Ti i ve\u010deras re\u0107i Isuse, koliko mi je va\u017ena Tvoja blizina u svakoj mojoj aktivnosti i situaciji. Zato te pozivam u svoju svakodnevnicu, jer samo Ti zna\u0161 prava rje\u0161enja i odgovore kad stanem i ne znam kako dalje. Trebam Tvoju mudrost Isuse, da moj \u017eivot bude ispunjen i onakav kakvog si ga Ti zamislio, da ima svoj smisao \u2026\u2026.jer kako ka\u017ee Sv Augustin:\u00a0 za sebe si nas stvorio Bo\u017ee i nemirno je srce na\u0161e dok se ne smiri u Tebi\u2026\u2026\u2026Svakome od nas si dao svoj dar i talent kojim mo\u017eemo oplemeniti ljude oko nas. Pomozi nam, da samo Tvoje dobro koje od Tebe primamo, urodi i dobrim plodovima. Zato Ti sada svaki od nas daruje svoje otvoreno srce, da nam daruje\u0161 svojega Sv Duha, koji sve \u010dini novo. Novo srce mi daruj Isuse. Radosno srce, \u010disto srce, smireno, ljubljeno\u2026\u2026darujem Ti ba\u0161 sve \u0161to se u njemu skriva\u2026\u2026No, Ti me poziva\u0161 da najprije pra\u0161tam svima i molim za oprost one koje sam ja povrijedila. Po\u0111i sada Isuse u duhu samnom do osobe s kojom ba\u0161 nisam u dobrim odnosima\u2026\u2026u Tvojoj prisutnosti \u017eelim re\u0107i OPRA\u0160TAM TI\u2026.. OPROSTI I TI MENI \u0160TO TE NE RAZUMIJEM. \u2026.. A Ti nas sada \u00a0Isuse blagoslovi\u2026\u2026..<\/p>\n","protected":false},"excerpt":{"rendered":"<p>Evo me Isuse i ve\u010deras pred Tvojim licem, \u017eelim Te susresti. \u2026\u2026\u017eelim se zaustaviti na Tvojem pogledu i odbaciti sve \u0161to me opete\u0107uje, \u0161to me boli, zaustaviti misli koje me odvla\u010de od Tebe i \u017eelim se sjediniti s Tobom, jer rekao si: Tko jede moje tijelo taj ostaje u meni i ja u njemu\u2026..\u017delim zaroniti [&hellip;]<\/p>\n","protected":false},"author":1,"featured_media":0,"comment_status":"closed","ping_status":"open","sticky":true,"template":"","format":"standard","meta":{"qubely_global_settings":"","qubely_interactions":"","footnotes":""},"categories":[28],"tags":[],"class_list":["post-13099","post","type-post","status-publish","format-standard","hentry","category-klanjanje"],"blocksy_meta":{"styles_descriptor":{"styles":{"desktop":"","tablet":"","mobile":""},"google_fonts":[],"version":6}},"qubely_featured_image_url":null,"qubely_author":{"display_name":"Branko","author_link":"https:\/\/www.ofm.hr\/koprivnica\/author\/admkp8\/"},"qubely_comment":0,"qubely_category":"<a href=\"https:\/\/www.ofm.hr\/koprivnica\/category\/poboznosti\/klanjanje\/\" rel=\"category tag\">Klanjanje<\/a>","qubely_excerpt":"Evo me Isuse i ve\u010deras pred Tvojim licem, \u017eelim Te susresti. \u2026\u2026\u017eelim se zaustaviti na Tvojem pogledu i odbaciti sve \u0161to me opete\u0107uje, \u0161to me boli, zaustaviti misli koje me odvla\u010de od Tebe i \u017eelim se sjediniti s Tobom, jer rekao si: Tko jede moje tijelo taj ostaje u meni i ja u njemu\u2026..\u017delim zaroniti&hellip;","featured_image_urls_v2":{"full":"","thumbnail":"","medium":"","medium_large":"","large":"","1536x1536":"","2048x2048":"","qubely_landscape":"","qubely_portrait":"","qubely_thumbnail":""},"post_excerpt_stackable_v2":"<p>Evo me Isuse i ve\u010deras pred Tvojim licem, \u017eelim Te susresti. \u2026\u2026\u017eelim se zaustaviti na Tvojem pogledu i odbaciti sve \u0161to me opete\u0107uje, \u0161to me boli, zaustaviti misli koje me odvla\u010de od Tebe i \u017eelim se sjediniti s Tobom, jer rekao si: Tko jede moje tijelo taj ostaje u meni i ja u njemu\u2026..\u017delim zaroniti u svoje dubine, tu gdje se susre\u0107emo ja i Ti i postati svjesna Tvoje prisutnosti\u2026\u2026moja du\u0161a neprestano \u010dezne biti jedno sa Tobom, ne odvajati se od Tebe. \u017delim Ti i ve\u010deras re\u0107i Isuse, koliko mi je va\u017ena Tvoja blizina u svakoj mojoj aktivnosti i situaciji.&hellip;<\/p>\n","category_list_v2":"<a href=\"https:\/\/www.ofm.hr\/koprivnica\/category\/poboznosti\/klanjanje\/\" rel=\"category tag\">Klanjanje<\/a>","author_info_v2":{"name":"Branko","url":"https:\/\/www.ofm.hr\/koprivnica\/author\/admkp8\/"},"comments_num_v2":"0 comments","_links":{"self":[{"href":"https:\/\/www.ofm.hr\/koprivnica\/wp-json\/wp\/v2\/posts\/13099","targetHints":{"allow":["GET"]}}],"collection":[{"href":"https:\/\/www.ofm.hr\/koprivnica\/wp-json\/wp\/v2\/posts"}],"about":[{"href":"https:\/\/www.ofm.hr\/koprivnica\/wp-json\/wp\/v2\/types\/post"}],"author":[{"embeddable":true,"href":"https:\/\/www.ofm.hr\/koprivnica\/wp-json\/wp\/v2\/users\/1"}],"replies":[{"embeddable":true,"href":"https:\/\/www.ofm.hr\/koprivnica\/wp-json\/wp\/v2\/comments?post=13099"}],"version-history":[{"count":1,"href":"https:\/\/www.ofm.hr\/koprivnica\/wp-json\/wp\/v2\/posts\/13099\/revisions"}],"predecessor-version":[{"id":13101,"href":"https:\/\/www.ofm.hr\/koprivnica\/wp-json\/wp\/v2\/posts\/13099\/revisions\/13101"}],"wp:attachment":[{"href":"https:\/\/www.ofm.hr\/koprivnica\/wp-json\/wp\/v2\/media?parent=13099"}],"wp:term":[{"taxonomy":"category","embeddable":true,"href":"https:\/\/www.ofm.hr\/koprivnica\/wp-json\/wp\/v2\/categories?post=13099"},{"taxonomy":"post_tag","embeddable":true,"href":"https:\/\/www.ofm.hr\/koprivnica\/wp-json\/wp\/v2\/tags?post=13099"}],"curies":[{"name":"wp","href":"https:\/\/api.w.org\/{rel}","templated":true}]}}