{"id":13561,"date":"2023-06-12T21:42:56","date_gmt":"2023-06-12T19:42:56","guid":{"rendered":"https:\/\/www.ofm.hr\/koprivnica\/?p=13561"},"modified":"2023-06-12T21:42:59","modified_gmt":"2023-06-12T19:42:59","slug":"susret-zajednice-vjera-i-svjetlo-11-6-2023","status":"publish","type":"post","link":"https:\/\/www.ofm.hr\/koprivnica\/susret-zajednice-vjera-i-svjetlo-11-6-2023\/","title":{"rendered":"Susret zajednice &#8220;Vjera i Svjetlo&#8221; 11. 6. 2023."},"content":{"rendered":"\n<figure class=\"wp-block-image alignleft size-full is-resized\" data-block-type=\"core\"><img loading=\"lazy\" decoding=\"async\" src=\"https:\/\/www.ofm.hr\/koprivnica\/wp-content\/uploads\/2023\/06\/viber_image_2023-06-11_21-43-22-774.jpg\" alt=\"\" class=\"wp-image-13560\" width=\"436\" height=\"327\" srcset=\"https:\/\/www.ofm.hr\/koprivnica\/wp-content\/uploads\/2023\/06\/viber_image_2023-06-11_21-43-22-774.jpg 640w, https:\/\/www.ofm.hr\/koprivnica\/wp-content\/uploads\/2023\/06\/viber_image_2023-06-11_21-43-22-774-300x225.jpg 300w\" sizes=\"auto, (max-width: 436px) 100vw, 436px\" \/><\/figure>\n\n\n\n<p>Ve\u010deras, 11. 6. 2023, susreli smo se na zajednici &#8216; Vjera i Svjetlo&#8217;. Tema susreta je bila slobodna i sv.Antun, o kojoj je vi\u0161e govorio vele\u010dasni Darijo. Nakon molitve i pjesme, susret smo zapo\u010deli razgovorom kako smo proveli vrijeme i kako nam je pomogao sv. Antun u \u017eivotu. Razgovarali smo i o susretu, na Marija Bistrica, gdje \u0107e se slaviti 30 godina zajednice. Dru\u017eenje smo zavr\u0161ili misom i dru\u017eenjem. Radujemo se novom susretu.<\/p>\n\n\n\n<figure class=\"wp-block-gallery has-nested-images columns-default is-cropped wp-block-gallery-1 is-layout-flex wp-block-gallery-is-layout-flex\" data-block-type=\"core\">\n<figure class=\"wp-block-image size-large\" data-block-type=\"core\"><a href=\"https:\/\/www.ofm.hr\/koprivnica\/wp-content\/uploads\/2023\/06\/viber_image_2023-06-11_21-43-22-774.jpg\"><img loading=\"lazy\" decoding=\"async\" width=\"640\" height=\"480\" data-id=\"13560\" src=\"https:\/\/www.ofm.hr\/koprivnica\/wp-content\/uploads\/2023\/06\/viber_image_2023-06-11_21-43-22-774.jpg\" alt=\"\" class=\"wp-image-13560\" srcset=\"https:\/\/www.ofm.hr\/koprivnica\/wp-content\/uploads\/2023\/06\/viber_image_2023-06-11_21-43-22-774.jpg 640w, https:\/\/www.ofm.hr\/koprivnica\/wp-content\/uploads\/2023\/06\/viber_image_2023-06-11_21-43-22-774-300x225.jpg 300w\" sizes=\"auto, (max-width: 640px) 100vw, 640px\" \/><\/a><\/figure>\n\n\n\n<figure class=\"wp-block-image size-large\" data-block-type=\"core\"><a href=\"https:\/\/www.ofm.hr\/koprivnica\/wp-content\/uploads\/2023\/06\/viber_image_2023-06-11_21-42-50-828.jpg\"><img loading=\"lazy\" decoding=\"async\" width=\"480\" height=\"640\" data-id=\"13558\" src=\"https:\/\/www.ofm.hr\/koprivnica\/wp-content\/uploads\/2023\/06\/viber_image_2023-06-11_21-42-50-828.jpg\" alt=\"\" class=\"wp-image-13558\" srcset=\"https:\/\/www.ofm.hr\/koprivnica\/wp-content\/uploads\/2023\/06\/viber_image_2023-06-11_21-42-50-828.jpg 480w, https:\/\/www.ofm.hr\/koprivnica\/wp-content\/uploads\/2023\/06\/viber_image_2023-06-11_21-42-50-828-225x300.jpg 225w\" sizes=\"auto, (max-width: 480px) 100vw, 480px\" \/><\/a><\/figure>\n\n\n\n<figure class=\"wp-block-image size-large\" data-block-type=\"core\"><a href=\"https:\/\/www.ofm.hr\/koprivnica\/wp-content\/uploads\/2023\/06\/viber_image_2023-06-11_21-42-53-513.jpg\"><img loading=\"lazy\" decoding=\"async\" width=\"480\" height=\"640\" data-id=\"13559\" src=\"https:\/\/www.ofm.hr\/koprivnica\/wp-content\/uploads\/2023\/06\/viber_image_2023-06-11_21-42-53-513.jpg\" alt=\"\" class=\"wp-image-13559\" srcset=\"https:\/\/www.ofm.hr\/koprivnica\/wp-content\/uploads\/2023\/06\/viber_image_2023-06-11_21-42-53-513.jpg 480w, https:\/\/www.ofm.hr\/koprivnica\/wp-content\/uploads\/2023\/06\/viber_image_2023-06-11_21-42-53-513-225x300.jpg 225w\" sizes=\"auto, (max-width: 480px) 100vw, 480px\" \/><\/a><\/figure>\n\n\n\n<figure class=\"wp-block-image size-large\" data-block-type=\"core\"><a href=\"https:\/\/www.ofm.hr\/koprivnica\/wp-content\/uploads\/2023\/06\/viber_image_2023-06-11_21-42-48-200.jpg\"><img loading=\"lazy\" decoding=\"async\" width=\"480\" height=\"640\" data-id=\"13557\" src=\"https:\/\/www.ofm.hr\/koprivnica\/wp-content\/uploads\/2023\/06\/viber_image_2023-06-11_21-42-48-200.jpg\" alt=\"\" class=\"wp-image-13557\" srcset=\"https:\/\/www.ofm.hr\/koprivnica\/wp-content\/uploads\/2023\/06\/viber_image_2023-06-11_21-42-48-200.jpg 480w, https:\/\/www.ofm.hr\/koprivnica\/wp-content\/uploads\/2023\/06\/viber_image_2023-06-11_21-42-48-200-225x300.jpg 225w\" sizes=\"auto, (max-width: 480px) 100vw, 480px\" \/><\/a><\/figure>\n\n\n\n<figure class=\"wp-block-image size-large\" data-block-type=\"core\"><a href=\"https:\/\/www.ofm.hr\/koprivnica\/wp-content\/uploads\/2023\/06\/viber_image_2023-06-11_21-42-46-852.jpg\"><img loading=\"lazy\" decoding=\"async\" width=\"480\" height=\"640\" data-id=\"13556\" src=\"https:\/\/www.ofm.hr\/koprivnica\/wp-content\/uploads\/2023\/06\/viber_image_2023-06-11_21-42-46-852.jpg\" alt=\"\" class=\"wp-image-13556\" srcset=\"https:\/\/www.ofm.hr\/koprivnica\/wp-content\/uploads\/2023\/06\/viber_image_2023-06-11_21-42-46-852.jpg 480w, https:\/\/www.ofm.hr\/koprivnica\/wp-content\/uploads\/2023\/06\/viber_image_2023-06-11_21-42-46-852-225x300.jpg 225w\" sizes=\"auto, (max-width: 480px) 100vw, 480px\" \/><\/a><\/figure>\n\n\n\n<figure class=\"wp-block-image size-large\" data-block-type=\"core\"><a href=\"https:\/\/www.ofm.hr\/koprivnica\/wp-content\/uploads\/2023\/06\/viber_image_2023-06-11_21-42-41-915.jpg\"><img loading=\"lazy\" decoding=\"async\" width=\"640\" height=\"480\" data-id=\"13555\" src=\"https:\/\/www.ofm.hr\/koprivnica\/wp-content\/uploads\/2023\/06\/viber_image_2023-06-11_21-42-41-915.jpg\" alt=\"\" class=\"wp-image-13555\" srcset=\"https:\/\/www.ofm.hr\/koprivnica\/wp-content\/uploads\/2023\/06\/viber_image_2023-06-11_21-42-41-915.jpg 640w, https:\/\/www.ofm.hr\/koprivnica\/wp-content\/uploads\/2023\/06\/viber_image_2023-06-11_21-42-41-915-300x225.jpg 300w\" sizes=\"auto, (max-width: 640px) 100vw, 640px\" \/><\/a><\/figure>\n\n\n\n<figure class=\"wp-block-image size-large\" data-block-type=\"core\"><a href=\"https:\/\/www.ofm.hr\/koprivnica\/wp-content\/uploads\/2023\/06\/viber_image_2023-06-11_21-42-31-439.jpg\"><img loading=\"lazy\" decoding=\"async\" width=\"480\" height=\"640\" data-id=\"13554\" src=\"https:\/\/www.ofm.hr\/koprivnica\/wp-content\/uploads\/2023\/06\/viber_image_2023-06-11_21-42-31-439.jpg\" alt=\"\" class=\"wp-image-13554\" srcset=\"https:\/\/www.ofm.hr\/koprivnica\/wp-content\/uploads\/2023\/06\/viber_image_2023-06-11_21-42-31-439.jpg 480w, https:\/\/www.ofm.hr\/koprivnica\/wp-content\/uploads\/2023\/06\/viber_image_2023-06-11_21-42-31-439-225x300.jpg 225w\" sizes=\"auto, (max-width: 480px) 100vw, 480px\" \/><\/a><\/figure>\n\n\n\n<figure class=\"wp-block-image size-large\" data-block-type=\"core\"><a href=\"https:\/\/www.ofm.hr\/koprivnica\/wp-content\/uploads\/2023\/06\/viber_image_2023-06-11_21-42-28-851.jpg\"><img loading=\"lazy\" decoding=\"async\" width=\"640\" height=\"480\" data-id=\"13553\" src=\"https:\/\/www.ofm.hr\/koprivnica\/wp-content\/uploads\/2023\/06\/viber_image_2023-06-11_21-42-28-851.jpg\" alt=\"\" class=\"wp-image-13553\" srcset=\"https:\/\/www.ofm.hr\/koprivnica\/wp-content\/uploads\/2023\/06\/viber_image_2023-06-11_21-42-28-851.jpg 640w, https:\/\/www.ofm.hr\/koprivnica\/wp-content\/uploads\/2023\/06\/viber_image_2023-06-11_21-42-28-851-300x225.jpg 300w\" sizes=\"auto, (max-width: 640px) 100vw, 640px\" \/><\/a><\/figure>\n<\/figure>\n","protected":false},"excerpt":{"rendered":"<p>Ve\u010deras, 11. 6. 2023, susreli smo se na zajednici &#8216; Vjera i Svjetlo&#8217;. Tema susreta je bila slobodna i sv.Antun, o kojoj je vi\u0161e govorio vele\u010dasni Darijo. Nakon molitve i pjesme, susret smo zapo\u010deli razgovorom kako smo proveli vrijeme i kako nam je pomogao sv. Antun u \u017eivotu. Razgovarali smo i o susretu, na Marija [&hellip;]<\/p>\n","protected":false},"author":1,"featured_media":0,"comment_status":"closed","ping_status":"open","sticky":true,"template":"","format":"standard","meta":{"qubely_global_settings":"","qubely_interactions":"","footnotes":""},"categories":[41],"tags":[],"class_list":["post-13561","post","type-post","status-publish","format-standard","hentry","category-vjera-i-svjetlo"],"blocksy_meta":{"styles_descriptor":{"styles":{"desktop":"","tablet":"","mobile":""},"google_fonts":[],"version":6}},"qubely_featured_image_url":null,"qubely_author":{"display_name":"Branko","author_link":"https:\/\/www.ofm.hr\/koprivnica\/author\/admkp8\/"},"qubely_comment":0,"qubely_category":"<a href=\"https:\/\/www.ofm.hr\/koprivnica\/category\/pastoralne-aktivnosti\/vjera-i-svjetlo\/\" rel=\"category tag\">VJERA I SVJETLO<\/a>","qubely_excerpt":"Ve\u010deras, 11. 6. 2023, susreli smo se na zajednici &#8216; Vjera i Svjetlo&#8217;. Tema susreta je bila slobodna i sv.Antun, o kojoj je vi\u0161e govorio vele\u010dasni Darijo. Nakon molitve i pjesme, susret smo zapo\u010deli razgovorom kako smo proveli vrijeme i kako nam je pomogao sv. Antun u \u017eivotu. Razgovarali smo i o susretu, na Marija&hellip;","featured_image_urls_v2":{"full":"","thumbnail":"","medium":"","medium_large":"","large":"","1536x1536":"","2048x2048":"","qubely_landscape":"","qubely_portrait":"","qubely_thumbnail":""},"post_excerpt_stackable_v2":"<p>Ve\u010deras, 11. 6. 2023, susreli smo se na zajednici &#8216; Vjera i Svjetlo&#8217;. Tema susreta je bila slobodna i sv.Antun, o kojoj je vi\u0161e govorio vele\u010dasni Darijo. Nakon molitve i pjesme, susret smo zapo\u010deli razgovorom kako smo proveli vrijeme i kako nam je pomogao sv. Antun u \u017eivotu. Razgovarali smo i o susretu, na Marija Bistrica, gdje \u0107e se slaviti 30 godina zajednice. Dru\u017eenje smo zavr\u0161ili misom i dru\u017eenjem. Radujemo se novom susretu.<\/p>\n","category_list_v2":"<a href=\"https:\/\/www.ofm.hr\/koprivnica\/category\/pastoralne-aktivnosti\/vjera-i-svjetlo\/\" rel=\"category tag\">VJERA I SVJETLO<\/a>","author_info_v2":{"name":"Branko","url":"https:\/\/www.ofm.hr\/koprivnica\/author\/admkp8\/"},"comments_num_v2":"0 comments","_links":{"self":[{"href":"https:\/\/www.ofm.hr\/koprivnica\/wp-json\/wp\/v2\/posts\/13561","targetHints":{"allow":["GET"]}}],"collection":[{"href":"https:\/\/www.ofm.hr\/koprivnica\/wp-json\/wp\/v2\/posts"}],"about":[{"href":"https:\/\/www.ofm.hr\/koprivnica\/wp-json\/wp\/v2\/types\/post"}],"author":[{"embeddable":true,"href":"https:\/\/www.ofm.hr\/koprivnica\/wp-json\/wp\/v2\/users\/1"}],"replies":[{"embeddable":true,"href":"https:\/\/www.ofm.hr\/koprivnica\/wp-json\/wp\/v2\/comments?post=13561"}],"version-history":[{"count":1,"href":"https:\/\/www.ofm.hr\/koprivnica\/wp-json\/wp\/v2\/posts\/13561\/revisions"}],"predecessor-version":[{"id":13562,"href":"https:\/\/www.ofm.hr\/koprivnica\/wp-json\/wp\/v2\/posts\/13561\/revisions\/13562"}],"wp:attachment":[{"href":"https:\/\/www.ofm.hr\/koprivnica\/wp-json\/wp\/v2\/media?parent=13561"}],"wp:term":[{"taxonomy":"category","embeddable":true,"href":"https:\/\/www.ofm.hr\/koprivnica\/wp-json\/wp\/v2\/categories?post=13561"},{"taxonomy":"post_tag","embeddable":true,"href":"https:\/\/www.ofm.hr\/koprivnica\/wp-json\/wp\/v2\/tags?post=13561"}],"curies":[{"name":"wp","href":"https:\/\/api.w.org\/{rel}","templated":true}]}}