{"id":14327,"date":"2023-12-13T14:37:27","date_gmt":"2023-12-13T13:37:27","guid":{"rendered":"https:\/\/www.ofm.hr\/koprivnica\/?p=14327"},"modified":"2023-12-13T14:37:28","modified_gmt":"2023-12-13T13:37:28","slug":"vjera-i-svjetlo-advent","status":"publish","type":"post","link":"https:\/\/www.ofm.hr\/koprivnica\/vjera-i-svjetlo-advent\/","title":{"rendered":"Vjera i Svjetlo &#8211; Advent"},"content":{"rendered":"\n<div class=\"wp-block-qubely-wrapper qubely-block-f86692\"><div class=\"qubely-block-wrapper-block \">\n<div class=\"wp-block-stackable-columns stk-block-columns stk-block stk-db24ecb\" data-block-id=\"db24ecb\"><div class=\"stk-row stk-inner-blocks stk-block-content stk-content-align stk-db24ecb-column\">\n<div class=\"wp-block-stackable-column stk-block-column stk-column stk-block stk-3d05b87\" data-v=\"4\" data-block-id=\"3d05b87\"><style>@media screen and (min-width:690px){.stk-3d05b87{flex:1 1 33.3% !important}}<\/style><div class=\"stk-column-wrapper stk-block-column__content stk-container stk-3d05b87-container stk--no-background stk--no-padding\"><div class=\"stk-block-content stk-inner-blocks stk-3d05b87-inner-blocks\">\n<figure class=\"wp-block-image size-full is-resized\" data-block-type=\"core\"><img loading=\"lazy\" decoding=\"async\" width=\"480\" height=\"640\" src=\"https:\/\/www.ofm.hr\/koprivnica\/wp-content\/uploads\/2023\/12\/viber_image_2023-12-11_10-17-32-553.jpg\" alt=\"\" class=\"wp-image-14336\" style=\"width:208px;height:auto\" srcset=\"https:\/\/www.ofm.hr\/koprivnica\/wp-content\/uploads\/2023\/12\/viber_image_2023-12-11_10-17-32-553.jpg 480w, https:\/\/www.ofm.hr\/koprivnica\/wp-content\/uploads\/2023\/12\/viber_image_2023-12-11_10-17-32-553-225x300.jpg 225w\" sizes=\"auto, (max-width: 480px) 100vw, 480px\" \/><\/figure>\n<\/div><\/div><\/div>\n\n\n\n<div class=\"wp-block-stackable-column stk-block-column stk-column stk-block stk-1b06375\" data-v=\"4\" data-block-id=\"1b06375\"><style>@media screen and (min-width:690px){.stk-1b06375{flex:1 1 66.7% !important}}<\/style><div class=\"stk-column-wrapper stk-block-column__content stk-container stk-1b06375-container stk--no-background stk--no-padding\"><div class=\"stk-block-content stk-inner-blocks stk-1b06375-inner-blocks\">\n<p>Na drugu Adventsku nedjelju ponovo smo se okupila zajednica<br>&#8221; Vjera i Svjetlo! &#8221; . Nakon molitve kratko smo upoznali nove \u010dlanove. Sretni smo \u0161to zajednica raste i zahvalni Bogu. Razgovarali kako je dobro pro\u0161la prodaja Adventskih vjen\u010di\u0107a. Zahvalni smo svakom \u017eupljaninu koji nas je podra\u017eao u na\u0161oj akciji i velika Hvala svima.<br>Vele\u010dasni Dario kratko je govorio o cariniku Zakeju koji je bio tema ovog mjeseca. I poruka da trebamo si\u0107i dolje sa drveta i pribli\u017eiti se Isusu. Nakon toga je Ispovijedo. Anita nas je uz gitaru podr\u017eala te smo pjevali Adventske i ostale pjesme. Odigrali tombolu i oti\u0161li na misu. Radujemo se novom susretu!<\/p>\n<\/div><\/div><\/div>\n<\/div><\/div>\n\n\n\n<figure class=\"wp-block-gallery has-nested-images columns-6 is-cropped wp-block-gallery-1 is-layout-flex wp-block-gallery-is-layout-flex\" data-block-type=\"core\">\n<figure class=\"wp-block-image size-large\" data-block-type=\"core\"><a href=\"https:\/\/www.ofm.hr\/koprivnica\/wp-content\/uploads\/2023\/12\/viber_image_2023-12-11_10-17-32-047.jpg\"><img loading=\"lazy\" decoding=\"async\" width=\"640\" height=\"480\" data-id=\"14337\" src=\"https:\/\/www.ofm.hr\/koprivnica\/wp-content\/uploads\/2023\/12\/viber_image_2023-12-11_10-17-32-047.jpg\" alt=\"\" class=\"wp-image-14337\" srcset=\"https:\/\/www.ofm.hr\/koprivnica\/wp-content\/uploads\/2023\/12\/viber_image_2023-12-11_10-17-32-047.jpg 640w, https:\/\/www.ofm.hr\/koprivnica\/wp-content\/uploads\/2023\/12\/viber_image_2023-12-11_10-17-32-047-300x225.jpg 300w\" sizes=\"auto, (max-width: 640px) 100vw, 640px\" \/><\/a><\/figure>\n\n\n\n<figure class=\"wp-block-image size-large\" data-block-type=\"core\"><a href=\"https:\/\/www.ofm.hr\/koprivnica\/wp-content\/uploads\/2023\/12\/viber_image_2023-12-11_10-17-32-140.jpg\"><img loading=\"lazy\" decoding=\"async\" width=\"640\" height=\"480\" data-id=\"14338\" src=\"https:\/\/www.ofm.hr\/koprivnica\/wp-content\/uploads\/2023\/12\/viber_image_2023-12-11_10-17-32-140.jpg\" alt=\"\" class=\"wp-image-14338\" srcset=\"https:\/\/www.ofm.hr\/koprivnica\/wp-content\/uploads\/2023\/12\/viber_image_2023-12-11_10-17-32-140.jpg 640w, https:\/\/www.ofm.hr\/koprivnica\/wp-content\/uploads\/2023\/12\/viber_image_2023-12-11_10-17-32-140-300x225.jpg 300w\" sizes=\"auto, (max-width: 640px) 100vw, 640px\" \/><\/a><\/figure>\n\n\n\n<figure class=\"wp-block-image size-large\" data-block-type=\"core\"><a href=\"https:\/\/www.ofm.hr\/koprivnica\/wp-content\/uploads\/2023\/12\/viber_image_2023-12-11_10-17-32-429.jpg\"><img loading=\"lazy\" decoding=\"async\" width=\"640\" height=\"480\" data-id=\"14340\" src=\"https:\/\/www.ofm.hr\/koprivnica\/wp-content\/uploads\/2023\/12\/viber_image_2023-12-11_10-17-32-429.jpg\" alt=\"\" class=\"wp-image-14340\" srcset=\"https:\/\/www.ofm.hr\/koprivnica\/wp-content\/uploads\/2023\/12\/viber_image_2023-12-11_10-17-32-429.jpg 640w, https:\/\/www.ofm.hr\/koprivnica\/wp-content\/uploads\/2023\/12\/viber_image_2023-12-11_10-17-32-429-300x225.jpg 300w\" sizes=\"auto, (max-width: 640px) 100vw, 640px\" \/><\/a><\/figure>\n\n\n\n<figure class=\"wp-block-image size-large\" data-block-type=\"core\"><a href=\"https:\/\/www.ofm.hr\/koprivnica\/wp-content\/uploads\/2023\/12\/viber_image_2023-12-11_10-17-32-762.jpg\"><img loading=\"lazy\" decoding=\"async\" width=\"640\" height=\"480\" data-id=\"14339\" src=\"https:\/\/www.ofm.hr\/koprivnica\/wp-content\/uploads\/2023\/12\/viber_image_2023-12-11_10-17-32-762.jpg\" alt=\"\" class=\"wp-image-14339\" srcset=\"https:\/\/www.ofm.hr\/koprivnica\/wp-content\/uploads\/2023\/12\/viber_image_2023-12-11_10-17-32-762.jpg 640w, https:\/\/www.ofm.hr\/koprivnica\/wp-content\/uploads\/2023\/12\/viber_image_2023-12-11_10-17-32-762-300x225.jpg 300w\" sizes=\"auto, (max-width: 640px) 100vw, 640px\" \/><\/a><\/figure>\n\n\n\n<figure class=\"wp-block-image size-large\" data-block-type=\"core\"><a href=\"https:\/\/www.ofm.hr\/koprivnica\/wp-content\/uploads\/2023\/12\/viber_image_2023-12-11_10-18-04-575.jpg\"><img loading=\"lazy\" decoding=\"async\" width=\"640\" height=\"480\" data-id=\"14342\" src=\"https:\/\/www.ofm.hr\/koprivnica\/wp-content\/uploads\/2023\/12\/viber_image_2023-12-11_10-18-04-575.jpg\" alt=\"\" class=\"wp-image-14342\" srcset=\"https:\/\/www.ofm.hr\/koprivnica\/wp-content\/uploads\/2023\/12\/viber_image_2023-12-11_10-18-04-575.jpg 640w, https:\/\/www.ofm.hr\/koprivnica\/wp-content\/uploads\/2023\/12\/viber_image_2023-12-11_10-18-04-575-300x225.jpg 300w\" sizes=\"auto, (max-width: 640px) 100vw, 640px\" \/><\/a><\/figure>\n\n\n\n<figure class=\"wp-block-image size-large\" data-block-type=\"core\"><a href=\"https:\/\/www.ofm.hr\/koprivnica\/wp-content\/uploads\/2023\/12\/viber_image_2023-12-11_10-18-40-396.jpg\"><img loading=\"lazy\" decoding=\"async\" width=\"640\" height=\"480\" data-id=\"14341\" src=\"https:\/\/www.ofm.hr\/koprivnica\/wp-content\/uploads\/2023\/12\/viber_image_2023-12-11_10-18-40-396.jpg\" alt=\"\" class=\"wp-image-14341\" srcset=\"https:\/\/www.ofm.hr\/koprivnica\/wp-content\/uploads\/2023\/12\/viber_image_2023-12-11_10-18-40-396.jpg 640w, https:\/\/www.ofm.hr\/koprivnica\/wp-content\/uploads\/2023\/12\/viber_image_2023-12-11_10-18-40-396-300x225.jpg 300w\" sizes=\"auto, (max-width: 640px) 100vw, 640px\" \/><\/a><\/figure>\n<\/figure>\n<\/div><\/div>\n","protected":false},"excerpt":{"rendered":"","protected":false},"author":1,"featured_media":0,"comment_status":"closed","ping_status":"open","sticky":true,"template":"","format":"standard","meta":{"qubely_global_settings":"","qubely_interactions":"","footnotes":""},"categories":[41],"tags":[],"class_list":["post-14327","post","type-post","status-publish","format-standard","hentry","category-vjera-i-svjetlo"],"blocksy_meta":[],"qubely_featured_image_url":null,"qubely_author":{"display_name":"Branko","author_link":"https:\/\/www.ofm.hr\/koprivnica\/author\/admkp8\/"},"qubely_comment":0,"qubely_category":"<a href=\"https:\/\/www.ofm.hr\/koprivnica\/category\/pastoralne-aktivnosti\/vjera-i-svjetlo\/\" rel=\"category tag\">VJERA I SVJETLO<\/a>","qubely_excerpt":null,"featured_image_urls_v2":{"full":"","thumbnail":"","medium":"","medium_large":"","large":"","1536x1536":"","2048x2048":"","qubely_landscape":"","qubely_portrait":"","qubely_thumbnail":""},"post_excerpt_stackable_v2":"<p>Na drugu Adventsku nedjelju ponovo smo se okupila zajednica&#8221; Vjera i Svjetlo! &#8221; . Nakon molitve kratko smo upoznali nove \u010dlanove. Sretni smo \u0161to zajednica raste i zahvalni Bogu. Razgovarali kako je dobro pro\u0161la prodaja Adventskih vjen\u010di\u0107a. Zahvalni smo svakom \u017eupljaninu koji nas je podra\u017eao u na\u0161oj akciji i velika Hvala svima.Vele\u010dasni Dario kratko je govorio o cariniku Zakeju koji je bio tema ovog mjeseca. I poruka da trebamo si\u0107i dolje sa drveta i pribli\u017eiti se Isusu. Nakon toga je Ispovijedo. Anita nas je uz gitaru podr\u017eala te smo pjevali Adventske i ostale pjesme. Odigrali tombolu i oti\u0161li na misu.&hellip;<\/p>\n","category_list_v2":"<a href=\"https:\/\/www.ofm.hr\/koprivnica\/category\/pastoralne-aktivnosti\/vjera-i-svjetlo\/\" rel=\"category tag\">VJERA I SVJETLO<\/a>","author_info_v2":{"name":"Branko","url":"https:\/\/www.ofm.hr\/koprivnica\/author\/admkp8\/"},"comments_num_v2":"0 comments","_links":{"self":[{"href":"https:\/\/www.ofm.hr\/koprivnica\/wp-json\/wp\/v2\/posts\/14327","targetHints":{"allow":["GET"]}}],"collection":[{"href":"https:\/\/www.ofm.hr\/koprivnica\/wp-json\/wp\/v2\/posts"}],"about":[{"href":"https:\/\/www.ofm.hr\/koprivnica\/wp-json\/wp\/v2\/types\/post"}],"author":[{"embeddable":true,"href":"https:\/\/www.ofm.hr\/koprivnica\/wp-json\/wp\/v2\/users\/1"}],"replies":[{"embeddable":true,"href":"https:\/\/www.ofm.hr\/koprivnica\/wp-json\/wp\/v2\/comments?post=14327"}],"version-history":[{"count":1,"href":"https:\/\/www.ofm.hr\/koprivnica\/wp-json\/wp\/v2\/posts\/14327\/revisions"}],"predecessor-version":[{"id":14343,"href":"https:\/\/www.ofm.hr\/koprivnica\/wp-json\/wp\/v2\/posts\/14327\/revisions\/14343"}],"wp:attachment":[{"href":"https:\/\/www.ofm.hr\/koprivnica\/wp-json\/wp\/v2\/media?parent=14327"}],"wp:term":[{"taxonomy":"category","embeddable":true,"href":"https:\/\/www.ofm.hr\/koprivnica\/wp-json\/wp\/v2\/categories?post=14327"},{"taxonomy":"post_tag","embeddable":true,"href":"https:\/\/www.ofm.hr\/koprivnica\/wp-json\/wp\/v2\/tags?post=14327"}],"curies":[{"name":"wp","href":"https:\/\/api.w.org\/{rel}","templated":true}]}}