{"id":14359,"date":"2023-12-16T21:41:33","date_gmt":"2023-12-16T20:41:33","guid":{"rendered":"https:\/\/www.ofm.hr\/koprivnica\/?p=14359"},"modified":"2023-12-16T21:41:34","modified_gmt":"2023-12-16T20:41:34","slug":"franjevacka-mladez","status":"publish","type":"post","link":"https:\/\/www.ofm.hr\/koprivnica\/franjevacka-mladez\/","title":{"rendered":"Franjeva\u010dka mlade\u017e"},"content":{"rendered":"\n<div class=\"wp-block-qubely-wrapper qubely-block-ca6d83\"><div class=\"qubely-block-wrapper-block \">\n<div class=\"wp-block-stackable-columns stk-block-columns stk-block stk-70b52cf\" data-block-id=\"70b52cf\"><div class=\"stk-row stk-inner-blocks stk-block-content stk-content-align stk-70b52cf-column\">\n<div class=\"wp-block-stackable-column stk-block-column stk-column stk-block stk-8def8e4\" data-v=\"4\" data-block-id=\"8def8e4\"><div class=\"stk-column-wrapper stk-block-column__content stk-container stk-8def8e4-container stk--no-background stk--no-padding\"><div class=\"stk-block-content stk-inner-blocks stk-8def8e4-inner-blocks\">\n<p>Franjeva\u010dka mlade\u017e, skra\u0107eno FRAMA je zajednica mladih od 15 do 31 godinu koji nastoje \u017eivjeti po uzoru na sv. Franju. Na tom \u017eivotnom putu jedni druge ohrabruju i poti\u010du, ali uz njih stoji i duhovni asistent kao njihova desna ruka.<br>Na\u0161a koprivni\u010dka frama broji 15-ak \u010dlanova s duhovnim asistentom fra. Zoranom Babi\u0107em i FSR animatoricom Katarinom Mr\u0161i\u0107 Kopri\u010danec. Sastajemo se svaki petak nakon ve\u010dernje mise u 19:30 u vjeronau\u010dnoj dvorani u samostanskom dvori\u0161tu. Raznim tematskim susretima i molitvom hranimo i njegujemo svoju vjeru, igrama i pjesmom slavimo Boga, te razgovorom jedni druge u\u010dimo, tje\u0161imo, savjetujemo i poma\u017eemo. Pozivamo sve koji su zainteresirani da nam se pridru\u017ee. \u010cekamo te radosna i otvorena srca!<\/p>\n<\/div><\/div><\/div>\n<\/div><\/div>\n\n\n\n<div class=\"wp-block-stackable-columns stk-block-columns stk-block stk-f457bb2\" data-block-id=\"f457bb2\"><div class=\"stk-row stk-inner-blocks stk-block-content stk-content-align stk-f457bb2-column\">\n<div class=\"wp-block-stackable-column stk-block-column stk-column stk-block stk-ddc6b2b\" data-v=\"4\" data-block-id=\"ddc6b2b\"><div class=\"stk-column-wrapper stk-block-column__content stk-container stk-ddc6b2b-container stk--no-background stk--no-padding\"><div class=\"stk-block-content stk-inner-blocks stk-ddc6b2b-inner-blocks\">\n<figure class=\"wp-block-gallery has-nested-images columns-6 is-cropped wp-block-gallery-1 is-layout-flex wp-block-gallery-is-layout-flex\" data-block-type=\"core\">\n<figure class=\"wp-block-image size-large\" data-block-type=\"core\"><a href=\"https:\/\/www.ofm.hr\/koprivnica\/wp-content\/uploads\/2023\/12\/viber_image_2023-12-10_16-45-07-079.jpg\"><img loading=\"lazy\" decoding=\"async\" width=\"480\" height=\"640\" data-id=\"14330\" src=\"https:\/\/www.ofm.hr\/koprivnica\/wp-content\/uploads\/2023\/12\/viber_image_2023-12-10_16-45-07-079.jpg\" alt=\"\" class=\"wp-image-14330\" srcset=\"https:\/\/www.ofm.hr\/koprivnica\/wp-content\/uploads\/2023\/12\/viber_image_2023-12-10_16-45-07-079.jpg 480w, https:\/\/www.ofm.hr\/koprivnica\/wp-content\/uploads\/2023\/12\/viber_image_2023-12-10_16-45-07-079-225x300.jpg 225w\" sizes=\"auto, (max-width: 480px) 100vw, 480px\" \/><\/a><\/figure>\n\n\n\n<figure class=\"wp-block-image size-large\" data-block-type=\"core\"><a href=\"https:\/\/www.ofm.hr\/koprivnica\/wp-content\/uploads\/2023\/12\/viber_image_2023-12-10_16-45-02-640.jpg\"><img loading=\"lazy\" decoding=\"async\" width=\"480\" height=\"640\" data-id=\"14331\" src=\"https:\/\/www.ofm.hr\/koprivnica\/wp-content\/uploads\/2023\/12\/viber_image_2023-12-10_16-45-02-640.jpg\" alt=\"\" class=\"wp-image-14331\" srcset=\"https:\/\/www.ofm.hr\/koprivnica\/wp-content\/uploads\/2023\/12\/viber_image_2023-12-10_16-45-02-640.jpg 480w, https:\/\/www.ofm.hr\/koprivnica\/wp-content\/uploads\/2023\/12\/viber_image_2023-12-10_16-45-02-640-225x300.jpg 225w\" sizes=\"auto, (max-width: 480px) 100vw, 480px\" \/><\/a><\/figure>\n\n\n\n<figure class=\"wp-block-image size-large\" data-block-type=\"core\"><a href=\"https:\/\/www.ofm.hr\/koprivnica\/wp-content\/uploads\/2023\/12\/viber_image_2023-12-10_16-44-58-885.jpg\"><img loading=\"lazy\" decoding=\"async\" width=\"640\" height=\"480\" data-id=\"14328\" src=\"https:\/\/www.ofm.hr\/koprivnica\/wp-content\/uploads\/2023\/12\/viber_image_2023-12-10_16-44-58-885.jpg\" alt=\"\" class=\"wp-image-14328\" srcset=\"https:\/\/www.ofm.hr\/koprivnica\/wp-content\/uploads\/2023\/12\/viber_image_2023-12-10_16-44-58-885.jpg 640w, https:\/\/www.ofm.hr\/koprivnica\/wp-content\/uploads\/2023\/12\/viber_image_2023-12-10_16-44-58-885-300x225.jpg 300w\" sizes=\"auto, (max-width: 640px) 100vw, 640px\" \/><\/a><\/figure>\n\n\n\n<figure class=\"wp-block-image size-large\" data-block-type=\"core\"><a href=\"https:\/\/www.ofm.hr\/koprivnica\/wp-content\/uploads\/2023\/12\/viber_image_2023-12-10_16-45-00-727.jpg\"><img loading=\"lazy\" decoding=\"async\" width=\"640\" height=\"480\" data-id=\"14329\" src=\"https:\/\/www.ofm.hr\/koprivnica\/wp-content\/uploads\/2023\/12\/viber_image_2023-12-10_16-45-00-727.jpg\" alt=\"\" class=\"wp-image-14329\" srcset=\"https:\/\/www.ofm.hr\/koprivnica\/wp-content\/uploads\/2023\/12\/viber_image_2023-12-10_16-45-00-727.jpg 640w, https:\/\/www.ofm.hr\/koprivnica\/wp-content\/uploads\/2023\/12\/viber_image_2023-12-10_16-45-00-727-300x225.jpg 300w\" sizes=\"auto, (max-width: 640px) 100vw, 640px\" \/><\/a><\/figure>\n\n\n\n<figure class=\"wp-block-image size-large\" data-block-type=\"core\"><a href=\"https:\/\/www.ofm.hr\/koprivnica\/wp-content\/uploads\/2023\/12\/viber_image_2023-12-10_16-45-04-943.jpg\"><img loading=\"lazy\" decoding=\"async\" width=\"640\" height=\"480\" data-id=\"14332\" src=\"https:\/\/www.ofm.hr\/koprivnica\/wp-content\/uploads\/2023\/12\/viber_image_2023-12-10_16-45-04-943.jpg\" alt=\"\" class=\"wp-image-14332\" srcset=\"https:\/\/www.ofm.hr\/koprivnica\/wp-content\/uploads\/2023\/12\/viber_image_2023-12-10_16-45-04-943.jpg 640w, https:\/\/www.ofm.hr\/koprivnica\/wp-content\/uploads\/2023\/12\/viber_image_2023-12-10_16-45-04-943-300x225.jpg 300w\" sizes=\"auto, (max-width: 640px) 100vw, 640px\" \/><\/a><\/figure>\n\n\n\n<figure class=\"wp-block-image size-large\" data-block-type=\"core\"><a href=\"https:\/\/www.ofm.hr\/koprivnica\/wp-content\/uploads\/2023\/12\/viber_image_2023-12-10_16-45-06-514.jpg\"><img loading=\"lazy\" decoding=\"async\" width=\"640\" height=\"480\" data-id=\"14333\" src=\"https:\/\/www.ofm.hr\/koprivnica\/wp-content\/uploads\/2023\/12\/viber_image_2023-12-10_16-45-06-514.jpg\" alt=\"\" class=\"wp-image-14333\" srcset=\"https:\/\/www.ofm.hr\/koprivnica\/wp-content\/uploads\/2023\/12\/viber_image_2023-12-10_16-45-06-514.jpg 640w, https:\/\/www.ofm.hr\/koprivnica\/wp-content\/uploads\/2023\/12\/viber_image_2023-12-10_16-45-06-514-300x225.jpg 300w\" sizes=\"auto, (max-width: 640px) 100vw, 640px\" \/><\/a><\/figure>\n<\/figure>\n<\/div><\/div><\/div>\n<\/div><\/div>\n<\/div><\/div>\n","protected":false},"excerpt":{"rendered":"","protected":false},"author":1,"featured_media":0,"comment_status":"closed","ping_status":"open","sticky":true,"template":"","format":"standard","meta":{"qubely_global_settings":"","qubely_interactions":"","footnotes":""},"categories":[40],"tags":[],"class_list":["post-14359","post","type-post","status-publish","format-standard","hentry","category-frama"],"blocksy_meta":[],"qubely_featured_image_url":null,"qubely_author":{"display_name":"Branko","author_link":"https:\/\/www.ofm.hr\/koprivnica\/author\/admkp8\/"},"qubely_comment":0,"qubely_category":"<a href=\"https:\/\/www.ofm.hr\/koprivnica\/category\/frama\/\" rel=\"category tag\">FRAMA<\/a>","qubely_excerpt":null,"featured_image_urls_v2":{"full":"","thumbnail":"","medium":"","medium_large":"","large":"","1536x1536":"","2048x2048":"","qubely_landscape":"","qubely_portrait":"","qubely_thumbnail":""},"post_excerpt_stackable_v2":"<p>Franjeva\u010dka mlade\u017e, skra\u0107eno FRAMA je zajednica mladih od 15 do 31 godinu koji nastoje \u017eivjeti po uzoru na sv. Franju. Na tom \u017eivotnom putu jedni druge ohrabruju i poti\u010du, ali uz njih stoji i duhovni asistent kao njihova desna ruka.Na\u0161a koprivni\u010dka frama broji 15-ak \u010dlanova s duhovnim asistentom fra. Zoranom Babi\u0107em i FSR animatoricom Katarinom Mr\u0161i\u0107 Kopri\u010danec. Sastajemo se svaki petak nakon ve\u010dernje mise u 19:30 u vjeronau\u010dnoj dvorani u samostanskom dvori\u0161tu. Raznim tematskim susretima i molitvom hranimo i njegujemo svoju vjeru, igrama i pjesmom slavimo Boga, te razgovorom jedni druge u\u010dimo, tje\u0161imo, savjetujemo i poma\u017eemo. Pozivamo sve koji su&hellip;<\/p>\n","category_list_v2":"<a href=\"https:\/\/www.ofm.hr\/koprivnica\/category\/frama\/\" rel=\"category tag\">FRAMA<\/a>","author_info_v2":{"name":"Branko","url":"https:\/\/www.ofm.hr\/koprivnica\/author\/admkp8\/"},"comments_num_v2":"0 comments","_links":{"self":[{"href":"https:\/\/www.ofm.hr\/koprivnica\/wp-json\/wp\/v2\/posts\/14359","targetHints":{"allow":["GET"]}}],"collection":[{"href":"https:\/\/www.ofm.hr\/koprivnica\/wp-json\/wp\/v2\/posts"}],"about":[{"href":"https:\/\/www.ofm.hr\/koprivnica\/wp-json\/wp\/v2\/types\/post"}],"author":[{"embeddable":true,"href":"https:\/\/www.ofm.hr\/koprivnica\/wp-json\/wp\/v2\/users\/1"}],"replies":[{"embeddable":true,"href":"https:\/\/www.ofm.hr\/koprivnica\/wp-json\/wp\/v2\/comments?post=14359"}],"version-history":[{"count":1,"href":"https:\/\/www.ofm.hr\/koprivnica\/wp-json\/wp\/v2\/posts\/14359\/revisions"}],"predecessor-version":[{"id":14362,"href":"https:\/\/www.ofm.hr\/koprivnica\/wp-json\/wp\/v2\/posts\/14359\/revisions\/14362"}],"wp:attachment":[{"href":"https:\/\/www.ofm.hr\/koprivnica\/wp-json\/wp\/v2\/media?parent=14359"}],"wp:term":[{"taxonomy":"category","embeddable":true,"href":"https:\/\/www.ofm.hr\/koprivnica\/wp-json\/wp\/v2\/categories?post=14359"},{"taxonomy":"post_tag","embeddable":true,"href":"https:\/\/www.ofm.hr\/koprivnica\/wp-json\/wp\/v2\/tags?post=14359"}],"curies":[{"name":"wp","href":"https:\/\/api.w.org\/{rel}","templated":true}]}}