{"id":14438,"date":"2024-01-06T21:00:23","date_gmt":"2024-01-06T20:00:23","guid":{"rendered":"https:\/\/www.ofm.hr\/koprivnica\/?p=14438"},"modified":"2024-01-06T21:00:25","modified_gmt":"2024-01-06T20:00:25","slug":"zupne-obavjesti-od-7-1-2024-do-14-1-2024","status":"publish","type":"post","link":"https:\/\/www.ofm.hr\/koprivnica\/zupne-obavjesti-od-7-1-2024-do-14-1-2024\/","title":{"rendered":"\u017dupne obavjesti od 7. 1. 2024. do 14. 1. 2024."},"content":{"rendered":"\n<p><strong>ZAVJETNA MISA &#8211; NEDJELJA &#8211; 7. sije\u010dnja 2024.<\/strong><\/p>\n\n\n\n<p>Dopu\u0161tenjem ratnog ministarstva u Be\u010du kapelu Presvetog Otkupitelja sagradio je Vara\u017edinski generalat koji je od 1739. do 1765. imao svoje sjedi\u0161te u Koprivnici. Kapela je sagra\u0111ena u sklopu franjeva\u010dke crkve jer su Franjevci vr\u0161ili slu\u017ebu vojnih kapelana. Generalat je podigao ovu kapelu radi zavjeta koji je u\u010dinio u ratu. U samostanskim spisima zabilje\u017eeno je slijede\u0107e: <em>Kapelu Presvetog Otkupitelja podigao je 1745. iz zajedni\u010dke kase Generalata radi zavjeta u\u010dinjena u ratu. <\/em>Na natpisu iznad ulaza u kapelu pi\u0161e: <em>Hoc generalatus posuit Tibi Christe saeculum, haec igitur populi respice vota Tui<\/em> &#8211; \u0161to u prijevodu zna\u010di: <em>Ovu kapelu, Kriste, podigao je Tebi Generalat, ovdje dakle pogledaj zavjete Tvoga puka.<\/em> Svake godine na drugu nedjelju sije\u010dnja u spomen toga slavi se misa grada Koprivnice. Ove godine ve\u010dernju misu u 18,30 predvodit \u0107e mons. Leonard Marka\u010d, \u017eupnik iz Mo\u010dila, a pod misom pjeva zbor \u017eupe Mo\u010dile. Tradiciju koja postoji ve\u0107 277 godina ne \u017eelimo prekinuti.<\/p>\n\n\n\n<p><strong>BLAGOSLOV OBITELJI<\/strong><\/p>\n\n\n\n<p>Ovogodi\u0161nji redoviti blagoslov obitelji zavr\u0161io je u petak, 5. sije\u010dnja. Nikoga nismo namjerno presko\u010dili. Moglo se dogoditi da smo zabunom pro\u0161li pokraj nekih vrata, a bilo je slu\u010dajeva da su uku\u0107ani bili na poslu ili na putu pa nismo mogli u\u0107i u stan ili ku\u0107u. Svi koji \u017eele neka se slobodno jave na broj 642-160 u vrijeme rada \u017dupnog ureda od 8-9 prije podne ili od 17-18 poslije podne da se dogovorimo kada \u0107e biti mogu\u0107e obaviti naknadni blagoslov.<\/p>\n\n\n\n<p>Hvala svima koji su nas primili. Hvala na va\u0161em daru koji \u0107e biti iskori\u0161ten za daljnje radove i popravke kojih uvijek ima. Hvala i bra\u0107i franjevcima o. Draganu Grizelju, gvardijanu vara\u017edinskog samostana i o. Goranu Malenici, odgojitelju bogoslova iz Zagreba kao i na\u0161em kapelanu o. Zoranu Bibi\u0107u.<\/p>\n\n\n\n<p><strong>PRVA PRI\u010cEST I SVETA POTVRDA<\/strong><\/p>\n\n\n\n<p>Ove godine prva pri\u010dest u na\u0161oj \u017eupi biti \u0107e u nedjelju, 5. svibnja u 9,30, a sveta potvrda, dan ranije 4. svibnja u 11 sati.<\/p>\n","protected":false},"excerpt":{"rendered":"<p>ZAVJETNA MISA &#8211; NEDJELJA &#8211; 7. sije\u010dnja 2024. Dopu\u0161tenjem ratnog ministarstva u Be\u010du kapelu Presvetog Otkupitelja sagradio je Vara\u017edinski generalat koji je od 1739. do 1765. imao svoje sjedi\u0161te u Koprivnici. Kapela je sagra\u0111ena u sklopu franjeva\u010dke crkve jer su Franjevci vr\u0161ili slu\u017ebu vojnih kapelana. Generalat je podigao ovu kapelu radi zavjeta koji je u\u010dinio [&hellip;]<\/p>\n","protected":false},"author":1,"featured_media":0,"comment_status":"closed","ping_status":"open","sticky":true,"template":"","format":"standard","meta":{"qubely_global_settings":"","qubely_interactions":"","footnotes":""},"categories":[45],"tags":[],"class_list":["post-14438","post","type-post","status-publish","format-standard","hentry","category-obavjesti"],"blocksy_meta":[],"qubely_featured_image_url":null,"qubely_author":{"display_name":"Branko","author_link":"https:\/\/www.ofm.hr\/koprivnica\/author\/admkp8\/"},"qubely_comment":0,"qubely_category":"<a href=\"https:\/\/www.ofm.hr\/koprivnica\/category\/obavjesti\/\" rel=\"category tag\">OBAVIJESTI<\/a>","qubely_excerpt":"ZAVJETNA MISA &#8211; NEDJELJA &#8211; 7. sije\u010dnja 2024. Dopu\u0161tenjem ratnog ministarstva u Be\u010du kapelu Presvetog Otkupitelja sagradio je Vara\u017edinski generalat koji je od 1739. do 1765. imao svoje sjedi\u0161te u Koprivnici. Kapela je sagra\u0111ena u sklopu franjeva\u010dke crkve jer su Franjevci vr\u0161ili slu\u017ebu vojnih kapelana. Generalat je podigao ovu kapelu radi zavjeta koji je u\u010dinio&hellip;","featured_image_urls_v2":{"full":"","thumbnail":"","medium":"","medium_large":"","large":"","1536x1536":"","2048x2048":"","qubely_landscape":"","qubely_portrait":"","qubely_thumbnail":""},"post_excerpt_stackable_v2":"<p>ZAVJETNA MISA &#8211; NEDJELJA &#8211; 7. sije\u010dnja 2024. Dopu\u0161tenjem ratnog ministarstva u Be\u010du kapelu Presvetog Otkupitelja sagradio je Vara\u017edinski generalat koji je od 1739. do 1765. imao svoje sjedi\u0161te u Koprivnici. Kapela je sagra\u0111ena u sklopu franjeva\u010dke crkve jer su Franjevci vr\u0161ili slu\u017ebu vojnih kapelana. Generalat je podigao ovu kapelu radi zavjeta koji je u\u010dinio u ratu. U samostanskim spisima zabilje\u017eeno je slijede\u0107e: Kapelu Presvetog Otkupitelja podigao je 1745. iz zajedni\u010dke kase Generalata radi zavjeta u\u010dinjena u ratu. Na natpisu iznad ulaza u kapelu pi\u0161e: Hoc generalatus posuit Tibi Christe saeculum, haec igitur populi respice vota Tui &#8211; \u0161to u&hellip;<\/p>\n","category_list_v2":"<a href=\"https:\/\/www.ofm.hr\/koprivnica\/category\/obavjesti\/\" rel=\"category tag\">OBAVIJESTI<\/a>","author_info_v2":{"name":"Branko","url":"https:\/\/www.ofm.hr\/koprivnica\/author\/admkp8\/"},"comments_num_v2":"0 comments","_links":{"self":[{"href":"https:\/\/www.ofm.hr\/koprivnica\/wp-json\/wp\/v2\/posts\/14438","targetHints":{"allow":["GET"]}}],"collection":[{"href":"https:\/\/www.ofm.hr\/koprivnica\/wp-json\/wp\/v2\/posts"}],"about":[{"href":"https:\/\/www.ofm.hr\/koprivnica\/wp-json\/wp\/v2\/types\/post"}],"author":[{"embeddable":true,"href":"https:\/\/www.ofm.hr\/koprivnica\/wp-json\/wp\/v2\/users\/1"}],"replies":[{"embeddable":true,"href":"https:\/\/www.ofm.hr\/koprivnica\/wp-json\/wp\/v2\/comments?post=14438"}],"version-history":[{"count":1,"href":"https:\/\/www.ofm.hr\/koprivnica\/wp-json\/wp\/v2\/posts\/14438\/revisions"}],"predecessor-version":[{"id":14439,"href":"https:\/\/www.ofm.hr\/koprivnica\/wp-json\/wp\/v2\/posts\/14438\/revisions\/14439"}],"wp:attachment":[{"href":"https:\/\/www.ofm.hr\/koprivnica\/wp-json\/wp\/v2\/media?parent=14438"}],"wp:term":[{"taxonomy":"category","embeddable":true,"href":"https:\/\/www.ofm.hr\/koprivnica\/wp-json\/wp\/v2\/categories?post=14438"},{"taxonomy":"post_tag","embeddable":true,"href":"https:\/\/www.ofm.hr\/koprivnica\/wp-json\/wp\/v2\/tags?post=14438"}],"curies":[{"name":"wp","href":"https:\/\/api.w.org\/{rel}","templated":true}]}}