{"id":14493,"date":"2024-01-21T13:53:25","date_gmt":"2024-01-21T12:53:25","guid":{"rendered":"https:\/\/www.ofm.hr\/koprivnica\/?p=14493"},"modified":"2024-01-21T13:53:26","modified_gmt":"2024-01-21T12:53:26","slug":"zupne-obavjesti-od-21-1-do-28-1-2024","status":"publish","type":"post","link":"https:\/\/www.ofm.hr\/koprivnica\/zupne-obavjesti-od-21-1-do-28-1-2024\/","title":{"rendered":"\u017dupne obavjesti od 21. 1. do 28. 1. 2024."},"content":{"rendered":"\n<p><strong>Molitvena osmina za jedinstvo kr\u0161\u0107ana<\/strong><\/p>\n\n\n\n<p>U \u010detvrtak, 18. sije\u010dnja &nbsp;zapo\u010dela je Molitvena osmina za jedinstvo kr\u0161\u0107ana koja traje do 25. sije\u010dnja. Na tu nakanu molimo u sklopu ve\u010dernje mise.<\/p>\n\n\n\n<p><strong>SJEDNICA \u017dUPNOG PASTORALNOG I EKONOMSKOG VIJE\u0106A<\/strong><\/p>\n\n\n\n<p>U ponedjeljak, 29. sije\u010dnja u 19 sati odr\u017eat \u0107e se prva redovita sjednica \u017dPV-a i \u017dEV-a. O\u010dekuje se da svi \u010dlanovi do\u0111u na sjednicu.<\/p>\n","protected":false},"excerpt":{"rendered":"<p>Molitvena osmina za jedinstvo kr\u0161\u0107ana U \u010detvrtak, 18. sije\u010dnja &nbsp;zapo\u010dela je Molitvena osmina za jedinstvo kr\u0161\u0107ana koja traje do 25. sije\u010dnja. Na tu nakanu molimo u sklopu ve\u010dernje mise. SJEDNICA \u017dUPNOG PASTORALNOG I EKONOMSKOG VIJE\u0106A U ponedjeljak, 29. sije\u010dnja u 19 sati odr\u017eat \u0107e se prva redovita sjednica \u017dPV-a i \u017dEV-a. O\u010dekuje se da svi [&hellip;]<\/p>\n","protected":false},"author":1,"featured_media":0,"comment_status":"closed","ping_status":"open","sticky":true,"template":"","format":"standard","meta":{"qubely_global_settings":"","qubely_interactions":"","footnotes":""},"categories":[45],"tags":[],"class_list":["post-14493","post","type-post","status-publish","format-standard","hentry","category-obavjesti"],"blocksy_meta":[],"qubely_featured_image_url":null,"qubely_author":{"display_name":"Branko","author_link":"https:\/\/www.ofm.hr\/koprivnica\/author\/admkp8\/"},"qubely_comment":0,"qubely_category":"<a href=\"https:\/\/www.ofm.hr\/koprivnica\/category\/obavjesti\/\" rel=\"category tag\">OBAVIJESTI<\/a>","qubely_excerpt":"Molitvena osmina za jedinstvo kr\u0161\u0107ana U \u010detvrtak, 18. sije\u010dnja &nbsp;zapo\u010dela je Molitvena osmina za jedinstvo kr\u0161\u0107ana koja traje do 25. sije\u010dnja. Na tu nakanu molimo u sklopu ve\u010dernje mise. SJEDNICA \u017dUPNOG PASTORALNOG I EKONOMSKOG VIJE\u0106A U ponedjeljak, 29. sije\u010dnja u 19 sati odr\u017eat \u0107e se prva redovita sjednica \u017dPV-a i \u017dEV-a. O\u010dekuje se da svi&hellip;","featured_image_urls_v2":{"full":"","thumbnail":"","medium":"","medium_large":"","large":"","1536x1536":"","2048x2048":"","qubely_landscape":"","qubely_portrait":"","qubely_thumbnail":""},"post_excerpt_stackable_v2":"<p>Molitvena osmina za jedinstvo kr\u0161\u0107ana U \u010detvrtak, 18. sije\u010dnja &nbsp;zapo\u010dela je Molitvena osmina za jedinstvo kr\u0161\u0107ana koja traje do 25. sije\u010dnja. Na tu nakanu molimo u sklopu ve\u010dernje mise. SJEDNICA \u017dUPNOG PASTORALNOG I EKONOMSKOG VIJE\u0106A U ponedjeljak, 29. sije\u010dnja u 19 sati odr\u017eat \u0107e se prva redovita sjednica \u017dPV-a i \u017dEV-a. O\u010dekuje se da svi \u010dlanovi do\u0111u na sjednicu.<\/p>\n","category_list_v2":"<a href=\"https:\/\/www.ofm.hr\/koprivnica\/category\/obavjesti\/\" rel=\"category tag\">OBAVIJESTI<\/a>","author_info_v2":{"name":"Branko","url":"https:\/\/www.ofm.hr\/koprivnica\/author\/admkp8\/"},"comments_num_v2":"0 comments","_links":{"self":[{"href":"https:\/\/www.ofm.hr\/koprivnica\/wp-json\/wp\/v2\/posts\/14493","targetHints":{"allow":["GET"]}}],"collection":[{"href":"https:\/\/www.ofm.hr\/koprivnica\/wp-json\/wp\/v2\/posts"}],"about":[{"href":"https:\/\/www.ofm.hr\/koprivnica\/wp-json\/wp\/v2\/types\/post"}],"author":[{"embeddable":true,"href":"https:\/\/www.ofm.hr\/koprivnica\/wp-json\/wp\/v2\/users\/1"}],"replies":[{"embeddable":true,"href":"https:\/\/www.ofm.hr\/koprivnica\/wp-json\/wp\/v2\/comments?post=14493"}],"version-history":[{"count":1,"href":"https:\/\/www.ofm.hr\/koprivnica\/wp-json\/wp\/v2\/posts\/14493\/revisions"}],"predecessor-version":[{"id":14494,"href":"https:\/\/www.ofm.hr\/koprivnica\/wp-json\/wp\/v2\/posts\/14493\/revisions\/14494"}],"wp:attachment":[{"href":"https:\/\/www.ofm.hr\/koprivnica\/wp-json\/wp\/v2\/media?parent=14493"}],"wp:term":[{"taxonomy":"category","embeddable":true,"href":"https:\/\/www.ofm.hr\/koprivnica\/wp-json\/wp\/v2\/categories?post=14493"},{"taxonomy":"post_tag","embeddable":true,"href":"https:\/\/www.ofm.hr\/koprivnica\/wp-json\/wp\/v2\/tags?post=14493"}],"curies":[{"name":"wp","href":"https:\/\/api.w.org\/{rel}","templated":true}]}}