{"id":14676,"date":"2024-03-03T20:59:34","date_gmt":"2024-03-03T19:59:34","guid":{"rendered":"https:\/\/www.ofm.hr\/koprivnica\/?p=14676"},"modified":"2024-03-03T20:59:36","modified_gmt":"2024-03-03T19:59:36","slug":"zupne-obavijesti-od-3-3-do-10-3-2024","status":"publish","type":"post","link":"https:\/\/www.ofm.hr\/koprivnica\/zupne-obavijesti-od-3-3-do-10-3-2024\/","title":{"rendered":"\u017dupne obavijesti od 3. 3. do 10. 3. 2024."},"content":{"rendered":"\n<p><strong>Mjese\u010dna skup\u0161tina FSR-a<\/strong><\/p>\n\n\n\n<p>U utorak, 5. o\u017eujka,\u00a0 poslije ve\u010dernje mise odr\u017eat \u0107e se Mjese\u010dna skup\u0161tina\u00a0 FSR-a<\/p>\n\n\n\n<p><strong>KORIZMENE PONUDE<\/strong><\/p>\n\n\n\n<p>Kroz ovu Korizmu imat \u0107emo priliku u na\u0161oj \u017eupnoj zajednici zajedni\u010dki se pripravljati za svetkovinu Kristova Uskrsnu\u0107a na vi\u0161e na\u010dina:<\/p>\n\n\n\n<p><strong>Nedjeljom i petkom <\/strong>u 18 sati biti \u0107e pobo\u017enost <strong>KRI\u017dNOG PUTA<\/strong> nakon kojeg slijedi sveta misa. Srijedom vi\u0161e ne\u0107e biti Kri\u017enog puta.<\/p>\n\n\n\n<p><strong>Ponedjeljkom <\/strong>poslije ve\u010dernje mise <strong>BIBLIJSKI SAT<\/strong><\/p>\n\n\n\n<p><strong>Srijedom<\/strong> poslije ve\u010dernje mise slijedi <strong>EUHARISTIJSKO KLANJANJE<\/strong><\/p>\n\n\n\n<p><strong>TRINAEST UTORAKA U \u010cAST SV. ANTUNU<\/strong><\/p>\n\n\n\n<p>Najavljujemo da \u0107e \u00a0pobo\u017enost 13 utoraka u \u010dast sv. Antunu zapo\u010deti na Josipovo, 19. o\u017eujka. Pobo\u017enost zapo\u010dinje u 18,15, a zatim slijedi sveta misa.<\/p>\n\n\n\n<p><strong>POMO\u0106 ZA \u017dUPNI KARITAS<\/strong><\/p>\n\n\n\n<p>Pribli\u017eava se Uskrs. Svjesni smo da mnogi te\u0161ko \u017eive. Za Bo\u017ei\u0107 ste pokazali solidarnost donose\u0107i namirnice za potrebne. I sada vam preporu\u010damo da na taj na\u010din pomognete koliko tko mo\u017ee. Svoj dar u hrani mo\u017eete ostaviti u sakristiji ili \u017eupnom uredu, a sve prikupljeno podijeliti \u0107emo potrebnima u \u017eupi. Skupljanje traje do 24. o\u017eujka. Hvala unaprijed!<\/p>\n","protected":false},"excerpt":{"rendered":"<p>Mjese\u010dna skup\u0161tina FSR-a U utorak, 5. o\u017eujka,\u00a0 poslije ve\u010dernje mise odr\u017eat \u0107e se Mjese\u010dna skup\u0161tina\u00a0 FSR-a KORIZMENE PONUDE Kroz ovu Korizmu imat \u0107emo priliku u na\u0161oj \u017eupnoj zajednici zajedni\u010dki se pripravljati za svetkovinu Kristova Uskrsnu\u0107a na vi\u0161e na\u010dina: Nedjeljom i petkom u 18 sati biti \u0107e pobo\u017enost KRI\u017dNOG PUTA nakon kojeg slijedi sveta misa. Srijedom [&hellip;]<\/p>\n","protected":false},"author":1,"featured_media":0,"comment_status":"closed","ping_status":"open","sticky":true,"template":"","format":"standard","meta":{"qubely_global_settings":"","qubely_interactions":"","footnotes":""},"categories":[45],"tags":[],"class_list":["post-14676","post","type-post","status-publish","format-standard","hentry","category-obavjesti"],"blocksy_meta":[],"qubely_featured_image_url":null,"qubely_author":{"display_name":"Branko","author_link":"https:\/\/www.ofm.hr\/koprivnica\/author\/admkp8\/"},"qubely_comment":0,"qubely_category":"<a href=\"https:\/\/www.ofm.hr\/koprivnica\/category\/obavjesti\/\" rel=\"category tag\">OBAVIJESTI<\/a>","qubely_excerpt":"Mjese\u010dna skup\u0161tina FSR-a U utorak, 5. o\u017eujka,\u00a0 poslije ve\u010dernje mise odr\u017eat \u0107e se Mjese\u010dna skup\u0161tina\u00a0 FSR-a KORIZMENE PONUDE Kroz ovu Korizmu imat \u0107emo priliku u na\u0161oj \u017eupnoj zajednici zajedni\u010dki se pripravljati za svetkovinu Kristova Uskrsnu\u0107a na vi\u0161e na\u010dina: Nedjeljom i petkom u 18 sati biti \u0107e pobo\u017enost KRI\u017dNOG PUTA nakon kojeg slijedi sveta misa. Srijedom&hellip;","featured_image_urls_v2":{"full":"","thumbnail":"","medium":"","medium_large":"","large":"","1536x1536":"","2048x2048":"","qubely_landscape":"","qubely_portrait":"","qubely_thumbnail":""},"post_excerpt_stackable_v2":"<p>Mjese\u010dna skup\u0161tina FSR-a U utorak, 5. o\u017eujka,\u00a0 poslije ve\u010dernje mise odr\u017eat \u0107e se Mjese\u010dna skup\u0161tina\u00a0 FSR-a KORIZMENE PONUDE Kroz ovu Korizmu imat \u0107emo priliku u na\u0161oj \u017eupnoj zajednici zajedni\u010dki se pripravljati za svetkovinu Kristova Uskrsnu\u0107a na vi\u0161e na\u010dina: Nedjeljom i petkom u 18 sati biti \u0107e pobo\u017enost KRI\u017dNOG PUTA nakon kojeg slijedi sveta misa. Srijedom vi\u0161e ne\u0107e biti Kri\u017enog puta. Ponedjeljkom poslije ve\u010dernje mise BIBLIJSKI SAT Srijedom poslije ve\u010dernje mise slijedi EUHARISTIJSKO KLANJANJE TRINAEST UTORAKA U \u010cAST SV. ANTUNU Najavljujemo da \u0107e \u00a0pobo\u017enost 13 utoraka u \u010dast sv. Antunu zapo\u010deti na Josipovo, 19. o\u017eujka. Pobo\u017enost zapo\u010dinje u 18,15, a zatim&hellip;<\/p>\n","category_list_v2":"<a href=\"https:\/\/www.ofm.hr\/koprivnica\/category\/obavjesti\/\" rel=\"category tag\">OBAVIJESTI<\/a>","author_info_v2":{"name":"Branko","url":"https:\/\/www.ofm.hr\/koprivnica\/author\/admkp8\/"},"comments_num_v2":"0 comments","_links":{"self":[{"href":"https:\/\/www.ofm.hr\/koprivnica\/wp-json\/wp\/v2\/posts\/14676","targetHints":{"allow":["GET"]}}],"collection":[{"href":"https:\/\/www.ofm.hr\/koprivnica\/wp-json\/wp\/v2\/posts"}],"about":[{"href":"https:\/\/www.ofm.hr\/koprivnica\/wp-json\/wp\/v2\/types\/post"}],"author":[{"embeddable":true,"href":"https:\/\/www.ofm.hr\/koprivnica\/wp-json\/wp\/v2\/users\/1"}],"replies":[{"embeddable":true,"href":"https:\/\/www.ofm.hr\/koprivnica\/wp-json\/wp\/v2\/comments?post=14676"}],"version-history":[{"count":1,"href":"https:\/\/www.ofm.hr\/koprivnica\/wp-json\/wp\/v2\/posts\/14676\/revisions"}],"predecessor-version":[{"id":14677,"href":"https:\/\/www.ofm.hr\/koprivnica\/wp-json\/wp\/v2\/posts\/14676\/revisions\/14677"}],"wp:attachment":[{"href":"https:\/\/www.ofm.hr\/koprivnica\/wp-json\/wp\/v2\/media?parent=14676"}],"wp:term":[{"taxonomy":"category","embeddable":true,"href":"https:\/\/www.ofm.hr\/koprivnica\/wp-json\/wp\/v2\/categories?post=14676"},{"taxonomy":"post_tag","embeddable":true,"href":"https:\/\/www.ofm.hr\/koprivnica\/wp-json\/wp\/v2\/tags?post=14676"}],"curies":[{"name":"wp","href":"https:\/\/api.w.org\/{rel}","templated":true}]}}