{"id":14707,"date":"2024-03-17T20:18:27","date_gmt":"2024-03-17T19:18:27","guid":{"rendered":"https:\/\/www.ofm.hr\/koprivnica\/?p=14707"},"modified":"2024-03-17T20:18:30","modified_gmt":"2024-03-17T19:18:30","slug":"zupne-obavijesti-od-17-3-do-24-3-2024","status":"publish","type":"post","link":"https:\/\/www.ofm.hr\/koprivnica\/zupne-obavijesti-od-17-3-do-24-3-2024\/","title":{"rendered":"\u017dupne obavijesti od 17. 3. do 24. 3. 2024."},"content":{"rendered":"\n<p><strong>POMO\u0106 ZA \u017dUPNI KARITAS<\/strong><\/p>\n\n\n\n<p>Pribli\u017eava se Uskrs. Svjesni smo da mnogi te\u0161ko \u017eive. Za Bo\u017ei\u0107 ste pokazali solidarnost donose\u0107i namirnice za potrebne. I sada vam preporu\u010damo da na taj na\u010din pomognete koliko tko mo\u017ee. Svoj dar u hrani mo\u017eete ostaviti u sakristiji ili \u017eupnom uredu, a sve prikupljeno podijeliti \u0107emo potrebnima u \u017eupi. Skupljanje traje do 24. o\u017eujka. Hvala unaprijed!<\/p>\n\n\n\n<p><strong>TRINAEST UTORAKA U \u010cAST SV. ANTUNU<\/strong><\/p>\n\n\n\n<p>Ovaj utorak, 19. o\u017eujka zapo\u010dinje pobo\u017enost 13 utoraka u \u010dast sv. Antunu. Pobo\u017enost zapo\u010dinje u 18,15, a nastavlja se s ve\u010dernjom misom.<\/p>\n\n\n\n<p><strong>BLAGOSLOV GRAN\u010cICA NA CVJETNICU<\/strong><\/p>\n\n\n\n<p>Blagoslov \u0107e biti kod svih misa, a sve\u010dani kod \u017eupne mise u 9,30. Ako nas vrijeme poslu\u017ei blagoslov \u0107e biti kod vanjskog oltara odakle kre\u0107e procesija u crkvu.<\/p>\n\n\n\n<p><strong>KRI\u017dNI PUT NA CVJETNICU &#8211; 24. o\u017eujka 2024.<\/strong><\/p>\n\n\n\n<p>Poslije podne u 16 sati krenut \u0107e KRI\u017dNI PUT po ulicama na\u0161e \u017eupe. Okupljanje je kod vanjskog oltara u samostanskom dvori\u0161tu. <\/p>\n\n\n\n<p><strong>VELIKA USKRSNA ISPOVIJED U KOPRIVNICI<\/strong><\/p>\n\n\n\n<p>U subotu, 23. o\u017eujka biti \u0107e velika uskrsna ispovijed i to: u 8,30 ovdje u crkvi sv. Antuna, u 10,30 u crkvi sv. Nikole, a u 14 u pastoralnom centru bl. Alojzija Stepinca.<\/p>\n","protected":false},"excerpt":{"rendered":"<p>POMO\u0106 ZA \u017dUPNI KARITAS Pribli\u017eava se Uskrs. Svjesni smo da mnogi te\u0161ko \u017eive. Za Bo\u017ei\u0107 ste pokazali solidarnost donose\u0107i namirnice za potrebne. I sada vam preporu\u010damo da na taj na\u010din pomognete koliko tko mo\u017ee. Svoj dar u hrani mo\u017eete ostaviti u sakristiji ili \u017eupnom uredu, a sve prikupljeno podijeliti \u0107emo potrebnima u \u017eupi. Skupljanje traje [&hellip;]<\/p>\n","protected":false},"author":1,"featured_media":0,"comment_status":"closed","ping_status":"open","sticky":true,"template":"","format":"standard","meta":{"qubely_global_settings":"","qubely_interactions":"","footnotes":""},"categories":[45],"tags":[],"class_list":["post-14707","post","type-post","status-publish","format-standard","hentry","category-obavjesti"],"blocksy_meta":[],"qubely_featured_image_url":null,"qubely_author":{"display_name":"Branko","author_link":"https:\/\/www.ofm.hr\/koprivnica\/author\/admkp8\/"},"qubely_comment":0,"qubely_category":"<a href=\"https:\/\/www.ofm.hr\/koprivnica\/category\/obavjesti\/\" rel=\"category tag\">OBAVIJESTI<\/a>","qubely_excerpt":"POMO\u0106 ZA \u017dUPNI KARITAS Pribli\u017eava se Uskrs. Svjesni smo da mnogi te\u0161ko \u017eive. Za Bo\u017ei\u0107 ste pokazali solidarnost donose\u0107i namirnice za potrebne. I sada vam preporu\u010damo da na taj na\u010din pomognete koliko tko mo\u017ee. Svoj dar u hrani mo\u017eete ostaviti u sakristiji ili \u017eupnom uredu, a sve prikupljeno podijeliti \u0107emo potrebnima u \u017eupi. Skupljanje traje&hellip;","featured_image_urls_v2":{"full":"","thumbnail":"","medium":"","medium_large":"","large":"","1536x1536":"","2048x2048":"","qubely_landscape":"","qubely_portrait":"","qubely_thumbnail":""},"post_excerpt_stackable_v2":"<p>POMO\u0106 ZA \u017dUPNI KARITAS Pribli\u017eava se Uskrs. Svjesni smo da mnogi te\u0161ko \u017eive. Za Bo\u017ei\u0107 ste pokazali solidarnost donose\u0107i namirnice za potrebne. I sada vam preporu\u010damo da na taj na\u010din pomognete koliko tko mo\u017ee. Svoj dar u hrani mo\u017eete ostaviti u sakristiji ili \u017eupnom uredu, a sve prikupljeno podijeliti \u0107emo potrebnima u \u017eupi. Skupljanje traje do 24. o\u017eujka. Hvala unaprijed! TRINAEST UTORAKA U \u010cAST SV. ANTUNU Ovaj utorak, 19. o\u017eujka zapo\u010dinje pobo\u017enost 13 utoraka u \u010dast sv. Antunu. Pobo\u017enost zapo\u010dinje u 18,15, a nastavlja se s ve\u010dernjom misom. BLAGOSLOV GRAN\u010cICA NA CVJETNICU Blagoslov \u0107e biti kod svih misa, a sve\u010dani&hellip;<\/p>\n","category_list_v2":"<a href=\"https:\/\/www.ofm.hr\/koprivnica\/category\/obavjesti\/\" rel=\"category tag\">OBAVIJESTI<\/a>","author_info_v2":{"name":"Branko","url":"https:\/\/www.ofm.hr\/koprivnica\/author\/admkp8\/"},"comments_num_v2":"0 comments","_links":{"self":[{"href":"https:\/\/www.ofm.hr\/koprivnica\/wp-json\/wp\/v2\/posts\/14707","targetHints":{"allow":["GET"]}}],"collection":[{"href":"https:\/\/www.ofm.hr\/koprivnica\/wp-json\/wp\/v2\/posts"}],"about":[{"href":"https:\/\/www.ofm.hr\/koprivnica\/wp-json\/wp\/v2\/types\/post"}],"author":[{"embeddable":true,"href":"https:\/\/www.ofm.hr\/koprivnica\/wp-json\/wp\/v2\/users\/1"}],"replies":[{"embeddable":true,"href":"https:\/\/www.ofm.hr\/koprivnica\/wp-json\/wp\/v2\/comments?post=14707"}],"version-history":[{"count":1,"href":"https:\/\/www.ofm.hr\/koprivnica\/wp-json\/wp\/v2\/posts\/14707\/revisions"}],"predecessor-version":[{"id":14708,"href":"https:\/\/www.ofm.hr\/koprivnica\/wp-json\/wp\/v2\/posts\/14707\/revisions\/14708"}],"wp:attachment":[{"href":"https:\/\/www.ofm.hr\/koprivnica\/wp-json\/wp\/v2\/media?parent=14707"}],"wp:term":[{"taxonomy":"category","embeddable":true,"href":"https:\/\/www.ofm.hr\/koprivnica\/wp-json\/wp\/v2\/categories?post=14707"},{"taxonomy":"post_tag","embeddable":true,"href":"https:\/\/www.ofm.hr\/koprivnica\/wp-json\/wp\/v2\/tags?post=14707"}],"curies":[{"name":"wp","href":"https:\/\/api.w.org\/{rel}","templated":true}]}}