{"id":14716,"date":"2024-03-23T14:31:09","date_gmt":"2024-03-23T13:31:09","guid":{"rendered":"https:\/\/www.ofm.hr\/koprivnica\/?p=14716"},"modified":"2024-03-23T14:38:40","modified_gmt":"2024-03-23T13:38:40","slug":"klanjanje-za-domovinu-20-3-2024","status":"publish","type":"post","link":"https:\/\/www.ofm.hr\/koprivnica\/klanjanje-za-domovinu-20-3-2024\/","title":{"rendered":"KLANJANJE\u00a0\u00a0 (ZA DOMOVINU ) 20. 3. 2024."},"content":{"rendered":"\n<figure class=\"wp-block-image alignleft size-full is-resized\" data-block-type=\"core\"><img loading=\"lazy\" decoding=\"async\" width=\"672\" height=\"372\" src=\"https:\/\/www.ofm.hr\/koprivnica\/wp-content\/uploads\/2024\/03\/milosrdni-zastavahr-3.jpg\" alt=\"\" class=\"wp-image-14724\" style=\"width:218px;height:auto\" srcset=\"https:\/\/www.ofm.hr\/koprivnica\/wp-content\/uploads\/2024\/03\/milosrdni-zastavahr-3.jpg 672w, https:\/\/www.ofm.hr\/koprivnica\/wp-content\/uploads\/2024\/03\/milosrdni-zastavahr-3-300x166.jpg 300w\" sizes=\"auto, (max-width: 672px) 100vw, 672px\" \/><\/figure>\n\n\n\n<p>Pozdravljam Te i klanjam Ti se Isuse iz dubine mojeg srca. Dok promatram tvoje uskrslo tijelo, sakriveno u ovome komadi\u0107u kruha, \u017eelim biti svjesna svojega tijela. U tom mojem tijelu je sakriveno je najdragocjenije bi\u0107e, darovano od tebe, a to sam ja. Imam svoje ime kao i Ti. Imam i svoje prezime. U njemu se krije moja obitelj, otac i majka. Imam i tre\u0107e tijelo, to je moja domovina. U njoj mi Ti daruje\u0161 zrak koji di\u0161em, izvore, rijeke, more, planine, plodnu zemlju, kulturu, \u0161kole, policiju\u2026. Domovina mi je darovala jezik. I Ti si Isuse imao svoju domovinu. Gledam Te sada s velikom tugom u srcu, jer moj Hrvatski narod psuje svoju domovinu, to tijelo koje je strahovito va\u017eno da bude \u010ditavo i zajedno. Psuje Tebe koji si nam sve darovao, stvorio i neprestano stvara\u0161 ne\u0161to novo. Dok gledam Tvoj pogled Isuse upu\u0107en svakome od nas, ne mogu da ne \u010dujem Tvoj glas: A LJUBI\u0160 LI TI SVOJU DOMOVINU? Ljubi\u0161 li svoje rijeke, svoj grad, svoje rodno selo, ljubi\u0161 li ljude koji su ti darovani na tvoj put, svoje sve\u0107enike koji ti mene daruju. Ogovara\u0161 li, sudi\u0161, psuje\u0161 li sve \u0161to sam stvorio ili blagoslivlja\u0161? Pita tebe i mene Isus. sada\u2026\u2026..<\/p>\n\n\n\n<p>I dalje Te slu\u0161am Isuse kako me pita\u0161: Ho\u0107e\u0161 li sada oprostiti svima koji s tobom \u017eive u tom tijelu koje se zove domovina. Ho\u0107e\u0161 li? Ho\u0107u Isuse, ali zna\u0161 da to moje srce nije jo\u0161 dokraja \u010disto i slobodno, pa ne mo\u017ee bez Tebe oprostiti. Zato te molim u duhu po\u0111i sa mnom da oprostim svima u domovini kojima trebam oprostiti.<\/p>\n\n\n\n<p>pra\u0161tam vam roditelji, bra\u0107o, mu\u017eu, \u017eeno, djeco opra\u0161tam vam\u2026..prijatelji opra\u0161tam vam\u2026ljudi na poslu opra\u0161tam vam, ne\u0107u vas suditi\u2026\u2026.. pra\u0161tam vama susjedi\u2026\u2026opra\u0161tam svim gra\u0111anima Hrvatske, svim Hrvatima opra\u0161tam\u2026\u2026opra\u0161tam svim narodima koji su nas cijelu pro\u0161lost napadali, susjedima moje domovine\u2026.. opra\u0161tam vama politi\u010dari, vojnici, profesori, suci\u2026\u2026 SVIMA OPRA\u0160TAM. Sada Te molim Isuse, sve ih blagoslovi i polo\u017ei svoje ruke na sve njih. Sve ti ih donosim do Tvojih nogu da ih se dotakne\u0161. . \u2026\u2026<\/p>\n\n\n\n<p>Hvala Ti Isuse na Tvojoj Ljubavi pra\u0161tanja. A sada Te jo\u0161 ne\u0161to molim Isuse. Moj narod uskoro opet bira novu vlast. I \u017eeli Te svako ovdje od nas moliti za PRAVEDNU VLAST, KOJA \u0106E PONAJPRIJE \u010cUVATI I \u0160TITITI \u017dIVOT OD TRENUTKA ZA\u010cE\u0106A DO SMRTI. Samo takav narod mo\u017ee i\u0107i naprijed u blagostanju. Du\u0161a mi je tjeskobna Isuse, jer narod moj propada, pomalo nestaje, mladi bje\u017ee iz domovine. \u010cuj Gospodine Isuse molitvu moju i ne spominji se opa\u010dina na\u0161ih, sada\u0161njih i svih onih iz pro\u0161losti. Sjeti se Isuse i na\u0161ih iseljenika koji su u pro\u0161losti morali bje\u017eati iz svoje domovine u tu\u0111inu. Pomozi im da se barem njihova djeca vrate svojim korijenima i da se tako izlije\u010de rane njihovih roditelja. A mi koji moramo uskoro birati novu vlast, OKRE\u0106EMO SE PONAJPRIJE TEBI BO\u017dE, da Ti podijeli\u0161 vlast onima, koji su je dostojni i koji \u017eele i ho\u0107e domovinu u\u010diniti \u010dovjekoljubivom, gdje \u0107e vlast biti pravedna, brinuti se za op\u0107e dobro svih ljudi. Du\u0161e sveti daruj nam novu Hrvatsku, novu pravednu hrvatsku vlast. Zahvati ovu prelijepu, ponajprije Tvoju a onda i na\u0161u zemlju Hrvatsku\u2026..<\/p>\n\n\n\n<p>Isuse, sada Ti donosim u srcu taj mali Hrvatski narod i s njima Ti vapijem da oslobodi\u0161 na\u0161 narod od krivih bogova, koji nas vrebaju na svakome koraku. Pogotovo \u010duvaj na\u0161e mlade i djecu, koji su izlo\u017eeni tolikim opasnostima, medija, tehnologije, novca, la\u017enih u\u017eitaka\u2026\u2026Vjerujemo Ti, da \u0107e\u0161 usli\u0161ati na\u0161e ponizne molitve. Samo od Tebe nam dolazi snaga, hrabrost, mudrost, ustrajnost i svako dobro za koje Te molimo. Vjerujemo Ti Isuse, da \u0107e\u0161 otvoriti o\u010di, srce, du\u0161u i um budu\u0107oj vlasti, a onda \u0107e biti sretni i oni i sretan na\u0161 narod i Europa kojoj treba Tvoje svijetlo, ove na\u0161e male zemlje Hrvatske, u \u010dijim ljudima jo\u0161 uvijek sjaji tvoja prisutnost i svjetlost, a koju je Europa uvelike ugasila. Pomozi nam da se Marijina krunica i Tvoj \u017eivot u njoj, vrati na\u0161im obiteljima, na\u0161im braniteljima koji su ju nosili u vrijeme rata. Hvala Ti Isuse, za na\u0161u domovinu, na\u0161u crkvu u Hrvata, na\u0161e sve\u0107enike ,za koje te posebno molimo u ovo vrijeme kada ih se napada sa svih strana. Hvala ti za sve dobre ljude, po kojima se dobro i Dobrota \u0161iri na\u0161om domovinom. Hvala Ti za sve katoli\u010dke medije i novinare, koji umno\u017eavaju Tvoje dobro. Hvala Ti za Sv Josipa, kojeg smo ju\u010der proslavili. Josipa koji je \u010duvao Tebe, i Mariju, a sada nam ga daruje\u0161 za za\u0161titnika na\u0161e domovine. I Tebi Sv Josipe i Tebi Majko Marijo, koji ste sada tu pored Isusa, \u017eelimo vam re\u0107i HVALA. Hvala Ti Gospodine Bo\u017ee, \u0161to imamo Tebe, koji si gospodar neba i ovog komadi\u0107a Hrvatske zemlje, koju si nam Ti darovao, a mi ju moramo voljeti i \u010duvati. Tebi povjeravamo budu\u0107e izbore, kandidate, glasa\u010de i izabrane vlasti, da ih Ti vodi\u0161 i stvara\u0161 skupa sa nama, jednu \u010dudesno LIJEPU I NOVU DOMOVINU HRVATSKU, kojoj \u0107e se drugi narodi diviti.<\/p>\n\n\n\n<p>AMEN.<\/p>\n","protected":false},"excerpt":{"rendered":"<p>Pozdravljam Te i klanjam Ti se Isuse iz dubine mojeg srca. Dok promatram tvoje uskrslo tijelo, sakriveno u ovome komadi\u0107u kruha, \u017eelim biti svjesna svojega tijela. U tom mojem tijelu je sakriveno je najdragocjenije bi\u0107e, darovano od tebe, a to sam ja. Imam svoje ime kao i Ti. Imam i svoje prezime. U njemu se [&hellip;]<\/p>\n","protected":false},"author":1,"featured_media":0,"comment_status":"closed","ping_status":"open","sticky":true,"template":"","format":"standard","meta":{"qubely_global_settings":"","qubely_interactions":"","footnotes":""},"categories":[28],"tags":[],"class_list":["post-14716","post","type-post","status-publish","format-standard","hentry","category-klanjanje"],"blocksy_meta":[],"qubely_featured_image_url":null,"qubely_author":{"display_name":"Branko","author_link":"https:\/\/www.ofm.hr\/koprivnica\/author\/admkp8\/"},"qubely_comment":0,"qubely_category":"<a href=\"https:\/\/www.ofm.hr\/koprivnica\/category\/poboznosti\/klanjanje\/\" rel=\"category tag\">Klanjanje<\/a>","qubely_excerpt":"Pozdravljam Te i klanjam Ti se Isuse iz dubine mojeg srca. Dok promatram tvoje uskrslo tijelo, sakriveno u ovome komadi\u0107u kruha, \u017eelim biti svjesna svojega tijela. U tom mojem tijelu je sakriveno je najdragocjenije bi\u0107e, darovano od tebe, a to sam ja. Imam svoje ime kao i Ti. Imam i svoje prezime. U njemu se&hellip;","featured_image_urls_v2":{"full":"","thumbnail":"","medium":"","medium_large":"","large":"","1536x1536":"","2048x2048":"","qubely_landscape":"","qubely_portrait":"","qubely_thumbnail":""},"post_excerpt_stackable_v2":"<p>Pozdravljam Te i klanjam Ti se Isuse iz dubine mojeg srca. Dok promatram tvoje uskrslo tijelo, sakriveno u ovome komadi\u0107u kruha, \u017eelim biti svjesna svojega tijela. U tom mojem tijelu je sakriveno je najdragocjenije bi\u0107e, darovano od tebe, a to sam ja. Imam svoje ime kao i Ti. Imam i svoje prezime. U njemu se krije moja obitelj, otac i majka. Imam i tre\u0107e tijelo, to je moja domovina. U njoj mi Ti daruje\u0161 zrak koji di\u0161em, izvore, rijeke, more, planine, plodnu zemlju, kulturu, \u0161kole, policiju\u2026. Domovina mi je darovala jezik. I Ti si Isuse imao svoju domovinu. Gledam Te&hellip;<\/p>\n","category_list_v2":"<a href=\"https:\/\/www.ofm.hr\/koprivnica\/category\/poboznosti\/klanjanje\/\" rel=\"category tag\">Klanjanje<\/a>","author_info_v2":{"name":"Branko","url":"https:\/\/www.ofm.hr\/koprivnica\/author\/admkp8\/"},"comments_num_v2":"0 comments","_links":{"self":[{"href":"https:\/\/www.ofm.hr\/koprivnica\/wp-json\/wp\/v2\/posts\/14716","targetHints":{"allow":["GET"]}}],"collection":[{"href":"https:\/\/www.ofm.hr\/koprivnica\/wp-json\/wp\/v2\/posts"}],"about":[{"href":"https:\/\/www.ofm.hr\/koprivnica\/wp-json\/wp\/v2\/types\/post"}],"author":[{"embeddable":true,"href":"https:\/\/www.ofm.hr\/koprivnica\/wp-json\/wp\/v2\/users\/1"}],"replies":[{"embeddable":true,"href":"https:\/\/www.ofm.hr\/koprivnica\/wp-json\/wp\/v2\/comments?post=14716"}],"version-history":[{"count":2,"href":"https:\/\/www.ofm.hr\/koprivnica\/wp-json\/wp\/v2\/posts\/14716\/revisions"}],"predecessor-version":[{"id":14725,"href":"https:\/\/www.ofm.hr\/koprivnica\/wp-json\/wp\/v2\/posts\/14716\/revisions\/14725"}],"wp:attachment":[{"href":"https:\/\/www.ofm.hr\/koprivnica\/wp-json\/wp\/v2\/media?parent=14716"}],"wp:term":[{"taxonomy":"category","embeddable":true,"href":"https:\/\/www.ofm.hr\/koprivnica\/wp-json\/wp\/v2\/categories?post=14716"},{"taxonomy":"post_tag","embeddable":true,"href":"https:\/\/www.ofm.hr\/koprivnica\/wp-json\/wp\/v2\/tags?post=14716"}],"curies":[{"name":"wp","href":"https:\/\/api.w.org\/{rel}","templated":true}]}}