{"id":1486,"date":"2022-03-06T22:43:52","date_gmt":"2022-03-06T21:43:52","guid":{"rendered":"https:\/\/ofm.hr\/koprivnica-wp\/?p=1486"},"modified":"2022-03-06T22:43:52","modified_gmt":"2022-03-06T21:43:52","slug":"vjera-i-svjetlo-dosasce-i-navjestaj-kraljevstva-bozjeg-2","status":"publish","type":"post","link":"https:\/\/www.ofm.hr\/koprivnica\/vjera-i-svjetlo-dosasce-i-navjestaj-kraljevstva-bozjeg-2\/","title":{"rendered":"Vjera i svjetlo \u2013 do\u0161a\u0161\u0107e i navje\u0161taj kraljevstva bo\u017ejeg"},"content":{"rendered":"<p style=\"text-align: center;\">&nbsp;<img loading=\"lazy\" decoding=\"async\" class=\" alignleft size-full wp-image-1459\" style=\"margin: 3px; float: left;\" src=\"https:\/\/www.ofm.hr\/koprivnica\/wp-content\/uploads\/2014\/12\/web18_IMG_6205.jpg\" alt=\"\" width=\"119\" height=\"90\" srcset=\"https:\/\/www.ofm.hr\/koprivnica\/wp-content\/uploads\/2014\/12\/web18_IMG_6205.jpg 640w, https:\/\/www.ofm.hr\/koprivnica\/wp-content\/uploads\/2014\/12\/web18_IMG_6205-600x450.jpg 600w, https:\/\/www.ofm.hr\/koprivnica\/wp-content\/uploads\/2014\/12\/web18_IMG_6205-300x225.jpg 300w\" sizes=\"auto, (max-width: 119px) 100vw, 119px\" \/><span style=\"font-family: comic sans ms,sans-serif; font-size: 10pt;\">Gospodine, u\u010dini moj \u017eivot vje\u010dnim Do\u0161a\u0161\u0107em, u\u010dini svako jutro novim Bo\u017ei\u0107em, u\u010dini i od mene pastira koji hita da se Kralju svome novoro\u0111enome pokloni. Bdijem Gospodine, radujem Ti se, milosti Tvojoj se klanjam i zovem Te, <\/span><\/p>\n<p style=\"text-align: center;\"><span style=\"font-family: comic sans ms,sans-serif; font-size: 10pt;\">Do\u0111i Gospodine Isuse! <\/span><\/p>\n<p>U petak u maloj radionici vjeronau\u010dne u\u010dionice, sad ve\u0107 tradicionalno, okupilo se oko desetak \u201eAntunovih ljiljana\u201c oko izrade adventskih vjen\u010di\u0107a kako bi na\u0161im dragim \u017eupljanima uljep\u0161ali ovo vrijeme Do\u0161a\u0161\u0107a \u0161to je pred nama. Bogata ma\u0161ta, pregr\u0161t ideja te raznovrsni materijali borove su gran\u010dice, raznobojne ma\u0161ne, \u010de\u0161ere, cvjeti\u0107e i svje\u0107ice marljive ruke pretvarale u mala umjetni\u010dka djela u koje su utkale i svu svoju ljubav tako da svaki taj vijenac, osim da uljep\u0161a ne\u010diji stol i vrata, probudi onaj predivan osje\u0107aj dolaska one tihe i svete no\u0107i kada \u0107emo se s Marijom i Josipom zajedno radovati ro\u0111enju na\u0161eg malog Isuseka.<\/p>\n<p><img loading=\"lazy\" decoding=\"async\" class=\" size-full wp-image-1461\" src=\"https:\/\/www.ofm.hr\/koprivnica\/wp-content\/uploads\/2014\/12\/web18_IMG_20141128_211555.jpg\" alt=\"\" width=\"119\" height=\"90\" srcset=\"https:\/\/www.ofm.hr\/koprivnica\/wp-content\/uploads\/2014\/12\/web18_IMG_20141128_211555.jpg 640w, https:\/\/www.ofm.hr\/koprivnica\/wp-content\/uploads\/2014\/12\/web18_IMG_20141128_211555-600x450.jpg 600w, https:\/\/www.ofm.hr\/koprivnica\/wp-content\/uploads\/2014\/12\/web18_IMG_20141128_211555-300x225.jpg 300w\" sizes=\"auto, (max-width: 119px) 100vw, 119px\" \/> <img loading=\"lazy\" decoding=\"async\" class=\" size-full wp-image-1462\" src=\"https:\/\/www.ofm.hr\/koprivnica\/wp-content\/uploads\/2014\/12\/web18_IMG_20141128_211607.jpg\" alt=\"\" width=\"119\" height=\"90\" srcset=\"https:\/\/www.ofm.hr\/koprivnica\/wp-content\/uploads\/2014\/12\/web18_IMG_20141128_211607.jpg 640w, https:\/\/www.ofm.hr\/koprivnica\/wp-content\/uploads\/2014\/12\/web18_IMG_20141128_211607-600x450.jpg 600w, https:\/\/www.ofm.hr\/koprivnica\/wp-content\/uploads\/2014\/12\/web18_IMG_20141128_211607-300x225.jpg 300w\" sizes=\"auto, (max-width: 119px) 100vw, 119px\" \/> <img loading=\"lazy\" decoding=\"async\" class=\" size-full wp-image-1463\" src=\"https:\/\/www.ofm.hr\/koprivnica\/wp-content\/uploads\/2014\/12\/web18_IMG_20141128_212023.jpg\" alt=\"\" width=\"119\" height=\"90\" srcset=\"https:\/\/www.ofm.hr\/koprivnica\/wp-content\/uploads\/2014\/12\/web18_IMG_20141128_212023.jpg 640w, https:\/\/www.ofm.hr\/koprivnica\/wp-content\/uploads\/2014\/12\/web18_IMG_20141128_212023-600x450.jpg 600w, https:\/\/www.ofm.hr\/koprivnica\/wp-content\/uploads\/2014\/12\/web18_IMG_20141128_212023-300x225.jpg 300w\" sizes=\"auto, (max-width: 119px) 100vw, 119px\" \/><\/p>\n<p>Svoje dru\u017eenje nastavili smo u subotu pokraj velikog vijenca na trgu sv. Antuna gdje smo molitvom i pjesmom sudjelovali u paljenju prve adventske svije\u0107e, a sve ususret prvoj nedjelji Do\u0161a\u0161\u0107a kada smo i imali svoj mjese\u010dni susret kao zajednica, odnosno sada ve\u0107 kao prava velika obitelj, koja se zajedno raduje dolasku Kraljevstva Bo\u017ejeg.<\/p>\n<p><img loading=\"lazy\" decoding=\"async\" class=\" size-full wp-image-1454\" style=\"margin: 3px auto; display: block;\" src=\"https:\/\/www.ofm.hr\/koprivnica\/wp-content\/uploads\/2014\/12\/web18_PB290031.jpg\" alt=\"\" width=\"119\" height=\"90\" srcset=\"https:\/\/www.ofm.hr\/koprivnica\/wp-content\/uploads\/2014\/12\/web18_PB290031.jpg 640w, https:\/\/www.ofm.hr\/koprivnica\/wp-content\/uploads\/2014\/12\/web18_PB290031-600x450.jpg 600w, https:\/\/www.ofm.hr\/koprivnica\/wp-content\/uploads\/2014\/12\/web18_PB290031-300x225.jpg 300w\" sizes=\"auto, (max-width: 119px) 100vw, 119px\" \/><\/p>\n<p>&nbsp; Uz molitvu \u201eVjere i svjetla\u201c te prekrasnu adventsku pjesmu \u201ePadaj s neba\u201c zapo\u010deli smo svoj nedjeljni susret.<\/p>\n<p><img loading=\"lazy\" decoding=\"async\" class=\" size-full wp-image-1464\" src=\"https:\/\/www.ofm.hr\/koprivnica\/wp-content\/uploads\/2014\/12\/web18_IMG_6174.jpg\" alt=\"\" width=\"119\" height=\"90\" srcset=\"https:\/\/www.ofm.hr\/koprivnica\/wp-content\/uploads\/2014\/12\/web18_IMG_6174.jpg 640w, https:\/\/www.ofm.hr\/koprivnica\/wp-content\/uploads\/2014\/12\/web18_IMG_6174-600x450.jpg 600w, https:\/\/www.ofm.hr\/koprivnica\/wp-content\/uploads\/2014\/12\/web18_IMG_6174-300x225.jpg 300w\" sizes=\"auto, (max-width: 119px) 100vw, 119px\" \/> <img loading=\"lazy\" decoding=\"async\" class=\" size-full wp-image-1465\" src=\"https:\/\/www.ofm.hr\/koprivnica\/wp-content\/uploads\/2014\/12\/web18_IMG_6175.jpg\" alt=\"\" width=\"119\" height=\"90\" srcset=\"https:\/\/www.ofm.hr\/koprivnica\/wp-content\/uploads\/2014\/12\/web18_IMG_6175.jpg 640w, https:\/\/www.ofm.hr\/koprivnica\/wp-content\/uploads\/2014\/12\/web18_IMG_6175-600x450.jpg 600w, https:\/\/www.ofm.hr\/koprivnica\/wp-content\/uploads\/2014\/12\/web18_IMG_6175-300x225.jpg 300w\" sizes=\"auto, (max-width: 119px) 100vw, 119px\" \/> <img loading=\"lazy\" decoding=\"async\" class=\" size-full wp-image-1466\" src=\"https:\/\/www.ofm.hr\/koprivnica\/wp-content\/uploads\/2014\/12\/web18_IMG_6176.jpg\" alt=\"\" width=\"119\" height=\"90\" srcset=\"https:\/\/www.ofm.hr\/koprivnica\/wp-content\/uploads\/2014\/12\/web18_IMG_6176.jpg 640w, https:\/\/www.ofm.hr\/koprivnica\/wp-content\/uploads\/2014\/12\/web18_IMG_6176-600x450.jpg 600w, https:\/\/www.ofm.hr\/koprivnica\/wp-content\/uploads\/2014\/12\/web18_IMG_6176-300x225.jpg 300w\" sizes=\"auto, (max-width: 119px) 100vw, 119px\" \/> <img loading=\"lazy\" decoding=\"async\" class=\" size-full wp-image-1467\" src=\"https:\/\/www.ofm.hr\/koprivnica\/wp-content\/uploads\/2014\/12\/web18_IMG_6177.jpg\" alt=\"\" width=\"119\" height=\"90\" srcset=\"https:\/\/www.ofm.hr\/koprivnica\/wp-content\/uploads\/2014\/12\/web18_IMG_6177.jpg 640w, https:\/\/www.ofm.hr\/koprivnica\/wp-content\/uploads\/2014\/12\/web18_IMG_6177-600x450.jpg 600w, https:\/\/www.ofm.hr\/koprivnica\/wp-content\/uploads\/2014\/12\/web18_IMG_6177-300x225.jpg 300w\" sizes=\"auto, (max-width: 119px) 100vw, 119px\" \/> <img loading=\"lazy\" decoding=\"async\" class=\" size-full wp-image-1468\" src=\"https:\/\/www.ofm.hr\/koprivnica\/wp-content\/uploads\/2014\/12\/web18_IMG_6178.jpg\" alt=\"\" width=\"119\" height=\"90\" srcset=\"https:\/\/www.ofm.hr\/koprivnica\/wp-content\/uploads\/2014\/12\/web18_IMG_6178.jpg 640w, https:\/\/www.ofm.hr\/koprivnica\/wp-content\/uploads\/2014\/12\/web18_IMG_6178-600x450.jpg 600w, https:\/\/www.ofm.hr\/koprivnica\/wp-content\/uploads\/2014\/12\/web18_IMG_6178-300x225.jpg 300w\" sizes=\"auto, (max-width: 119px) 100vw, 119px\" \/> <img loading=\"lazy\" decoding=\"async\" class=\" size-full wp-image-1469\" src=\"https:\/\/www.ofm.hr\/koprivnica\/wp-content\/uploads\/2014\/12\/web18_IMG_6199.jpg\" alt=\"\" width=\"119\" height=\"90\" srcset=\"https:\/\/www.ofm.hr\/koprivnica\/wp-content\/uploads\/2014\/12\/web18_IMG_6199.jpg 640w, https:\/\/www.ofm.hr\/koprivnica\/wp-content\/uploads\/2014\/12\/web18_IMG_6199-600x450.jpg 600w, https:\/\/www.ofm.hr\/koprivnica\/wp-content\/uploads\/2014\/12\/web18_IMG_6199-300x225.jpg 300w\" sizes=\"auto, (max-width: 119px) 100vw, 119px\" \/> <img loading=\"lazy\" decoding=\"async\" class=\" size-full wp-image-1470\" src=\"https:\/\/www.ofm.hr\/koprivnica\/wp-content\/uploads\/2014\/12\/web18_IMG_6200.jpg\" alt=\"\" width=\"119\" height=\"90\" srcset=\"https:\/\/www.ofm.hr\/koprivnica\/wp-content\/uploads\/2014\/12\/web18_IMG_6200.jpg 640w, https:\/\/www.ofm.hr\/koprivnica\/wp-content\/uploads\/2014\/12\/web18_IMG_6200-600x450.jpg 600w, https:\/\/www.ofm.hr\/koprivnica\/wp-content\/uploads\/2014\/12\/web18_IMG_6200-300x225.jpg 300w\" sizes=\"auto, (max-width: 119px) 100vw, 119px\" \/> <img loading=\"lazy\" decoding=\"async\" class=\" size-full wp-image-1471\" src=\"https:\/\/www.ofm.hr\/koprivnica\/wp-content\/uploads\/2014\/12\/web18_IMG_6203.jpg\" alt=\"\" width=\"119\" height=\"90\" srcset=\"https:\/\/www.ofm.hr\/koprivnica\/wp-content\/uploads\/2014\/12\/web18_IMG_6203.jpg 640w, https:\/\/www.ofm.hr\/koprivnica\/wp-content\/uploads\/2014\/12\/web18_IMG_6203-600x450.jpg 600w, https:\/\/www.ofm.hr\/koprivnica\/wp-content\/uploads\/2014\/12\/web18_IMG_6203-300x225.jpg 300w\" sizes=\"auto, (max-width: 119px) 100vw, 119px\" \/> <img loading=\"lazy\" decoding=\"async\" class=\" size-full wp-image-1459\" src=\"https:\/\/www.ofm.hr\/koprivnica\/wp-content\/uploads\/2014\/12\/web18_IMG_6205.jpg\" alt=\"\" width=\"119\" height=\"90\" srcset=\"https:\/\/www.ofm.hr\/koprivnica\/wp-content\/uploads\/2014\/12\/web18_IMG_6205.jpg 640w, https:\/\/www.ofm.hr\/koprivnica\/wp-content\/uploads\/2014\/12\/web18_IMG_6205-600x450.jpg 600w, https:\/\/www.ofm.hr\/koprivnica\/wp-content\/uploads\/2014\/12\/web18_IMG_6205-300x225.jpg 300w\" sizes=\"auto, (max-width: 119px) 100vw, 119px\" \/> <img loading=\"lazy\" decoding=\"async\" class=\" size-full wp-image-1472\" src=\"https:\/\/www.ofm.hr\/koprivnica\/wp-content\/uploads\/2014\/12\/web18_IMG_6206.jpg\" alt=\"\" width=\"119\" height=\"90\" srcset=\"https:\/\/www.ofm.hr\/koprivnica\/wp-content\/uploads\/2014\/12\/web18_IMG_6206.jpg 640w, https:\/\/www.ofm.hr\/koprivnica\/wp-content\/uploads\/2014\/12\/web18_IMG_6206-600x450.jpg 600w, https:\/\/www.ofm.hr\/koprivnica\/wp-content\/uploads\/2014\/12\/web18_IMG_6206-300x225.jpg 300w\" sizes=\"auto, (max-width: 119px) 100vw, 119px\" \/><\/p>\n<p>Uz uobi\u010dajene informacije i obavijesti, u \u201eRije\u010di mjeseca\u201c upoznali smo se s jednim od Misionara radosti imenom Jerzy Popietuszko.<\/p>\n<p><img loading=\"lazy\" decoding=\"async\" class=\" alignleft size-full wp-image-1473\" style=\"margin: 3px; float: left;\" src=\"https:\/\/www.ofm.hr\/koprivnica\/wp-content\/uploads\/2014\/12\/web18_Jerzy_Popietuszko.jpg\" alt=\"\" width=\"119\" height=\"90\" \/> Taj se je sve\u0107enik iznimno zalagao za pravdu u dru\u0161tvu i po\u0161tivanje osobne slobode. \u010cesto se je slu\u017eio rije\u010dima: \u201eZlo dobrim vra\u0107aj!\u201c. Time je htio pokazati i zajednicama poput \u201eVjere i svjetla\u201c da budemo hrabri i ustrajni u otkrivanju ljepota ljudi s intelektualnim pote\u0161ko\u0107ama bez obzira na to ho\u0107e li nas dru\u0161tvo prihvatiti ili ne. \u0160to \u0107emo se vi\u0161e truditi da se pribli\u017eimo dru\u0161tvu i Crkvi, vi\u0161e \u0107emo mo\u0107i prenijeti taj iskonski izvor milosti i mira koje nose u sebi osobe s pote\u0161ko\u0107ama u razvoju, a koji izvor je itekako potreban cijelom \u010dovje\u010danstvu, iako to ono jo\u0161 ne prepoznaje. Da se osobe s pote\u0161ko\u0107ama u razvoju vi\u0161e puta osje\u0107aju kao ovce me\u0111u vukovima, jer ih dru\u0161tvo ne \u017eeli prihvatiti kao ravnopravne \u010dlanove zajednice u kojoj \u017eive, posvjedo\u010dili smo scenskim prikazom o\u017eivljavanja Evan\u0111elja \u201e\u0160aljem vas kao janjce me\u0111u vukove\u201c (usp. Lk 10, 1-11).<\/p>\n<p><img loading=\"lazy\" decoding=\"async\" class=\" size-full wp-image-1474\" src=\"https:\/\/www.ofm.hr\/koprivnica\/wp-content\/uploads\/2014\/12\/web18_IMG_6187.jpg\" alt=\"\" width=\"119\" height=\"90\" srcset=\"https:\/\/www.ofm.hr\/koprivnica\/wp-content\/uploads\/2014\/12\/web18_IMG_6187.jpg 640w, https:\/\/www.ofm.hr\/koprivnica\/wp-content\/uploads\/2014\/12\/web18_IMG_6187-600x450.jpg 600w, https:\/\/www.ofm.hr\/koprivnica\/wp-content\/uploads\/2014\/12\/web18_IMG_6187-300x225.jpg 300w\" sizes=\"auto, (max-width: 119px) 100vw, 119px\" \/> <img loading=\"lazy\" decoding=\"async\" class=\" size-full wp-image-1475\" src=\"https:\/\/www.ofm.hr\/koprivnica\/wp-content\/uploads\/2014\/12\/web18_IMG_6188.jpg\" alt=\"\" width=\"119\" height=\"90\" srcset=\"https:\/\/www.ofm.hr\/koprivnica\/wp-content\/uploads\/2014\/12\/web18_IMG_6188.jpg 640w, https:\/\/www.ofm.hr\/koprivnica\/wp-content\/uploads\/2014\/12\/web18_IMG_6188-600x450.jpg 600w, https:\/\/www.ofm.hr\/koprivnica\/wp-content\/uploads\/2014\/12\/web18_IMG_6188-300x225.jpg 300w\" sizes=\"auto, (max-width: 119px) 100vw, 119px\" \/> <img loading=\"lazy\" decoding=\"async\" class=\" size-full wp-image-1476\" src=\"https:\/\/www.ofm.hr\/koprivnica\/wp-content\/uploads\/2014\/12\/web18_IMG_6189.jpg\" alt=\"\" width=\"119\" height=\"90\" srcset=\"https:\/\/www.ofm.hr\/koprivnica\/wp-content\/uploads\/2014\/12\/web18_IMG_6189.jpg 640w, https:\/\/www.ofm.hr\/koprivnica\/wp-content\/uploads\/2014\/12\/web18_IMG_6189-600x450.jpg 600w, https:\/\/www.ofm.hr\/koprivnica\/wp-content\/uploads\/2014\/12\/web18_IMG_6189-300x225.jpg 300w\" sizes=\"auto, (max-width: 119px) 100vw, 119px\" \/> <img loading=\"lazy\" decoding=\"async\" class=\" size-full wp-image-1477\" src=\"https:\/\/www.ofm.hr\/koprivnica\/wp-content\/uploads\/2014\/12\/web18_IMG_6190.jpg\" alt=\"\" width=\"119\" height=\"90\" srcset=\"https:\/\/www.ofm.hr\/koprivnica\/wp-content\/uploads\/2014\/12\/web18_IMG_6190.jpg 640w, https:\/\/www.ofm.hr\/koprivnica\/wp-content\/uploads\/2014\/12\/web18_IMG_6190-600x450.jpg 600w, https:\/\/www.ofm.hr\/koprivnica\/wp-content\/uploads\/2014\/12\/web18_IMG_6190-300x225.jpg 300w\" sizes=\"auto, (max-width: 119px) 100vw, 119px\" \/> <img loading=\"lazy\" decoding=\"async\" class=\" size-full wp-image-1478\" src=\"https:\/\/www.ofm.hr\/koprivnica\/wp-content\/uploads\/2014\/12\/web18_IMG_6191.jpg\" alt=\"\" width=\"119\" height=\"90\" srcset=\"https:\/\/www.ofm.hr\/koprivnica\/wp-content\/uploads\/2014\/12\/web18_IMG_6191.jpg 640w, https:\/\/www.ofm.hr\/koprivnica\/wp-content\/uploads\/2014\/12\/web18_IMG_6191-600x450.jpg 600w, https:\/\/www.ofm.hr\/koprivnica\/wp-content\/uploads\/2014\/12\/web18_IMG_6191-300x225.jpg 300w\" sizes=\"auto, (max-width: 119px) 100vw, 119px\" \/> <img loading=\"lazy\" decoding=\"async\" class=\" size-full wp-image-1479\" src=\"https:\/\/www.ofm.hr\/koprivnica\/wp-content\/uploads\/2014\/12\/web18_IMG_6192.jpg\" alt=\"\" width=\"119\" height=\"90\" srcset=\"https:\/\/www.ofm.hr\/koprivnica\/wp-content\/uploads\/2014\/12\/web18_IMG_6192.jpg 640w, https:\/\/www.ofm.hr\/koprivnica\/wp-content\/uploads\/2014\/12\/web18_IMG_6192-600x450.jpg 600w, https:\/\/www.ofm.hr\/koprivnica\/wp-content\/uploads\/2014\/12\/web18_IMG_6192-300x225.jpg 300w\" sizes=\"auto, (max-width: 119px) 100vw, 119px\" \/> <img loading=\"lazy\" decoding=\"async\" class=\" size-full wp-image-1480\" src=\"https:\/\/www.ofm.hr\/koprivnica\/wp-content\/uploads\/2014\/12\/web18_IMG_6194.jpg\" alt=\"\" width=\"119\" height=\"90\" srcset=\"https:\/\/www.ofm.hr\/koprivnica\/wp-content\/uploads\/2014\/12\/web18_IMG_6194.jpg 640w, https:\/\/www.ofm.hr\/koprivnica\/wp-content\/uploads\/2014\/12\/web18_IMG_6194-600x450.jpg 600w, https:\/\/www.ofm.hr\/koprivnica\/wp-content\/uploads\/2014\/12\/web18_IMG_6194-300x225.jpg 300w\" sizes=\"auto, (max-width: 119px) 100vw, 119px\" \/> <img loading=\"lazy\" decoding=\"async\" class=\" size-full wp-image-1481\" src=\"https:\/\/www.ofm.hr\/koprivnica\/wp-content\/uploads\/2014\/12\/web18_IMG_6195.jpg\" alt=\"\" width=\"119\" height=\"90\" srcset=\"https:\/\/www.ofm.hr\/koprivnica\/wp-content\/uploads\/2014\/12\/web18_IMG_6195.jpg 640w, https:\/\/www.ofm.hr\/koprivnica\/wp-content\/uploads\/2014\/12\/web18_IMG_6195-600x450.jpg 600w, https:\/\/www.ofm.hr\/koprivnica\/wp-content\/uploads\/2014\/12\/web18_IMG_6195-300x225.jpg 300w\" sizes=\"auto, (max-width: 119px) 100vw, 119px\" \/> <img loading=\"lazy\" decoding=\"async\" class=\" size-full wp-image-1482\" src=\"https:\/\/www.ofm.hr\/koprivnica\/wp-content\/uploads\/2014\/12\/web18_IMG_6197.jpg\" alt=\"\" width=\"119\" height=\"90\" srcset=\"https:\/\/www.ofm.hr\/koprivnica\/wp-content\/uploads\/2014\/12\/web18_IMG_6197.jpg 640w, https:\/\/www.ofm.hr\/koprivnica\/wp-content\/uploads\/2014\/12\/web18_IMG_6197-600x450.jpg 600w, https:\/\/www.ofm.hr\/koprivnica\/wp-content\/uploads\/2014\/12\/web18_IMG_6197-300x225.jpg 300w\" sizes=\"auto, (max-width: 119px) 100vw, 119px\" \/> <img loading=\"lazy\" decoding=\"async\" class=\" size-full wp-image-1483\" src=\"https:\/\/www.ofm.hr\/koprivnica\/wp-content\/uploads\/2014\/12\/web18_IMG_6198.jpg\" alt=\"\" width=\"119\" height=\"90\" srcset=\"https:\/\/www.ofm.hr\/koprivnica\/wp-content\/uploads\/2014\/12\/web18_IMG_6198.jpg 640w, https:\/\/www.ofm.hr\/koprivnica\/wp-content\/uploads\/2014\/12\/web18_IMG_6198-600x450.jpg 600w, https:\/\/www.ofm.hr\/koprivnica\/wp-content\/uploads\/2014\/12\/web18_IMG_6198-300x225.jpg 300w\" sizes=\"auto, (max-width: 119px) 100vw, 119px\" \/> <img loading=\"lazy\" decoding=\"async\" class=\" size-full wp-image-1484\" src=\"https:\/\/www.ofm.hr\/koprivnica\/wp-content\/uploads\/2014\/12\/web18_IMG_6183.jpg\" alt=\"\" width=\"119\" height=\"90\" srcset=\"https:\/\/www.ofm.hr\/koprivnica\/wp-content\/uploads\/2014\/12\/web18_IMG_6183.jpg 640w, https:\/\/www.ofm.hr\/koprivnica\/wp-content\/uploads\/2014\/12\/web18_IMG_6183-600x450.jpg 600w, https:\/\/www.ofm.hr\/koprivnica\/wp-content\/uploads\/2014\/12\/web18_IMG_6183-300x225.jpg 300w\" sizes=\"auto, (max-width: 119px) 100vw, 119px\" \/> <img loading=\"lazy\" decoding=\"async\" class=\" size-full wp-image-1485\" src=\"https:\/\/www.ofm.hr\/koprivnica\/wp-content\/uploads\/2014\/12\/web18_IMG_6184.jpg\" alt=\"\" width=\"119\" height=\"90\" srcset=\"https:\/\/www.ofm.hr\/koprivnica\/wp-content\/uploads\/2014\/12\/web18_IMG_6184.jpg 640w, https:\/\/www.ofm.hr\/koprivnica\/wp-content\/uploads\/2014\/12\/web18_IMG_6184-600x450.jpg 600w, https:\/\/www.ofm.hr\/koprivnica\/wp-content\/uploads\/2014\/12\/web18_IMG_6184-300x225.jpg 300w\" sizes=\"auto, (max-width: 119px) 100vw, 119px\" \/><\/p>\n<p>Me\u0111utim, da ipak ima onih koji su prepoznali taj izvor bo\u017eje ljubavi u njima svjedo\u010de i iskustva i rije\u010di bra\u0107e i sestara u Kristu koji su nedavno hodo\u010dastili u Me\u0111ugorje upravo s na\u0161om zajednicom \u201eVjera i svjetlo\u201c. Jedan mali dio njihovog iskustva citiram: \u201eDru\u017eenje s njima lije\u010di i pomi\u010de granice na\u0161e zatvorenosti i sebi\u010dnosti. Na nevinost i spontanost djeteta koje \u017eivi u njima, mo\u017ee\u0161 odgovoriti istom mjerom djeteta koje \u017eudi za nebeskom ljubavi. U njihovom dru\u0161tvu mora\u0161 postati dijete, jer njihov pogled, njihov doticaj cijelim bi\u010dem govori, mi smo isti i okupani smo Bo\u017ejom ljubavi\u2026\u201c. S prigu\u0161enim svjetlima u dvorani i uz sjaj svije\u0107e s adventskog vjen\u010di\u0107a, Marijanine prekrasne i poticajne rije\u010di upu\u0107ene na\u0161em Isusu i svemu onome na \u0161to nas Do\u0161a\u0161\u0107e priprema, uputili smo se na misno slavlje, nakon kojega smo nastavili svoje dru\u017eenje proslavljaju\u0107i imendane i ro\u0111endane na\u0161ih slavljenika. Do novog susreta u prosincu i do tog posebnog svetog trenutka ro\u0111enja na\u0161eg Spasitelja, budimo budni, prihvatimo i slu\u0161ajmo vi\u0161e jedni druge. Provedimo vi\u0161e vremena u ti\u0161ini i neka ta ti\u0161ina bude ona koje \u0107emo se sje\u0107ati vi\u0161e nego najljep\u0161ih rije\u010di, jer kad \u201epo\u0111e\u0161 na to mjesto ti\u0161ine osjetit \u0107e\u0161 kako di\u0161e\u0161, \u017eivi\u0161 i osjetit \u0107e\u0161 kako je ova Zemlja \u017eiva\u2026osluhni i opusti se\u2026 i kada ti\u0161ina postane jedini govor, tada \u0107e\u0161 upoznati \u010dovjeka koji ti je najve\u0107i izazov\u2026samoga sebe\u2026a to je put k iskustvu\u2026susretu sa \u017eivim Bogom!\u201c Koraljka K., \u201eVjera i svjetlo\u201c &nbsp;<\/p>\n","protected":false},"excerpt":{"rendered":"<p>&nbsp;Gospodine, u\u010dini moj \u017eivot vje\u010dnim Do\u0161a\u0161\u0107em, u\u010dini svako jutro novim Bo\u017ei\u0107em, u\u010dini i od mene pastira koji hita da se Kralju svome novoro\u0111enome pokloni. Bdijem Gospodine, radujem Ti se, milosti Tvojoj se klanjam i zovem Te, Do\u0111i Gospodine Isuse! U petak u maloj radionici vjeronau\u010dne u\u010dionice, sad ve\u0107 tradicionalno, okupilo se oko desetak \u201eAntunovih ljiljana\u201c [&hellip;]<\/p>\n","protected":false},"author":1,"featured_media":1459,"comment_status":"closed","ping_status":"open","sticky":false,"template":"","format":"standard","meta":{"qubely_global_settings":"","qubely_interactions":"","footnotes":""},"categories":[41],"tags":[],"class_list":["post-1486","post","type-post","status-publish","format-standard","has-post-thumbnail","hentry","category-vjera-i-svjetlo"],"blocksy_meta":{"styles_descriptor":{"styles":{"desktop":"","tablet":"","mobile":""},"google_fonts":[],"version":6}},"qubely_featured_image_url":{"full":["https:\/\/www.ofm.hr\/koprivnica\/wp-content\/uploads\/2014\/12\/web18_IMG_6205.jpg",640,480,false],"landscape":["https:\/\/www.ofm.hr\/koprivnica\/wp-content\/uploads\/2014\/12\/web18_IMG_6205.jpg",640,480,false],"portraits":["https:\/\/www.ofm.hr\/koprivnica\/wp-content\/uploads\/2014\/12\/web18_IMG_6205.jpg",427,320,false],"thumbnail":["https:\/\/www.ofm.hr\/koprivnica\/wp-content\/uploads\/2014\/12\/web18_IMG_6205-150x150.jpg",150,150,true],"medium":["https:\/\/www.ofm.hr\/koprivnica\/wp-content\/uploads\/2014\/12\/web18_IMG_6205-300x225.jpg",300,225,true],"medium_large":["https:\/\/www.ofm.hr\/koprivnica\/wp-content\/uploads\/2014\/12\/web18_IMG_6205.jpg",640,480,false],"large":["https:\/\/www.ofm.hr\/koprivnica\/wp-content\/uploads\/2014\/12\/web18_IMG_6205.jpg",640,480,false],"1536x1536":["https:\/\/www.ofm.hr\/koprivnica\/wp-content\/uploads\/2014\/12\/web18_IMG_6205.jpg",640,480,false],"2048x2048":["https:\/\/www.ofm.hr\/koprivnica\/wp-content\/uploads\/2014\/12\/web18_IMG_6205.jpg",640,480,false],"qubely_landscape":["https:\/\/www.ofm.hr\/koprivnica\/wp-content\/uploads\/2014\/12\/web18_IMG_6205.jpg",640,480,false],"qubely_portrait":["https:\/\/www.ofm.hr\/koprivnica\/wp-content\/uploads\/2014\/12\/web18_IMG_6205.jpg",427,320,false],"qubely_thumbnail":["https:\/\/www.ofm.hr\/koprivnica\/wp-content\/uploads\/2014\/12\/web18_IMG_6205.jpg",133,100,false]},"qubely_author":{"display_name":"Branko","author_link":"https:\/\/www.ofm.hr\/koprivnica\/author\/admkp8\/"},"qubely_comment":0,"qubely_category":"<a href=\"https:\/\/www.ofm.hr\/koprivnica\/category\/pastoralne-aktivnosti\/vjera-i-svjetlo\/\" rel=\"category tag\">VJERA I SVJETLO<\/a>","qubely_excerpt":"&nbsp;Gospodine, u\u010dini moj \u017eivot vje\u010dnim Do\u0161a\u0161\u0107em, u\u010dini svako jutro novim Bo\u017ei\u0107em, u\u010dini i od mene pastira koji hita da se Kralju svome novoro\u0111enome pokloni. Bdijem Gospodine, radujem Ti se, milosti Tvojoj se klanjam i zovem Te, Do\u0111i Gospodine Isuse! U petak u maloj radionici vjeronau\u010dne u\u010dionice, sad ve\u0107 tradicionalno, okupilo se oko desetak \u201eAntunovih ljiljana\u201c&hellip;","featured_image_urls_v2":{"full":["https:\/\/www.ofm.hr\/koprivnica\/wp-content\/uploads\/2014\/12\/web18_IMG_6205.jpg",640,480,false],"thumbnail":["https:\/\/www.ofm.hr\/koprivnica\/wp-content\/uploads\/2014\/12\/web18_IMG_6205-150x150.jpg",150,150,true],"medium":["https:\/\/www.ofm.hr\/koprivnica\/wp-content\/uploads\/2014\/12\/web18_IMG_6205-300x225.jpg",300,225,true],"medium_large":["https:\/\/www.ofm.hr\/koprivnica\/wp-content\/uploads\/2014\/12\/web18_IMG_6205.jpg",640,480,false],"large":["https:\/\/www.ofm.hr\/koprivnica\/wp-content\/uploads\/2014\/12\/web18_IMG_6205.jpg",640,480,false],"1536x1536":["https:\/\/www.ofm.hr\/koprivnica\/wp-content\/uploads\/2014\/12\/web18_IMG_6205.jpg",640,480,false],"2048x2048":["https:\/\/www.ofm.hr\/koprivnica\/wp-content\/uploads\/2014\/12\/web18_IMG_6205.jpg",640,480,false],"qubely_landscape":["https:\/\/www.ofm.hr\/koprivnica\/wp-content\/uploads\/2014\/12\/web18_IMG_6205.jpg",640,480,false],"qubely_portrait":["https:\/\/www.ofm.hr\/koprivnica\/wp-content\/uploads\/2014\/12\/web18_IMG_6205.jpg",427,320,false],"qubely_thumbnail":["https:\/\/www.ofm.hr\/koprivnica\/wp-content\/uploads\/2014\/12\/web18_IMG_6205.jpg",133,100,false]},"post_excerpt_stackable_v2":"<p>&nbsp;Gospodine, u\u010dini moj \u017eivot vje\u010dnim Do\u0161a\u0161\u0107em, u\u010dini svako jutro novim Bo\u017ei\u0107em, u\u010dini i od mene pastira koji hita da se Kralju svome novoro\u0111enome pokloni. Bdijem Gospodine, radujem Ti se, milosti Tvojoj se klanjam i zovem Te, Do\u0111i Gospodine Isuse! U petak u maloj radionici vjeronau\u010dne u\u010dionice, sad ve\u0107 tradicionalno, okupilo se oko desetak \u201eAntunovih ljiljana\u201c oko izrade adventskih vjen\u010di\u0107a kako bi na\u0161im dragim \u017eupljanima uljep\u0161ali ovo vrijeme Do\u0161a\u0161\u0107a \u0161to je pred nama. Bogata ma\u0161ta, pregr\u0161t ideja te raznovrsni materijali borove su gran\u010dice, raznobojne ma\u0161ne, \u010de\u0161ere, cvjeti\u0107e i svje\u0107ice marljive ruke pretvarale u mala umjetni\u010dka djela u koje su utkale i&hellip;<\/p>\n","category_list_v2":"<a href=\"https:\/\/www.ofm.hr\/koprivnica\/category\/pastoralne-aktivnosti\/vjera-i-svjetlo\/\" rel=\"category tag\">VJERA I SVJETLO<\/a>","author_info_v2":{"name":"Branko","url":"https:\/\/www.ofm.hr\/koprivnica\/author\/admkp8\/"},"comments_num_v2":"0 comments","_links":{"self":[{"href":"https:\/\/www.ofm.hr\/koprivnica\/wp-json\/wp\/v2\/posts\/1486","targetHints":{"allow":["GET"]}}],"collection":[{"href":"https:\/\/www.ofm.hr\/koprivnica\/wp-json\/wp\/v2\/posts"}],"about":[{"href":"https:\/\/www.ofm.hr\/koprivnica\/wp-json\/wp\/v2\/types\/post"}],"author":[{"embeddable":true,"href":"https:\/\/www.ofm.hr\/koprivnica\/wp-json\/wp\/v2\/users\/1"}],"replies":[{"embeddable":true,"href":"https:\/\/www.ofm.hr\/koprivnica\/wp-json\/wp\/v2\/comments?post=1486"}],"version-history":[{"count":1,"href":"https:\/\/www.ofm.hr\/koprivnica\/wp-json\/wp\/v2\/posts\/1486\/revisions"}],"predecessor-version":[{"id":11063,"href":"https:\/\/www.ofm.hr\/koprivnica\/wp-json\/wp\/v2\/posts\/1486\/revisions\/11063"}],"wp:featuredmedia":[{"embeddable":true,"href":"https:\/\/www.ofm.hr\/koprivnica\/wp-json\/wp\/v2\/media\/1459"}],"wp:attachment":[{"href":"https:\/\/www.ofm.hr\/koprivnica\/wp-json\/wp\/v2\/media?parent=1486"}],"wp:term":[{"taxonomy":"category","embeddable":true,"href":"https:\/\/www.ofm.hr\/koprivnica\/wp-json\/wp\/v2\/categories?post=1486"},{"taxonomy":"post_tag","embeddable":true,"href":"https:\/\/www.ofm.hr\/koprivnica\/wp-json\/wp\/v2\/tags?post=1486"}],"curies":[{"name":"wp","href":"https:\/\/api.w.org\/{rel}","templated":true}]}}