{"id":15081,"date":"2024-06-30T21:33:32","date_gmt":"2024-06-30T19:33:32","guid":{"rendered":"https:\/\/www.ofm.hr\/koprivnica\/?p=15081"},"modified":"2024-06-30T21:33:33","modified_gmt":"2024-06-30T19:33:33","slug":"zupne-obavijesti-od-30-6-do-7-7-2024","status":"publish","type":"post","link":"https:\/\/www.ofm.hr\/koprivnica\/zupne-obavijesti-od-30-6-do-7-7-2024\/","title":{"rendered":"\u017dupne obavijesti od 30. 6. do 7. 7. 2024."},"content":{"rendered":"\n<p><strong><u>ODLUKA O IZMJENI TAKSOVNIKA ZAGREBA\u010cKE CRKVENE POKRAJINE<\/u><\/strong><\/p>\n\n\n\n<p>Od 1. srpnja 2024. za podru\u010dje Vara\u017edinske biskupije nova odredba va\u017ee\u0107eg Taksovnika glasi:<\/p>\n\n\n\n<p>Stipendij za sv. Misu = 10,00 \u20ac<\/p>\n\n\n\n<p>Stipendij za trideset svetih misa (Gregoriana) = 400,00 \u20ac<\/p>\n\n\n\n<p><strong><u>TJEDNO EUHARISTIJSKO KLANJANJE<\/u><\/strong><\/p>\n\n\n\n<p>Kroz mjesec srpanj i kolovoz tjedno klanjanje srijedom biti \u0107e u ti\u0161ini &#8211; bez razmatranja.<\/p>\n\n\n\n<p><strong><u>LJETNI RASPORED NEDJELJNIH MISA<\/u><\/strong><\/p>\n\n\n\n<p>U mjesecu srpnju i kolovozu <strong>nedjeljom ne\u0107e biti mise u 11,30<\/strong>. Ostale mise su u redovito vrijeme: u 7 &#8211; 9,30 &#8211; 18,30. Radnim danom mise su kao i ina\u010de u 7 i 18,30.<\/p>\n\n\n\n<p><strong><u>GODI\u0160NJI ODMORI<\/u><\/strong><\/p>\n\n\n\n<p>Ljetno vrijeme iskoristite za odmor duha i tijela. Ako ste na odmoru izvan na\u0161e \u017eupe potra\u017eite u tom mjestu crkvu i pohodite je. Neka vam nedjelja ne pro\u0111e bez svete mise ma gdje bili. Jedino tako mo\u017eemo napredovati u duhovnim krepostima i spoznanju ljubavi Bo\u017eje prema nama.<\/p>\n\n\n\n<p><strong><u>TOPLIJI SU DANI &#8211; ODJENIMO SE PRIKLADNO U CRKVI<\/u><\/strong><\/p>\n\n\n\n<p>Iako su topliji dani, ne smijemo biti polugoli u svetom prostoru. Crkva nije ni kupali\u0161te, ni tr\u017enica, ni kafi\u0107, ni ulica&#8230; Na\u0161a odje\u0107a je izraz po\u0161tovanja i poniznosti pred Bogom.<\/p>\n","protected":false},"excerpt":{"rendered":"<p>ODLUKA O IZMJENI TAKSOVNIKA ZAGREBA\u010cKE CRKVENE POKRAJINE Od 1. srpnja 2024. za podru\u010dje Vara\u017edinske biskupije nova odredba va\u017ee\u0107eg Taksovnika glasi: Stipendij za sv. Misu = 10,00 \u20ac Stipendij za trideset svetih misa (Gregoriana) = 400,00 \u20ac TJEDNO EUHARISTIJSKO KLANJANJE Kroz mjesec srpanj i kolovoz tjedno klanjanje srijedom biti \u0107e u ti\u0161ini &#8211; bez razmatranja. LJETNI [&hellip;]<\/p>\n","protected":false},"author":1,"featured_media":0,"comment_status":"closed","ping_status":"open","sticky":true,"template":"","format":"standard","meta":{"qubely_global_settings":"","qubely_interactions":"","footnotes":""},"categories":[45],"tags":[],"class_list":["post-15081","post","type-post","status-publish","format-standard","hentry","category-obavjesti"],"blocksy_meta":[],"qubely_featured_image_url":null,"qubely_author":{"display_name":"Branko","author_link":"https:\/\/www.ofm.hr\/koprivnica\/author\/admkp8\/"},"qubely_comment":0,"qubely_category":"<a href=\"https:\/\/www.ofm.hr\/koprivnica\/category\/obavjesti\/\" rel=\"category tag\">OBAVIJESTI<\/a>","qubely_excerpt":"ODLUKA O IZMJENI TAKSOVNIKA ZAGREBA\u010cKE CRKVENE POKRAJINE Od 1. srpnja 2024. za podru\u010dje Vara\u017edinske biskupije nova odredba va\u017ee\u0107eg Taksovnika glasi: Stipendij za sv. Misu = 10,00 \u20ac Stipendij za trideset svetih misa (Gregoriana) = 400,00 \u20ac TJEDNO EUHARISTIJSKO KLANJANJE Kroz mjesec srpanj i kolovoz tjedno klanjanje srijedom biti \u0107e u ti\u0161ini &#8211; bez razmatranja. LJETNI&hellip;","featured_image_urls_v2":{"full":"","thumbnail":"","medium":"","medium_large":"","large":"","1536x1536":"","2048x2048":"","qubely_landscape":"","qubely_portrait":"","qubely_thumbnail":""},"post_excerpt_stackable_v2":"<p>ODLUKA O IZMJENI TAKSOVNIKA ZAGREBA\u010cKE CRKVENE POKRAJINE Od 1. srpnja 2024. za podru\u010dje Vara\u017edinske biskupije nova odredba va\u017ee\u0107eg Taksovnika glasi: Stipendij za sv. Misu = 10,00 \u20ac Stipendij za trideset svetih misa (Gregoriana) = 400,00 \u20ac TJEDNO EUHARISTIJSKO KLANJANJE Kroz mjesec srpanj i kolovoz tjedno klanjanje srijedom biti \u0107e u ti\u0161ini &#8211; bez razmatranja. LJETNI RASPORED NEDJELJNIH MISA U mjesecu srpnju i kolovozu nedjeljom ne\u0107e biti mise u 11,30. Ostale mise su u redovito vrijeme: u 7 &#8211; 9,30 &#8211; 18,30. Radnim danom mise su kao i ina\u010de u 7 i 18,30. GODI\u0160NJI ODMORI Ljetno vrijeme iskoristite za odmor duha&hellip;<\/p>\n","category_list_v2":"<a href=\"https:\/\/www.ofm.hr\/koprivnica\/category\/obavjesti\/\" rel=\"category tag\">OBAVIJESTI<\/a>","author_info_v2":{"name":"Branko","url":"https:\/\/www.ofm.hr\/koprivnica\/author\/admkp8\/"},"comments_num_v2":"0 comments","_links":{"self":[{"href":"https:\/\/www.ofm.hr\/koprivnica\/wp-json\/wp\/v2\/posts\/15081","targetHints":{"allow":["GET"]}}],"collection":[{"href":"https:\/\/www.ofm.hr\/koprivnica\/wp-json\/wp\/v2\/posts"}],"about":[{"href":"https:\/\/www.ofm.hr\/koprivnica\/wp-json\/wp\/v2\/types\/post"}],"author":[{"embeddable":true,"href":"https:\/\/www.ofm.hr\/koprivnica\/wp-json\/wp\/v2\/users\/1"}],"replies":[{"embeddable":true,"href":"https:\/\/www.ofm.hr\/koprivnica\/wp-json\/wp\/v2\/comments?post=15081"}],"version-history":[{"count":1,"href":"https:\/\/www.ofm.hr\/koprivnica\/wp-json\/wp\/v2\/posts\/15081\/revisions"}],"predecessor-version":[{"id":15082,"href":"https:\/\/www.ofm.hr\/koprivnica\/wp-json\/wp\/v2\/posts\/15081\/revisions\/15082"}],"wp:attachment":[{"href":"https:\/\/www.ofm.hr\/koprivnica\/wp-json\/wp\/v2\/media?parent=15081"}],"wp:term":[{"taxonomy":"category","embeddable":true,"href":"https:\/\/www.ofm.hr\/koprivnica\/wp-json\/wp\/v2\/categories?post=15081"},{"taxonomy":"post_tag","embeddable":true,"href":"https:\/\/www.ofm.hr\/koprivnica\/wp-json\/wp\/v2\/tags?post=15081"}],"curies":[{"name":"wp","href":"https:\/\/api.w.org\/{rel}","templated":true}]}}