{"id":15115,"date":"2024-07-21T21:10:16","date_gmt":"2024-07-21T19:10:16","guid":{"rendered":"https:\/\/www.ofm.hr\/koprivnica\/?p=15115"},"modified":"2024-07-21T21:10:20","modified_gmt":"2024-07-21T19:10:20","slug":"zupne-obavijesti-od-21-7-do-28-7-2024","status":"publish","type":"post","link":"https:\/\/www.ofm.hr\/koprivnica\/zupne-obavijesti-od-21-7-do-28-7-2024\/","title":{"rendered":"\u017dupne obavijesti od 21. 7. do 28. 7. 2024."},"content":{"rendered":"\n<p><strong><u>Godi\u0161nje klanjanje u \u017eupi sv. Nikole<\/u><\/strong><\/p>\n\n\n\n<p>U ponedjeljak, 22 srpnja godi\u0161nje je klanjanje u \u017eupi sv. Nikole. Sve\u010dana misa je u 19 sati. Stoga ovdje ne\u0107e biti ve\u010dernje mise.<\/p>\n\n\n\n<p><strong><u>NEDJELJA SV. KRISTOFORA<\/u><\/strong><\/p>\n\n\n\n<p>Uobi\u010dajena nedjelja sv. Kristofora biti \u0107e u nedjelju 28. srpnja. Kao \u0161to od prije znate to je prilika da materijalno pomognemo na\u0161im misionarima u dalekim zemljama kojima su potrebna prijevozna sredstva. Hrvatski Karitas svake godine skuplja pomo\u0107 u tu svrhu. Poslije svake mise blagoslovit \u0107emo va\u0161a prijevozna sredstva (automobile, motore, bicikle i romobile). Svoj dar u novcu mo\u017eete staviti u crkvi u \u0161krabicu koja se koristi redovito za potrebe Karitasa.<\/p>\n","protected":false},"excerpt":{"rendered":"<p>Godi\u0161nje klanjanje u \u017eupi sv. Nikole U ponedjeljak, 22 srpnja godi\u0161nje je klanjanje u \u017eupi sv. Nikole. Sve\u010dana misa je u 19 sati. Stoga ovdje ne\u0107e biti ve\u010dernje mise. NEDJELJA SV. KRISTOFORA Uobi\u010dajena nedjelja sv. Kristofora biti \u0107e u nedjelju 28. srpnja. Kao \u0161to od prije znate to je prilika da materijalno pomognemo na\u0161im misionarima [&hellip;]<\/p>\n","protected":false},"author":1,"featured_media":10826,"comment_status":"closed","ping_status":"open","sticky":true,"template":"","format":"standard","meta":{"qubely_global_settings":"","qubely_interactions":"","footnotes":""},"categories":[45],"tags":[],"class_list":["post-15115","post","type-post","status-publish","format-standard","has-post-thumbnail","hentry","category-obavjesti"],"blocksy_meta":[],"qubely_featured_image_url":{"full":["https:\/\/www.ofm.hr\/koprivnica\/wp-content\/uploads\/2022\/02\/Oglasi.png",210,213,false],"landscape":["https:\/\/www.ofm.hr\/koprivnica\/wp-content\/uploads\/2022\/02\/Oglasi.png",210,213,false],"portraits":["https:\/\/www.ofm.hr\/koprivnica\/wp-content\/uploads\/2022\/02\/Oglasi.png",210,213,false],"thumbnail":["https:\/\/www.ofm.hr\/koprivnica\/wp-content\/uploads\/2022\/02\/Oglasi-150x150.png",150,150,true],"medium":["https:\/\/www.ofm.hr\/koprivnica\/wp-content\/uploads\/2022\/02\/Oglasi.png",210,213,false],"medium_large":["https:\/\/www.ofm.hr\/koprivnica\/wp-content\/uploads\/2022\/02\/Oglasi.png",210,213,false],"large":["https:\/\/www.ofm.hr\/koprivnica\/wp-content\/uploads\/2022\/02\/Oglasi.png",210,213,false],"1536x1536":["https:\/\/www.ofm.hr\/koprivnica\/wp-content\/uploads\/2022\/02\/Oglasi.png",210,213,false],"2048x2048":["https:\/\/www.ofm.hr\/koprivnica\/wp-content\/uploads\/2022\/02\/Oglasi.png",210,213,false],"qubely_landscape":["https:\/\/www.ofm.hr\/koprivnica\/wp-content\/uploads\/2022\/02\/Oglasi.png",210,213,false],"qubely_portrait":["https:\/\/www.ofm.hr\/koprivnica\/wp-content\/uploads\/2022\/02\/Oglasi.png",210,213,false],"qubely_thumbnail":["https:\/\/www.ofm.hr\/koprivnica\/wp-content\/uploads\/2022\/02\/Oglasi-140x100.png",140,100,true]},"qubely_author":{"display_name":"Branko","author_link":"https:\/\/www.ofm.hr\/koprivnica\/author\/admkp8\/"},"qubely_comment":0,"qubely_category":"<a href=\"https:\/\/www.ofm.hr\/koprivnica\/category\/obavjesti\/\" rel=\"category tag\">OBAVIJESTI<\/a>","qubely_excerpt":"Godi\u0161nje klanjanje u \u017eupi sv. Nikole U ponedjeljak, 22 srpnja godi\u0161nje je klanjanje u \u017eupi sv. Nikole. Sve\u010dana misa je u 19 sati. Stoga ovdje ne\u0107e biti ve\u010dernje mise. NEDJELJA SV. KRISTOFORA Uobi\u010dajena nedjelja sv. Kristofora biti \u0107e u nedjelju 28. srpnja. Kao \u0161to od prije znate to je prilika da materijalno pomognemo na\u0161im misionarima&hellip;","featured_image_urls_v2":{"full":["https:\/\/www.ofm.hr\/koprivnica\/wp-content\/uploads\/2022\/02\/Oglasi.png",210,213,false],"thumbnail":["https:\/\/www.ofm.hr\/koprivnica\/wp-content\/uploads\/2022\/02\/Oglasi-150x150.png",150,150,true],"medium":["https:\/\/www.ofm.hr\/koprivnica\/wp-content\/uploads\/2022\/02\/Oglasi.png",210,213,false],"medium_large":["https:\/\/www.ofm.hr\/koprivnica\/wp-content\/uploads\/2022\/02\/Oglasi.png",210,213,false],"large":["https:\/\/www.ofm.hr\/koprivnica\/wp-content\/uploads\/2022\/02\/Oglasi.png",210,213,false],"1536x1536":["https:\/\/www.ofm.hr\/koprivnica\/wp-content\/uploads\/2022\/02\/Oglasi.png",210,213,false],"2048x2048":["https:\/\/www.ofm.hr\/koprivnica\/wp-content\/uploads\/2022\/02\/Oglasi.png",210,213,false],"qubely_landscape":["https:\/\/www.ofm.hr\/koprivnica\/wp-content\/uploads\/2022\/02\/Oglasi.png",210,213,false],"qubely_portrait":["https:\/\/www.ofm.hr\/koprivnica\/wp-content\/uploads\/2022\/02\/Oglasi.png",210,213,false],"qubely_thumbnail":["https:\/\/www.ofm.hr\/koprivnica\/wp-content\/uploads\/2022\/02\/Oglasi-140x100.png",140,100,true]},"post_excerpt_stackable_v2":"<p>Godi\u0161nje klanjanje u \u017eupi sv. Nikole U ponedjeljak, 22 srpnja godi\u0161nje je klanjanje u \u017eupi sv. Nikole. Sve\u010dana misa je u 19 sati. Stoga ovdje ne\u0107e biti ve\u010dernje mise. NEDJELJA SV. KRISTOFORA Uobi\u010dajena nedjelja sv. Kristofora biti \u0107e u nedjelju 28. srpnja. Kao \u0161to od prije znate to je prilika da materijalno pomognemo na\u0161im misionarima u dalekim zemljama kojima su potrebna prijevozna sredstva. Hrvatski Karitas svake godine skuplja pomo\u0107 u tu svrhu. Poslije svake mise blagoslovit \u0107emo va\u0161a prijevozna sredstva (automobile, motore, bicikle i romobile). Svoj dar u novcu mo\u017eete staviti u crkvi u \u0161krabicu koja se koristi redovito za&hellip;<\/p>\n","category_list_v2":"<a href=\"https:\/\/www.ofm.hr\/koprivnica\/category\/obavjesti\/\" rel=\"category tag\">OBAVIJESTI<\/a>","author_info_v2":{"name":"Branko","url":"https:\/\/www.ofm.hr\/koprivnica\/author\/admkp8\/"},"comments_num_v2":"0 comments","_links":{"self":[{"href":"https:\/\/www.ofm.hr\/koprivnica\/wp-json\/wp\/v2\/posts\/15115","targetHints":{"allow":["GET"]}}],"collection":[{"href":"https:\/\/www.ofm.hr\/koprivnica\/wp-json\/wp\/v2\/posts"}],"about":[{"href":"https:\/\/www.ofm.hr\/koprivnica\/wp-json\/wp\/v2\/types\/post"}],"author":[{"embeddable":true,"href":"https:\/\/www.ofm.hr\/koprivnica\/wp-json\/wp\/v2\/users\/1"}],"replies":[{"embeddable":true,"href":"https:\/\/www.ofm.hr\/koprivnica\/wp-json\/wp\/v2\/comments?post=15115"}],"version-history":[{"count":1,"href":"https:\/\/www.ofm.hr\/koprivnica\/wp-json\/wp\/v2\/posts\/15115\/revisions"}],"predecessor-version":[{"id":15116,"href":"https:\/\/www.ofm.hr\/koprivnica\/wp-json\/wp\/v2\/posts\/15115\/revisions\/15116"}],"wp:featuredmedia":[{"embeddable":true,"href":"https:\/\/www.ofm.hr\/koprivnica\/wp-json\/wp\/v2\/media\/10826"}],"wp:attachment":[{"href":"https:\/\/www.ofm.hr\/koprivnica\/wp-json\/wp\/v2\/media?parent=15115"}],"wp:term":[{"taxonomy":"category","embeddable":true,"href":"https:\/\/www.ofm.hr\/koprivnica\/wp-json\/wp\/v2\/categories?post=15115"},{"taxonomy":"post_tag","embeddable":true,"href":"https:\/\/www.ofm.hr\/koprivnica\/wp-json\/wp\/v2\/tags?post=15115"}],"curies":[{"name":"wp","href":"https:\/\/api.w.org\/{rel}","templated":true}]}}