{"id":15140,"date":"2024-08-11T19:39:32","date_gmt":"2024-08-11T17:39:32","guid":{"rendered":"https:\/\/www.ofm.hr\/koprivnica\/?p=15140"},"modified":"2024-08-11T19:39:32","modified_gmt":"2024-08-11T17:39:32","slug":"zupne-obavijsti-od-11-8-do-18-8-2024","status":"publish","type":"post","link":"https:\/\/www.ofm.hr\/koprivnica\/zupne-obavijsti-od-11-8-do-18-8-2024\/","title":{"rendered":"\u017dupne obavijsti od 11. 8. do 18. 8. 2024."},"content":{"rendered":"\n<p><strong><u>VELIKA GOSPA<\/u><\/strong><\/p>\n\n\n\n<p>U \u010detvrtak je VELIKA GOSPA. Ovdje \u0107e mise biti u 7 &#8211; \u00a09,30 &#8211; 18,30.<\/p>\n\n\n\n<p>Glavno je pro\u0161tenje u<strong> MO\u010cILAMA <\/strong>gdje je sve\u010dana misa u<strong> 11<\/strong> sati.<\/p>\n\n\n\n<p><strong><u>Sv. Rok<\/u><\/strong><\/p>\n\n\n\n<p>U petak, 16. kolovoza pro\u0161tenje je sv. Roka u Koprivni\u010dkim Bregima. Sve\u010dana misa je u 11 sati.<\/p>\n\n\n\n<p><strong><u>AKCIJA MIVA<\/u><\/strong><\/p>\n\n\n\n<p>U pro\u0161lonedjeljnoj akciji skupljanja pomo\u0107i za nabavu prometnih sredstava za misionare u dalekim zemljama sakupljeno je 1.924,21 \u20ac. Hvala svima koji su sudjelovali u akciji, a novac je proslije\u0111en Misijskoj centrali u Zagreb.\u00a0 \u00a0<\/p>\n","protected":false},"excerpt":{"rendered":"<p>VELIKA GOSPA U \u010detvrtak je VELIKA GOSPA. Ovdje \u0107e mise biti u 7 &#8211; \u00a09,30 &#8211; 18,30. Glavno je pro\u0161tenje u MO\u010cILAMA gdje je sve\u010dana misa u 11 sati. Sv. Rok U petak, 16. kolovoza pro\u0161tenje je sv. Roka u Koprivni\u010dkim Bregima. Sve\u010dana misa je u 11 sati. AKCIJA MIVA U pro\u0161lonedjeljnoj akciji skupljanja pomo\u0107i [&hellip;]<\/p>\n","protected":false},"author":1,"featured_media":0,"comment_status":"closed","ping_status":"open","sticky":true,"template":"","format":"standard","meta":{"qubely_global_settings":"","qubely_interactions":"","footnotes":""},"categories":[45],"tags":[],"class_list":["post-15140","post","type-post","status-publish","format-standard","hentry","category-obavjesti"],"blocksy_meta":[],"qubely_featured_image_url":null,"qubely_author":{"display_name":"Branko","author_link":"https:\/\/www.ofm.hr\/koprivnica\/author\/admkp8\/"},"qubely_comment":0,"qubely_category":"<a href=\"https:\/\/www.ofm.hr\/koprivnica\/category\/obavjesti\/\" rel=\"category tag\">OBAVIJESTI<\/a>","qubely_excerpt":"VELIKA GOSPA U \u010detvrtak je VELIKA GOSPA. Ovdje \u0107e mise biti u 7 &#8211; \u00a09,30 &#8211; 18,30. Glavno je pro\u0161tenje u MO\u010cILAMA gdje je sve\u010dana misa u 11 sati. Sv. Rok U petak, 16. kolovoza pro\u0161tenje je sv. Roka u Koprivni\u010dkim Bregima. Sve\u010dana misa je u 11 sati. AKCIJA MIVA U pro\u0161lonedjeljnoj akciji skupljanja pomo\u0107i&hellip;","featured_image_urls_v2":{"full":"","thumbnail":"","medium":"","medium_large":"","large":"","1536x1536":"","2048x2048":"","qubely_landscape":"","qubely_portrait":"","qubely_thumbnail":""},"post_excerpt_stackable_v2":"<p>VELIKA GOSPA U \u010detvrtak je VELIKA GOSPA. Ovdje \u0107e mise biti u 7 &#8211; \u00a09,30 &#8211; 18,30. Glavno je pro\u0161tenje u MO\u010cILAMA gdje je sve\u010dana misa u 11 sati. Sv. Rok U petak, 16. kolovoza pro\u0161tenje je sv. Roka u Koprivni\u010dkim Bregima. Sve\u010dana misa je u 11 sati. AKCIJA MIVA U pro\u0161lonedjeljnoj akciji skupljanja pomo\u0107i za nabavu prometnih sredstava za misionare u dalekim zemljama sakupljeno je 1.924,21 \u20ac. Hvala svima koji su sudjelovali u akciji, a novac je proslije\u0111en Misijskoj centrali u Zagreb.\u00a0 \u00a0<\/p>\n","category_list_v2":"<a href=\"https:\/\/www.ofm.hr\/koprivnica\/category\/obavjesti\/\" rel=\"category tag\">OBAVIJESTI<\/a>","author_info_v2":{"name":"Branko","url":"https:\/\/www.ofm.hr\/koprivnica\/author\/admkp8\/"},"comments_num_v2":"0 comments","_links":{"self":[{"href":"https:\/\/www.ofm.hr\/koprivnica\/wp-json\/wp\/v2\/posts\/15140","targetHints":{"allow":["GET"]}}],"collection":[{"href":"https:\/\/www.ofm.hr\/koprivnica\/wp-json\/wp\/v2\/posts"}],"about":[{"href":"https:\/\/www.ofm.hr\/koprivnica\/wp-json\/wp\/v2\/types\/post"}],"author":[{"embeddable":true,"href":"https:\/\/www.ofm.hr\/koprivnica\/wp-json\/wp\/v2\/users\/1"}],"replies":[{"embeddable":true,"href":"https:\/\/www.ofm.hr\/koprivnica\/wp-json\/wp\/v2\/comments?post=15140"}],"version-history":[{"count":1,"href":"https:\/\/www.ofm.hr\/koprivnica\/wp-json\/wp\/v2\/posts\/15140\/revisions"}],"predecessor-version":[{"id":15141,"href":"https:\/\/www.ofm.hr\/koprivnica\/wp-json\/wp\/v2\/posts\/15140\/revisions\/15141"}],"wp:attachment":[{"href":"https:\/\/www.ofm.hr\/koprivnica\/wp-json\/wp\/v2\/media?parent=15140"}],"wp:term":[{"taxonomy":"category","embeddable":true,"href":"https:\/\/www.ofm.hr\/koprivnica\/wp-json\/wp\/v2\/categories?post=15140"},{"taxonomy":"post_tag","embeddable":true,"href":"https:\/\/www.ofm.hr\/koprivnica\/wp-json\/wp\/v2\/tags?post=15140"}],"curies":[{"name":"wp","href":"https:\/\/api.w.org\/{rel}","templated":true}]}}