{"id":15154,"date":"2024-08-18T12:54:16","date_gmt":"2024-08-18T10:54:16","guid":{"rendered":"https:\/\/www.ofm.hr\/koprivnica\/?p=15154"},"modified":"2024-08-18T12:54:17","modified_gmt":"2024-08-18T10:54:17","slug":"zupne-obavijesti-od-18-8-do-25-8-2024","status":"publish","type":"post","link":"https:\/\/www.ofm.hr\/koprivnica\/zupne-obavijesti-od-18-8-do-25-8-2024\/","title":{"rendered":"\u017dupne obavijesti od 18. 8. do 25. 8. 2024."},"content":{"rendered":"\n<p><strong>LUDBREG &#8211; \u201eSVETA NEDJELJA\u201c, 1. rujna 2024.<\/strong><\/p>\n\n\n\n<p>9:45 sati &#8211; procesija od pastoralnog centra do Sveti\u0161ta i zavjetne kapele<br>10:00 sati &#8211; sveta misa &#8211; predslavi&nbsp;<strong>mons. Dra\u017een Kutle\u0161a<\/strong>, zagreba\u010dki nadbiskup<\/p>\n\n\n\n<p>&#8211; do svete mise ispovijeda se u cintoru \u017eupne crkve, a za vrijeme svete mise na prostoru Sveti\u0161ta<br><br><\/p>\n","protected":false},"excerpt":{"rendered":"<p>LUDBREG &#8211; \u201eSVETA NEDJELJA\u201c, 1. rujna 2024. 9:45 sati &#8211; procesija od pastoralnog centra do Sveti\u0161ta i zavjetne kapele10:00 sati &#8211; sveta misa &#8211; predslavi&nbsp;mons. Dra\u017een Kutle\u0161a, zagreba\u010dki nadbiskup &#8211; do svete mise ispovijeda se u cintoru \u017eupne crkve, a za vrijeme svete mise na prostoru Sveti\u0161ta<\/p>\n","protected":false},"author":1,"featured_media":0,"comment_status":"closed","ping_status":"open","sticky":true,"template":"","format":"standard","meta":{"qubely_global_settings":"","qubely_interactions":"","footnotes":""},"categories":[45],"tags":[],"class_list":["post-15154","post","type-post","status-publish","format-standard","hentry","category-obavjesti"],"blocksy_meta":[],"qubely_featured_image_url":null,"qubely_author":{"display_name":"Branko","author_link":"https:\/\/www.ofm.hr\/koprivnica\/author\/admkp8\/"},"qubely_comment":0,"qubely_category":"<a href=\"https:\/\/www.ofm.hr\/koprivnica\/category\/obavjesti\/\" rel=\"category tag\">OBAVIJESTI<\/a>","qubely_excerpt":"LUDBREG &#8211; \u201eSVETA NEDJELJA\u201c, 1. rujna 2024. 9:45 sati &#8211; procesija od pastoralnog centra do Sveti\u0161ta i zavjetne kapele10:00 sati &#8211; sveta misa &#8211; predslavi&nbsp;mons. Dra\u017een Kutle\u0161a, zagreba\u010dki nadbiskup &#8211; do svete mise ispovijeda se u cintoru \u017eupne crkve, a za vrijeme svete mise na prostoru Sveti\u0161ta","featured_image_urls_v2":{"full":"","thumbnail":"","medium":"","medium_large":"","large":"","1536x1536":"","2048x2048":"","qubely_landscape":"","qubely_portrait":"","qubely_thumbnail":""},"post_excerpt_stackable_v2":"<p>LUDBREG &#8211; \u201eSVETA NEDJELJA\u201c, 1. rujna 2024. 9:45 sati &#8211; procesija od pastoralnog centra do Sveti\u0161ta i zavjetne kapele10:00 sati &#8211; sveta misa &#8211; predslavi&nbsp;mons. Dra\u017een Kutle\u0161a, zagreba\u010dki nadbiskup &#8211; do svete mise ispovijeda se u cintoru \u017eupne crkve, a za vrijeme svete mise na prostoru Sveti\u0161ta<\/p>\n","category_list_v2":"<a href=\"https:\/\/www.ofm.hr\/koprivnica\/category\/obavjesti\/\" rel=\"category tag\">OBAVIJESTI<\/a>","author_info_v2":{"name":"Branko","url":"https:\/\/www.ofm.hr\/koprivnica\/author\/admkp8\/"},"comments_num_v2":"0 comments","_links":{"self":[{"href":"https:\/\/www.ofm.hr\/koprivnica\/wp-json\/wp\/v2\/posts\/15154","targetHints":{"allow":["GET"]}}],"collection":[{"href":"https:\/\/www.ofm.hr\/koprivnica\/wp-json\/wp\/v2\/posts"}],"about":[{"href":"https:\/\/www.ofm.hr\/koprivnica\/wp-json\/wp\/v2\/types\/post"}],"author":[{"embeddable":true,"href":"https:\/\/www.ofm.hr\/koprivnica\/wp-json\/wp\/v2\/users\/1"}],"replies":[{"embeddable":true,"href":"https:\/\/www.ofm.hr\/koprivnica\/wp-json\/wp\/v2\/comments?post=15154"}],"version-history":[{"count":1,"href":"https:\/\/www.ofm.hr\/koprivnica\/wp-json\/wp\/v2\/posts\/15154\/revisions"}],"predecessor-version":[{"id":15155,"href":"https:\/\/www.ofm.hr\/koprivnica\/wp-json\/wp\/v2\/posts\/15154\/revisions\/15155"}],"wp:attachment":[{"href":"https:\/\/www.ofm.hr\/koprivnica\/wp-json\/wp\/v2\/media?parent=15154"}],"wp:term":[{"taxonomy":"category","embeddable":true,"href":"https:\/\/www.ofm.hr\/koprivnica\/wp-json\/wp\/v2\/categories?post=15154"},{"taxonomy":"post_tag","embeddable":true,"href":"https:\/\/www.ofm.hr\/koprivnica\/wp-json\/wp\/v2\/tags?post=15154"}],"curies":[{"name":"wp","href":"https:\/\/api.w.org\/{rel}","templated":true}]}}