{"id":15207,"date":"2024-09-08T21:18:50","date_gmt":"2024-09-08T19:18:50","guid":{"rendered":"https:\/\/www.ofm.hr\/koprivnica\/?p=15207"},"modified":"2024-09-08T21:18:52","modified_gmt":"2024-09-08T19:18:52","slug":"zupne-obavijesti-od-8-9-15-9-2024","status":"publish","type":"post","link":"https:\/\/www.ofm.hr\/koprivnica\/zupne-obavijesti-od-8-9-15-9-2024\/","title":{"rendered":"\u017dupne obavijesti od 8. 9. &#8211; 15. 9. 2024."},"content":{"rendered":"\n<p><strong>UPIS PRVOPRI\u010cESNIKA<\/strong><\/p>\n\n\n\n<p>U subotu, 14. i 21. rujna od 9 do 11 sati biti \u0107e upis ovogodi\u0161njih prvopri\u010desnika. Molimo roditelje da u to vrijeme do\u0111u sa svojom djecom da se upoznaju s planom vjeronau\u010dne pouke.<\/p>\n\n\n\n<p>\u017dupno pastoralno vije\u0107e suglasno je da se za 2. i 7. razred osnovne \u0161kole uvede pripremni vjeronauk za prvu pri\u010dest, odnosno krizmu. O tome \u0107e biti jo\u0161 obavijesti. listopada.<\/p>\n\n\n\n<p><strong><u>KATEKUMENI<\/u><\/strong><\/p>\n\n\n\n<p>Svake godine javljaju se odrasli kandidati koji ili nisu kr\u0161teni pa tra\u017ee kr\u0161tenje ili su kr\u0161teni, a nisu pro\u0161li osnovni vjeronauk za primanje sakramenta prve ispovijedi, pri\u010desti ili krizme. Molimo da se jave do po\u010detka listopada kada \u0107e za njih biti organizirana posebna pouka. Obvezatno je od listopada pa do Uskrsa poha\u0111ati takvu pouku. \u010cesto se javljaju pojedinci koji bi to htjeli obaviti \u0161to prije. Uz najbolju volju, upravo jer dr\u017eimo do na\u0161ih svetinja ne mo\u017eemo to u\u010diniti &#8220;na brzinu&#8221;.<\/p>\n\n\n\n<p><strong>DEVETI SUSRET HRVATSKIH I SLOVENSKIH VJERNIKA<\/strong><\/p>\n\n\n\n<p>Ovaj puta u <u><strong>subotu, 28. rujna u SVETVIN\u010cENTU u Istri, rodnom mjestu bl. Miroslava Bule\u0161i\u0107a, sve\u0107enika i mu\u010denika. <\/strong><\/u>Zainteresirani vjernici prijavite se u \u017dupnom uredu ili sakristiji. Cijena puta je 30,00 \u20ac. Organizatori obe\u0107avaju ru\u010dak za sve \u2013 besplatan!<\/p>\n","protected":false},"excerpt":{"rendered":"<p>UPIS PRVOPRI\u010cESNIKA U subotu, 14. i 21. rujna od 9 do 11 sati biti \u0107e upis ovogodi\u0161njih prvopri\u010desnika. Molimo roditelje da u to vrijeme do\u0111u sa svojom djecom da se upoznaju s planom vjeronau\u010dne pouke. \u017dupno pastoralno vije\u0107e suglasno je da se za 2. i 7. razred osnovne \u0161kole uvede pripremni vjeronauk za prvu pri\u010dest, [&hellip;]<\/p>\n","protected":false},"author":1,"featured_media":0,"comment_status":"closed","ping_status":"open","sticky":true,"template":"","format":"standard","meta":{"qubely_global_settings":"","qubely_interactions":"","footnotes":""},"categories":[45],"tags":[],"class_list":["post-15207","post","type-post","status-publish","format-standard","hentry","category-obavjesti"],"blocksy_meta":[],"qubely_featured_image_url":null,"qubely_author":{"display_name":"Branko","author_link":"https:\/\/www.ofm.hr\/koprivnica\/author\/admkp8\/"},"qubely_comment":0,"qubely_category":"<a href=\"https:\/\/www.ofm.hr\/koprivnica\/category\/obavjesti\/\" rel=\"category tag\">OBAVIJESTI<\/a>","qubely_excerpt":"UPIS PRVOPRI\u010cESNIKA U subotu, 14. i 21. rujna od 9 do 11 sati biti \u0107e upis ovogodi\u0161njih prvopri\u010desnika. Molimo roditelje da u to vrijeme do\u0111u sa svojom djecom da se upoznaju s planom vjeronau\u010dne pouke. \u017dupno pastoralno vije\u0107e suglasno je da se za 2. i 7. razred osnovne \u0161kole uvede pripremni vjeronauk za prvu pri\u010dest,&hellip;","featured_image_urls_v2":{"full":"","thumbnail":"","medium":"","medium_large":"","large":"","1536x1536":"","2048x2048":"","qubely_landscape":"","qubely_portrait":"","qubely_thumbnail":""},"post_excerpt_stackable_v2":"<p>UPIS PRVOPRI\u010cESNIKA U subotu, 14. i 21. rujna od 9 do 11 sati biti \u0107e upis ovogodi\u0161njih prvopri\u010desnika. Molimo roditelje da u to vrijeme do\u0111u sa svojom djecom da se upoznaju s planom vjeronau\u010dne pouke. \u017dupno pastoralno vije\u0107e suglasno je da se za 2. i 7. razred osnovne \u0161kole uvede pripremni vjeronauk za prvu pri\u010dest, odnosno krizmu. O tome \u0107e biti jo\u0161 obavijesti. listopada. KATEKUMENI Svake godine javljaju se odrasli kandidati koji ili nisu kr\u0161teni pa tra\u017ee kr\u0161tenje ili su kr\u0161teni, a nisu pro\u0161li osnovni vjeronauk za primanje sakramenta prve ispovijedi, pri\u010desti ili krizme. Molimo da se jave do po\u010detka&hellip;<\/p>\n","category_list_v2":"<a href=\"https:\/\/www.ofm.hr\/koprivnica\/category\/obavjesti\/\" rel=\"category tag\">OBAVIJESTI<\/a>","author_info_v2":{"name":"Branko","url":"https:\/\/www.ofm.hr\/koprivnica\/author\/admkp8\/"},"comments_num_v2":"0 comments","_links":{"self":[{"href":"https:\/\/www.ofm.hr\/koprivnica\/wp-json\/wp\/v2\/posts\/15207","targetHints":{"allow":["GET"]}}],"collection":[{"href":"https:\/\/www.ofm.hr\/koprivnica\/wp-json\/wp\/v2\/posts"}],"about":[{"href":"https:\/\/www.ofm.hr\/koprivnica\/wp-json\/wp\/v2\/types\/post"}],"author":[{"embeddable":true,"href":"https:\/\/www.ofm.hr\/koprivnica\/wp-json\/wp\/v2\/users\/1"}],"replies":[{"embeddable":true,"href":"https:\/\/www.ofm.hr\/koprivnica\/wp-json\/wp\/v2\/comments?post=15207"}],"version-history":[{"count":1,"href":"https:\/\/www.ofm.hr\/koprivnica\/wp-json\/wp\/v2\/posts\/15207\/revisions"}],"predecessor-version":[{"id":15208,"href":"https:\/\/www.ofm.hr\/koprivnica\/wp-json\/wp\/v2\/posts\/15207\/revisions\/15208"}],"wp:attachment":[{"href":"https:\/\/www.ofm.hr\/koprivnica\/wp-json\/wp\/v2\/media?parent=15207"}],"wp:term":[{"taxonomy":"category","embeddable":true,"href":"https:\/\/www.ofm.hr\/koprivnica\/wp-json\/wp\/v2\/categories?post=15207"},{"taxonomy":"post_tag","embeddable":true,"href":"https:\/\/www.ofm.hr\/koprivnica\/wp-json\/wp\/v2\/tags?post=15207"}],"curies":[{"name":"wp","href":"https:\/\/api.w.org\/{rel}","templated":true}]}}