{"id":15222,"date":"2024-09-15T13:29:31","date_gmt":"2024-09-15T11:29:31","guid":{"rendered":"https:\/\/www.ofm.hr\/koprivnica\/?p=15222"},"modified":"2024-09-15T13:29:35","modified_gmt":"2024-09-15T11:29:35","slug":"zupne-obavijesti-od-15-9-22-9-2024","status":"publish","type":"post","link":"https:\/\/www.ofm.hr\/koprivnica\/zupne-obavijesti-od-15-9-22-9-2024\/","title":{"rendered":"\u017dupne obavijesti od 15. 9. &#8211; 22. 9. 2024."},"content":{"rendered":"\n<p><strong>UPIS PRVOPRI\u010cESNIKA<\/strong><\/p>\n\n\n\n<p>U subotu, 14. i 21. rujna od 9 do 11 sati biti \u0107e upis ovogodi\u0161njih prvopri\u010desnika. Molimo roditelje da u to vrijeme do\u0111u sa svojom djecom da se upoznaju s planom vjeronau\u010dne pouke.<\/p>\n\n\n\n<p>\u017dupno pastoralno vije\u0107e suglasno je da se za 2. i 7. razred osnovne \u0161kole uvede pripremni vjeronauk za prvu pri\u010dest, odnosno krizmu. O tome \u0107e biti jo\u0161 obavijesti.<\/p>\n\n\n\n<p><strong>DEVETI SUSRET HRVATSKIH I SLOVENSKIH VJERNIKA<\/strong><\/p>\n\n\n\n<p>U subotu, 28. rujna tradicionalni susret je hrvatskih i slovenskih vjernika. Ovaj puta u Istri Svetvin\u010dentu. Rodnom mjestu bl. Miroslava Bule\u0161i\u0107a koji je ubijen 1947. Cijena puta je 30,00 \u20ac. Organizatori su obe\u0107ali dati svima besplatni ru\u010dak. Svi zainteresirani za hodo\u010da\u0161\u0107e javite se \u0161to prije da bismo mogli javiti koliko je na\u0161ih hodo\u010dasnika.<\/p>\n\n\n\n<p><strong>HODO\u010cA\u0160\u0106E U RIM OD 25. 02. DO 01.03. 2025<\/strong><\/p>\n\n\n\n<p>\u017dupa organizira hodo\u010da\u0161\u0107e u Rim u svetoj Godini 2025. Vrijeme hodo\u010da\u0161\u0107a je od 25. velja\u010de do 1. o\u017eujka 2025. Cijena aran\u017emana je 550,00 \u20ac. Prijaviti se mo\u017eete u \u017eupnom uredu u uredovno vrijeme. Za dodatne informacije obratite se o. Zoranu.<\/p>\n\n\n\n<p><strong>OBNOVA PORTALA I PODNO\u017dJA ZVONIKA<\/strong><\/p>\n\n\n\n<p>Zapo\u010deli su radovi na sanaciji kamenih dijelova na portalima u crkvu i samostan. Te radove financira Ministarstvo kulture RH i nadamo se da \u0107e u predvi\u0111enom roku biti kvalitetno obavljeni.<\/p>\n","protected":false},"excerpt":{"rendered":"<p>UPIS PRVOPRI\u010cESNIKA U subotu, 14. i 21. rujna od 9 do 11 sati biti \u0107e upis ovogodi\u0161njih prvopri\u010desnika. Molimo roditelje da u to vrijeme do\u0111u sa svojom djecom da se upoznaju s planom vjeronau\u010dne pouke. \u017dupno pastoralno vije\u0107e suglasno je da se za 2. i 7. razred osnovne \u0161kole uvede pripremni vjeronauk za prvu pri\u010dest, [&hellip;]<\/p>\n","protected":false},"author":1,"featured_media":0,"comment_status":"closed","ping_status":"open","sticky":true,"template":"","format":"standard","meta":{"qubely_global_settings":"","qubely_interactions":"","footnotes":""},"categories":[45],"tags":[],"class_list":["post-15222","post","type-post","status-publish","format-standard","hentry","category-obavjesti"],"blocksy_meta":[],"qubely_featured_image_url":null,"qubely_author":{"display_name":"Branko","author_link":"https:\/\/www.ofm.hr\/koprivnica\/author\/admkp8\/"},"qubely_comment":0,"qubely_category":"<a href=\"https:\/\/www.ofm.hr\/koprivnica\/category\/obavjesti\/\" rel=\"category tag\">OBAVIJESTI<\/a>","qubely_excerpt":"UPIS PRVOPRI\u010cESNIKA U subotu, 14. i 21. rujna od 9 do 11 sati biti \u0107e upis ovogodi\u0161njih prvopri\u010desnika. Molimo roditelje da u to vrijeme do\u0111u sa svojom djecom da se upoznaju s planom vjeronau\u010dne pouke. \u017dupno pastoralno vije\u0107e suglasno je da se za 2. i 7. razred osnovne \u0161kole uvede pripremni vjeronauk za prvu pri\u010dest,&hellip;","featured_image_urls_v2":{"full":"","thumbnail":"","medium":"","medium_large":"","large":"","1536x1536":"","2048x2048":"","qubely_landscape":"","qubely_portrait":"","qubely_thumbnail":""},"post_excerpt_stackable_v2":"<p>UPIS PRVOPRI\u010cESNIKA U subotu, 14. i 21. rujna od 9 do 11 sati biti \u0107e upis ovogodi\u0161njih prvopri\u010desnika. Molimo roditelje da u to vrijeme do\u0111u sa svojom djecom da se upoznaju s planom vjeronau\u010dne pouke. \u017dupno pastoralno vije\u0107e suglasno je da se za 2. i 7. razred osnovne \u0161kole uvede pripremni vjeronauk za prvu pri\u010dest, odnosno krizmu. O tome \u0107e biti jo\u0161 obavijesti. DEVETI SUSRET HRVATSKIH I SLOVENSKIH VJERNIKA U subotu, 28. rujna tradicionalni susret je hrvatskih i slovenskih vjernika. Ovaj puta u Istri Svetvin\u010dentu. Rodnom mjestu bl. Miroslava Bule\u0161i\u0107a koji je ubijen 1947. Cijena puta je 30,00 \u20ac. Organizatori&hellip;<\/p>\n","category_list_v2":"<a href=\"https:\/\/www.ofm.hr\/koprivnica\/category\/obavjesti\/\" rel=\"category tag\">OBAVIJESTI<\/a>","author_info_v2":{"name":"Branko","url":"https:\/\/www.ofm.hr\/koprivnica\/author\/admkp8\/"},"comments_num_v2":"0 comments","_links":{"self":[{"href":"https:\/\/www.ofm.hr\/koprivnica\/wp-json\/wp\/v2\/posts\/15222","targetHints":{"allow":["GET"]}}],"collection":[{"href":"https:\/\/www.ofm.hr\/koprivnica\/wp-json\/wp\/v2\/posts"}],"about":[{"href":"https:\/\/www.ofm.hr\/koprivnica\/wp-json\/wp\/v2\/types\/post"}],"author":[{"embeddable":true,"href":"https:\/\/www.ofm.hr\/koprivnica\/wp-json\/wp\/v2\/users\/1"}],"replies":[{"embeddable":true,"href":"https:\/\/www.ofm.hr\/koprivnica\/wp-json\/wp\/v2\/comments?post=15222"}],"version-history":[{"count":1,"href":"https:\/\/www.ofm.hr\/koprivnica\/wp-json\/wp\/v2\/posts\/15222\/revisions"}],"predecessor-version":[{"id":15223,"href":"https:\/\/www.ofm.hr\/koprivnica\/wp-json\/wp\/v2\/posts\/15222\/revisions\/15223"}],"wp:attachment":[{"href":"https:\/\/www.ofm.hr\/koprivnica\/wp-json\/wp\/v2\/media?parent=15222"}],"wp:term":[{"taxonomy":"category","embeddable":true,"href":"https:\/\/www.ofm.hr\/koprivnica\/wp-json\/wp\/v2\/categories?post=15222"},{"taxonomy":"post_tag","embeddable":true,"href":"https:\/\/www.ofm.hr\/koprivnica\/wp-json\/wp\/v2\/tags?post=15222"}],"curies":[{"name":"wp","href":"https:\/\/api.w.org\/{rel}","templated":true}]}}