{"id":15263,"date":"2024-09-28T19:23:52","date_gmt":"2024-09-28T17:23:52","guid":{"rendered":"https:\/\/www.ofm.hr\/koprivnica\/?p=15263"},"modified":"2024-09-29T22:15:15","modified_gmt":"2024-09-29T20:15:15","slug":"zupne-obavijesti-od-29-9-6-10-2024","status":"publish","type":"post","link":"https:\/\/www.ofm.hr\/koprivnica\/zupne-obavijesti-od-29-9-6-10-2024\/","title":{"rendered":"\u017dupne obavijesti od 29. 9. &#8211; 6. 10. 2024."},"content":{"rendered":"\n<p><strong><u>LISTOPADSKE POBO\u017dNOSTI<\/u><\/strong><\/p>\n\n\n\n<p>Svaku ve\u010der u mjesecu listopadu u 17,50 zapo\u010dinje <em><strong>LISTOPADSKA POBO\u017dNOST<\/strong><\/em>, a zatim slijedi sveta misa. \u00a0Krunicu predmole prema uobi\u010dajenom rasporedu ove skupine: <strong><br><\/strong><\/p>\n\n\n\n<p><strong>ponedjeljak: \u010dita\u010di<\/strong><\/p>\n\n\n\n<p><strong>utorak: FSR<\/strong><\/p>\n\n\n\n<p><strong>srijeda: franjevci<\/strong><\/p>\n\n\n\n<p><strong>\u010detvrtak: \u017eupni zbor<\/strong><\/p>\n\n\n\n<p><strong>petak: Frama<\/strong><\/p>\n\n\n\n<p><strong>subota: redovite moliteljice<\/strong><\/p>\n\n\n\n<p><strong>nedjelja: razne skupine<\/strong><strong><br><\/strong><\/p>\n\n\n\n<p><strong>Od utorka 1. listopada pa do petka, 4. listopada krunicu predmole \u010dlanovi FSR-a<\/strong><\/p>\n\n\n\n<p><strong><u>MARIJANSKA PROCESIJA<\/u><\/strong><\/p>\n\n\n\n<p>U utorak, 1. listopada, Inicijativa 40 dana za \u017eivot, s po\u010detkom u 17h,\u00a0 organizira Marijansku procesiju od mjesta bdijenja pred bolnicom do \u017eupne crkve svetog Antuna Padovanskog<\/p>\n\n\n\n<p><strong><u>PRIPRAVA ZA BLAGDAN SV. OCA FRANJE<\/u><\/strong><\/p>\n\n\n\n<p>U utorak, 1. listopada zapo\u010dinje trodnevna priprava za blagdan sv. Franje. Ve\u010dernju misu tih dana predvodi o. Vlado Musta\u010d iz Vara\u017edina. Trodnevnica je namijenjena \u010dlanovi FSR-a i FRAME, ali i svi ostali vjernici su dobro do\u0161li.<\/p>\n\n\n\n<p><strong><u>MJESE\u010cNA SKUP\u0160TINA FSR-a<\/u><\/strong><\/p>\n\n\n\n<p>Mjese\u010dna skup\u0161tina odr\u017eat \u0107e se na blagdan sv. Franje, u petak, 4. listopada poslije ve\u010dernje mise.<\/p>\n\n\n\n<p><strong><u>PRIVREMENI<\/u><\/strong> <strong><u>RASPORED \u017dUPNOG VJERONAUKA<\/u><\/strong><\/p>\n\n\n\n<p><strong><u>Prvopri\u010desnici <\/u><\/strong><strong>imaju vjeronauk <u>srijedom<\/u>.<\/strong><\/p>\n\n\n\n<p><strong>3a i b O\u0160 Antun Nem\u010di\u0107 Gostovinski u 8 ili 15 sati<\/strong><\/p>\n\n\n\n<p><strong>3c O\u0160 Antun Nem\u010di\u0107 Gostovinski i u\u010denici O\u0160 Bra\u0107e Radi\u0107 u 9 ili 16 sati<\/strong><\/p>\n\n\n\n<p><strong>Prvopri\u010denici iz \u0161kole \u0110uro Ester u dogovoru s vjerou\u010diteljem<\/strong><\/p>\n\n\n\n<p><strong><u>Krizmanici<\/u><\/strong><strong> imaju vjeronauk <u>petkom<\/u><\/strong><\/p>\n\n\n\n<p><strong>O\u0160 Bra\u0107e Radi\u0107 + O\u0160 Antun Nem\u010di\u0107 Gostovinski 8a u 8 ili 16 sati,<\/strong><\/p>\n\n\n\n<p><strong>O\u0160 Antun Nem\u010di\u0107 Gostovinski 8b \u2013 8c \u2013 8d&nbsp; u 9 i 17 sati.<\/strong><\/p>\n\n\n\n<p>Kao \u0161to je najavljeno od ove godine biti \u0107e \u017eupni vjeronauk za 2. razred osnovne \u0161kole i za 7. Uskoro \u0107emo objaviti kada \u0107e oni zapo\u010deti s poukom.<\/p>\n\n\n\n<p><strong><u>BIBLIJSKI SAT<\/u><\/strong><\/p>\n\n\n\n<p>Ponedjeljkom, poslije ve\u010dernje mise odr\u017eava se Biblijski sat.<\/p>\n","protected":false},"excerpt":{"rendered":"<p>LISTOPADSKE POBO\u017dNOSTI Svaku ve\u010der u mjesecu listopadu u 17,50 zapo\u010dinje LISTOPADSKA POBO\u017dNOST, a zatim slijedi sveta misa. \u00a0Krunicu predmole prema uobi\u010dajenom rasporedu ove skupine: ponedjeljak: \u010dita\u010di utorak: FSR srijeda: franjevci \u010detvrtak: \u017eupni zbor petak: Frama subota: redovite moliteljice nedjelja: razne skupine Od utorka 1. listopada pa do petka, 4. listopada krunicu predmole \u010dlanovi FSR-a MARIJANSKA [&hellip;]<\/p>\n","protected":false},"author":1,"featured_media":0,"comment_status":"closed","ping_status":"open","sticky":true,"template":"","format":"standard","meta":{"qubely_global_settings":"","qubely_interactions":"","footnotes":""},"categories":[45],"tags":[],"class_list":["post-15263","post","type-post","status-publish","format-standard","hentry","category-obavjesti"],"blocksy_meta":[],"qubely_featured_image_url":null,"qubely_author":{"display_name":"Branko","author_link":"https:\/\/www.ofm.hr\/koprivnica\/author\/admkp8\/"},"qubely_comment":0,"qubely_category":"<a href=\"https:\/\/www.ofm.hr\/koprivnica\/category\/obavjesti\/\" rel=\"category tag\">OBAVIJESTI<\/a>","qubely_excerpt":"LISTOPADSKE POBO\u017dNOSTI Svaku ve\u010der u mjesecu listopadu u 17,50 zapo\u010dinje LISTOPADSKA POBO\u017dNOST, a zatim slijedi sveta misa. \u00a0Krunicu predmole prema uobi\u010dajenom rasporedu ove skupine: ponedjeljak: \u010dita\u010di utorak: FSR srijeda: franjevci \u010detvrtak: \u017eupni zbor petak: Frama subota: redovite moliteljice nedjelja: razne skupine Od utorka 1. listopada pa do petka, 4. listopada krunicu predmole \u010dlanovi FSR-a MARIJANSKA&hellip;","featured_image_urls_v2":{"full":"","thumbnail":"","medium":"","medium_large":"","large":"","1536x1536":"","2048x2048":"","qubely_landscape":"","qubely_portrait":"","qubely_thumbnail":""},"post_excerpt_stackable_v2":"<p>LISTOPADSKE POBO\u017dNOSTI Svaku ve\u010der u mjesecu listopadu u 17,50 zapo\u010dinje LISTOPADSKA POBO\u017dNOST, a zatim slijedi sveta misa. \u00a0Krunicu predmole prema uobi\u010dajenom rasporedu ove skupine: ponedjeljak: \u010dita\u010di utorak: FSR srijeda: franjevci \u010detvrtak: \u017eupni zbor petak: Frama subota: redovite moliteljice nedjelja: razne skupine Od utorka 1. listopada pa do petka, 4. listopada krunicu predmole \u010dlanovi FSR-a MARIJANSKA PROCESIJA U utorak, 1. listopada, Inicijativa 40 dana za \u017eivot, s po\u010detkom u 17h,\u00a0 organizira Marijansku procesiju od mjesta bdijenja pred bolnicom do \u017eupne crkve svetog Antuna Padovanskog PRIPRAVA ZA BLAGDAN SV. OCA FRANJE U utorak, 1. listopada zapo\u010dinje trodnevna priprava za blagdan sv. Franje.&hellip;<\/p>\n","category_list_v2":"<a href=\"https:\/\/www.ofm.hr\/koprivnica\/category\/obavjesti\/\" rel=\"category tag\">OBAVIJESTI<\/a>","author_info_v2":{"name":"Branko","url":"https:\/\/www.ofm.hr\/koprivnica\/author\/admkp8\/"},"comments_num_v2":"0 comments","_links":{"self":[{"href":"https:\/\/www.ofm.hr\/koprivnica\/wp-json\/wp\/v2\/posts\/15263","targetHints":{"allow":["GET"]}}],"collection":[{"href":"https:\/\/www.ofm.hr\/koprivnica\/wp-json\/wp\/v2\/posts"}],"about":[{"href":"https:\/\/www.ofm.hr\/koprivnica\/wp-json\/wp\/v2\/types\/post"}],"author":[{"embeddable":true,"href":"https:\/\/www.ofm.hr\/koprivnica\/wp-json\/wp\/v2\/users\/1"}],"replies":[{"embeddable":true,"href":"https:\/\/www.ofm.hr\/koprivnica\/wp-json\/wp\/v2\/comments?post=15263"}],"version-history":[{"count":1,"href":"https:\/\/www.ofm.hr\/koprivnica\/wp-json\/wp\/v2\/posts\/15263\/revisions"}],"predecessor-version":[{"id":15264,"href":"https:\/\/www.ofm.hr\/koprivnica\/wp-json\/wp\/v2\/posts\/15263\/revisions\/15264"}],"wp:attachment":[{"href":"https:\/\/www.ofm.hr\/koprivnica\/wp-json\/wp\/v2\/media?parent=15263"}],"wp:term":[{"taxonomy":"category","embeddable":true,"href":"https:\/\/www.ofm.hr\/koprivnica\/wp-json\/wp\/v2\/categories?post=15263"},{"taxonomy":"post_tag","embeddable":true,"href":"https:\/\/www.ofm.hr\/koprivnica\/wp-json\/wp\/v2\/tags?post=15263"}],"curies":[{"name":"wp","href":"https:\/\/api.w.org\/{rel}","templated":true}]}}