{"id":15334,"date":"2024-10-12T21:49:40","date_gmt":"2024-10-12T19:49:40","guid":{"rendered":"https:\/\/www.ofm.hr\/koprivnica\/?p=15334"},"modified":"2024-10-12T21:49:43","modified_gmt":"2024-10-12T19:49:43","slug":"zupne-obavijesti-od-13-10-20-10-2024","status":"publish","type":"post","link":"https:\/\/www.ofm.hr\/koprivnica\/zupne-obavijesti-od-13-10-20-10-2024\/","title":{"rendered":"\u017dupne obavijesti od 13. 10. &#8211; 20. 10. 2024."},"content":{"rendered":"\n<p><strong><u>LISTOPADSKE POBO\u017dNOSTI<\/u><\/strong><\/p>\n\n\n\n<p>Svaku ve\u010der u mjesecu listopadu u 17,50 zapo\u010dinje <em><strong>LISTOPADSKA POBO\u017dNOST<\/strong><\/em>, a zatim slijedi sveta misa. \u00a0Krunicu predmole prema uobi\u010dajenom rasporedu ove skupine: <strong><br><\/strong><\/p>\n\n\n\n<p><strong>ponedjeljak: \u010dita\u010di<\/strong><\/p>\n\n\n\n<p><strong>utorak: FSR<\/strong><\/p>\n\n\n\n<p><strong>srijeda: franjevci<\/strong><\/p>\n\n\n\n<p><strong>\u010detvrtak: \u017eupni zbor<\/strong><\/p>\n\n\n\n<p><strong>petak: redovite moliteljice<\/strong><\/p>\n\n\n\n<p><strong>subota: Frama<\/strong><\/p>\n\n\n\n<p><strong>nedjelja: razne skupine<\/strong><strong><br><\/strong><\/p>\n\n\n\n<p><strong><u>RASPORED \u017dUPNOG VJERONAUKA<\/u><\/strong><\/p>\n\n\n\n<p><strong><u>Prvopri\u010desnici <\/u><\/strong><strong>imaju vjeronauk <u>srijedom<\/u>.<\/strong><\/p>\n\n\n\n<p><strong>3a i b O\u0160 Antun Nem\u010di\u0107 Gostovinski u 8 ili 15 sati<\/strong><\/p>\n\n\n\n<p><strong>3c O\u0160 Antun Nem\u010di\u0107 Gostovinski i u\u010denici O\u0160 Bra\u0107e Radi\u0107 u 9 ili 16 sati<\/strong><\/p>\n\n\n\n<p><strong><u>Krizmanici<\/u><\/strong><strong> imaju vjeronauk <u>petkom<\/u><\/strong><\/p>\n\n\n\n<p><strong>O\u0160 Bra\u0107e Radi\u0107 + O\u0160 Antun Nem\u010di\u0107 Gostovinski 8a u 8 ili 16 sati,<\/strong><\/p>\n\n\n\n<p><strong>O\u0160 Antun Nem\u010di\u0107 Gostovinski 8b \u2013 8c \u2013 8d&nbsp; u 9 i 17 sati.<\/strong><\/p>\n\n\n\n<p><strong><u>BIBLIJSKI SAT<\/u><\/strong><\/p>\n\n\n\n<p>Ponedjeljkom, poslije ve\u010dernje mise odr\u017eava se Biblijski sat.<\/p>\n\n\n\n<p><strong><u>GODI\u0160NJE KLANJANJE U \u017dUPI SV. LEOPOLDA<\/u><\/strong><\/p>\n\n\n\n<p>U utorak, 15. listopada godi\u0161nje je klanjanje u \u017eupi sv. Leopolda. Sve\u010dana misa je u 11 sati u pastoralnom centru u Zagorskoj 17c<\/p>\n","protected":false},"excerpt":{"rendered":"<p>LISTOPADSKE POBO\u017dNOSTI Svaku ve\u010der u mjesecu listopadu u 17,50 zapo\u010dinje LISTOPADSKA POBO\u017dNOST, a zatim slijedi sveta misa. \u00a0Krunicu predmole prema uobi\u010dajenom rasporedu ove skupine: ponedjeljak: \u010dita\u010di utorak: FSR srijeda: franjevci \u010detvrtak: \u017eupni zbor petak: redovite moliteljice subota: Frama nedjelja: razne skupine RASPORED \u017dUPNOG VJERONAUKA Prvopri\u010desnici imaju vjeronauk srijedom. 3a i b O\u0160 Antun Nem\u010di\u0107 Gostovinski [&hellip;]<\/p>\n","protected":false},"author":1,"featured_media":0,"comment_status":"closed","ping_status":"open","sticky":true,"template":"","format":"standard","meta":{"qubely_global_settings":"","qubely_interactions":"","footnotes":""},"categories":[45],"tags":[],"class_list":["post-15334","post","type-post","status-publish","format-standard","hentry","category-obavjesti"],"blocksy_meta":[],"qubely_featured_image_url":null,"qubely_author":{"display_name":"Branko","author_link":"https:\/\/www.ofm.hr\/koprivnica\/author\/admkp8\/"},"qubely_comment":0,"qubely_category":"<a href=\"https:\/\/www.ofm.hr\/koprivnica\/category\/obavjesti\/\" rel=\"category tag\">OBAVIJESTI<\/a>","qubely_excerpt":"LISTOPADSKE POBO\u017dNOSTI Svaku ve\u010der u mjesecu listopadu u 17,50 zapo\u010dinje LISTOPADSKA POBO\u017dNOST, a zatim slijedi sveta misa. \u00a0Krunicu predmole prema uobi\u010dajenom rasporedu ove skupine: ponedjeljak: \u010dita\u010di utorak: FSR srijeda: franjevci \u010detvrtak: \u017eupni zbor petak: redovite moliteljice subota: Frama nedjelja: razne skupine RASPORED \u017dUPNOG VJERONAUKA Prvopri\u010desnici imaju vjeronauk srijedom. 3a i b O\u0160 Antun Nem\u010di\u0107 Gostovinski&hellip;","featured_image_urls_v2":{"full":"","thumbnail":"","medium":"","medium_large":"","large":"","1536x1536":"","2048x2048":"","qubely_landscape":"","qubely_portrait":"","qubely_thumbnail":""},"post_excerpt_stackable_v2":"<p>LISTOPADSKE POBO\u017dNOSTI Svaku ve\u010der u mjesecu listopadu u 17,50 zapo\u010dinje LISTOPADSKA POBO\u017dNOST, a zatim slijedi sveta misa. \u00a0Krunicu predmole prema uobi\u010dajenom rasporedu ove skupine: ponedjeljak: \u010dita\u010di utorak: FSR srijeda: franjevci \u010detvrtak: \u017eupni zbor petak: redovite moliteljice subota: Frama nedjelja: razne skupine RASPORED \u017dUPNOG VJERONAUKA Prvopri\u010desnici imaju vjeronauk srijedom. 3a i b O\u0160 Antun Nem\u010di\u0107 Gostovinski u 8 ili 15 sati 3c O\u0160 Antun Nem\u010di\u0107 Gostovinski i u\u010denici O\u0160 Bra\u0107e Radi\u0107 u 9 ili 16 sati Krizmanici imaju vjeronauk petkom O\u0160 Bra\u0107e Radi\u0107 + O\u0160 Antun Nem\u010di\u0107 Gostovinski 8a u 8 ili 16 sati, O\u0160 Antun Nem\u010di\u0107 Gostovinski 8b \u2013 8c&hellip;<\/p>\n","category_list_v2":"<a href=\"https:\/\/www.ofm.hr\/koprivnica\/category\/obavjesti\/\" rel=\"category tag\">OBAVIJESTI<\/a>","author_info_v2":{"name":"Branko","url":"https:\/\/www.ofm.hr\/koprivnica\/author\/admkp8\/"},"comments_num_v2":"0 comments","_links":{"self":[{"href":"https:\/\/www.ofm.hr\/koprivnica\/wp-json\/wp\/v2\/posts\/15334","targetHints":{"allow":["GET"]}}],"collection":[{"href":"https:\/\/www.ofm.hr\/koprivnica\/wp-json\/wp\/v2\/posts"}],"about":[{"href":"https:\/\/www.ofm.hr\/koprivnica\/wp-json\/wp\/v2\/types\/post"}],"author":[{"embeddable":true,"href":"https:\/\/www.ofm.hr\/koprivnica\/wp-json\/wp\/v2\/users\/1"}],"replies":[{"embeddable":true,"href":"https:\/\/www.ofm.hr\/koprivnica\/wp-json\/wp\/v2\/comments?post=15334"}],"version-history":[{"count":1,"href":"https:\/\/www.ofm.hr\/koprivnica\/wp-json\/wp\/v2\/posts\/15334\/revisions"}],"predecessor-version":[{"id":15335,"href":"https:\/\/www.ofm.hr\/koprivnica\/wp-json\/wp\/v2\/posts\/15334\/revisions\/15335"}],"wp:attachment":[{"href":"https:\/\/www.ofm.hr\/koprivnica\/wp-json\/wp\/v2\/media?parent=15334"}],"wp:term":[{"taxonomy":"category","embeddable":true,"href":"https:\/\/www.ofm.hr\/koprivnica\/wp-json\/wp\/v2\/categories?post=15334"},{"taxonomy":"post_tag","embeddable":true,"href":"https:\/\/www.ofm.hr\/koprivnica\/wp-json\/wp\/v2\/tags?post=15334"}],"curies":[{"name":"wp","href":"https:\/\/api.w.org\/{rel}","templated":true}]}}