{"id":15368,"date":"2024-10-27T17:34:28","date_gmt":"2024-10-27T16:34:28","guid":{"rendered":"https:\/\/www.ofm.hr\/koprivnica\/?p=15368"},"modified":"2024-10-27T17:34:30","modified_gmt":"2024-10-27T16:34:30","slug":"zupne-obavijesti-od-27-10-3-11-2024","status":"publish","type":"post","link":"https:\/\/www.ofm.hr\/koprivnica\/zupne-obavijesti-od-27-10-3-11-2024\/","title":{"rendered":"\u017dupne obavijesti od 27. 10. &#8211; 3. 11. 2024."},"content":{"rendered":"\n<p><strong><u>RODITELJSKI SASTANAK<\/u><\/strong><\/p>\n\n\n\n<p>U ponedjeljak, 28. listopada u 19 sati odr\u017eat \u0107e se roditeljski sastanak za u\u010denike 7. i 8. razreda u 19 sati u crkvi<\/p>\n\n\n\n<p><strong><u>BIBLIJSKI SAT<\/u><\/strong><\/p>\n\n\n\n<p>Ponedjeljkom, poslije ve\u010dernje mise odr\u017eava se Biblijski sat.<\/p>\n\n\n\n<p><strong><u>SVI SVETI I DU\u0160NI DAN<\/u><\/strong><\/p>\n\n\n\n<p><strong>U petak, 1. studenog slavimo svetkovinu Svih Svetih. Ovdje su mise u 7 \u2013 9,30 \u2013 18,30<\/strong><\/p>\n\n\n\n<p><strong>Na Du\u0161ni dan, u subotu mise su u 7 i 18,30. Na ve\u010dernjoj misi spomenut \u0107emo se svih pokojnika koji su umrli u razdoblju od pro\u0161lih Svih Svetih do ovogodi\u0161njih Sesveta.<\/strong><\/p>\n\n\n\n<p><strong>Na groblju Svetog Duha mise su u petak i subotu u 9 &#8211; 11 &#8211; 15 sati<\/strong><\/p>\n","protected":false},"excerpt":{"rendered":"<p>RODITELJSKI SASTANAK U ponedjeljak, 28. listopada u 19 sati odr\u017eat \u0107e se roditeljski sastanak za u\u010denike 7. i 8. razreda u 19 sati u crkvi BIBLIJSKI SAT Ponedjeljkom, poslije ve\u010dernje mise odr\u017eava se Biblijski sat. SVI SVETI I DU\u0160NI DAN U petak, 1. studenog slavimo svetkovinu Svih Svetih. Ovdje su mise u 7 \u2013 9,30 [&hellip;]<\/p>\n","protected":false},"author":1,"featured_media":0,"comment_status":"closed","ping_status":"open","sticky":true,"template":"","format":"standard","meta":{"qubely_global_settings":"","qubely_interactions":"","footnotes":""},"categories":[45],"tags":[],"class_list":["post-15368","post","type-post","status-publish","format-standard","hentry","category-obavjesti"],"blocksy_meta":[],"qubely_featured_image_url":null,"qubely_author":{"display_name":"Branko","author_link":"https:\/\/www.ofm.hr\/koprivnica\/author\/admkp8\/"},"qubely_comment":0,"qubely_category":"<a href=\"https:\/\/www.ofm.hr\/koprivnica\/category\/obavjesti\/\" rel=\"category tag\">OBAVIJESTI<\/a>","qubely_excerpt":"RODITELJSKI SASTANAK U ponedjeljak, 28. listopada u 19 sati odr\u017eat \u0107e se roditeljski sastanak za u\u010denike 7. i 8. razreda u 19 sati u crkvi BIBLIJSKI SAT Ponedjeljkom, poslije ve\u010dernje mise odr\u017eava se Biblijski sat. SVI SVETI I DU\u0160NI DAN U petak, 1. studenog slavimo svetkovinu Svih Svetih. Ovdje su mise u 7 \u2013 9,30&hellip;","featured_image_urls_v2":{"full":"","thumbnail":"","medium":"","medium_large":"","large":"","1536x1536":"","2048x2048":"","qubely_landscape":"","qubely_portrait":"","qubely_thumbnail":""},"post_excerpt_stackable_v2":"<p>RODITELJSKI SASTANAK U ponedjeljak, 28. listopada u 19 sati odr\u017eat \u0107e se roditeljski sastanak za u\u010denike 7. i 8. razreda u 19 sati u crkvi BIBLIJSKI SAT Ponedjeljkom, poslije ve\u010dernje mise odr\u017eava se Biblijski sat. SVI SVETI I DU\u0160NI DAN U petak, 1. studenog slavimo svetkovinu Svih Svetih. Ovdje su mise u 7 \u2013 9,30 \u2013 18,30 Na Du\u0161ni dan, u subotu mise su u 7 i 18,30. Na ve\u010dernjoj misi spomenut \u0107emo se svih pokojnika koji su umrli u razdoblju od pro\u0161lih Svih Svetih do ovogodi\u0161njih Sesveta. Na groblju Svetog Duha mise su u petak i subotu u 9&hellip;<\/p>\n","category_list_v2":"<a href=\"https:\/\/www.ofm.hr\/koprivnica\/category\/obavjesti\/\" rel=\"category tag\">OBAVIJESTI<\/a>","author_info_v2":{"name":"Branko","url":"https:\/\/www.ofm.hr\/koprivnica\/author\/admkp8\/"},"comments_num_v2":"0 comments","_links":{"self":[{"href":"https:\/\/www.ofm.hr\/koprivnica\/wp-json\/wp\/v2\/posts\/15368","targetHints":{"allow":["GET"]}}],"collection":[{"href":"https:\/\/www.ofm.hr\/koprivnica\/wp-json\/wp\/v2\/posts"}],"about":[{"href":"https:\/\/www.ofm.hr\/koprivnica\/wp-json\/wp\/v2\/types\/post"}],"author":[{"embeddable":true,"href":"https:\/\/www.ofm.hr\/koprivnica\/wp-json\/wp\/v2\/users\/1"}],"replies":[{"embeddable":true,"href":"https:\/\/www.ofm.hr\/koprivnica\/wp-json\/wp\/v2\/comments?post=15368"}],"version-history":[{"count":1,"href":"https:\/\/www.ofm.hr\/koprivnica\/wp-json\/wp\/v2\/posts\/15368\/revisions"}],"predecessor-version":[{"id":15369,"href":"https:\/\/www.ofm.hr\/koprivnica\/wp-json\/wp\/v2\/posts\/15368\/revisions\/15369"}],"wp:attachment":[{"href":"https:\/\/www.ofm.hr\/koprivnica\/wp-json\/wp\/v2\/media?parent=15368"}],"wp:term":[{"taxonomy":"category","embeddable":true,"href":"https:\/\/www.ofm.hr\/koprivnica\/wp-json\/wp\/v2\/categories?post=15368"},{"taxonomy":"post_tag","embeddable":true,"href":"https:\/\/www.ofm.hr\/koprivnica\/wp-json\/wp\/v2\/tags?post=15368"}],"curies":[{"name":"wp","href":"https:\/\/api.w.org\/{rel}","templated":true}]}}