{"id":15404,"date":"2024-11-10T19:15:11","date_gmt":"2024-11-10T18:15:11","guid":{"rendered":"https:\/\/www.ofm.hr\/koprivnica\/?p=15404"},"modified":"2024-11-10T19:15:13","modified_gmt":"2024-11-10T18:15:13","slug":"zupne-obavijesti-od-10-11-17-11-2024","status":"publish","type":"post","link":"https:\/\/www.ofm.hr\/koprivnica\/zupne-obavijesti-od-10-11-17-11-2024\/","title":{"rendered":"\u017dupne obavijesti od 10. 11. &#8211; 17. 11. 2024."},"content":{"rendered":"\n<p><strong><u>SJEDNICA \u017dUPNOG PASTORALNOG I EKONOMSKOG VIJE\u0106A<\/u><\/strong><\/p>\n\n\n\n<p>Sutra, u ponedjeljak, 11. studenog u 19 sati odr\u017eat \u0107e se peta sjednica \u017dPV-a i \u017dEV-a u ovoj godini.<\/p>\n\n\n\n<p><strong><u>GODI\u0160NJE KLANJANJE U NA\u0160OJ \u017dUPI<\/u><\/strong><\/p>\n\n\n\n<p>U subotu, 16. studenog godi\u0161nje je klanjanje u na\u0161oj \u017eupi. Poslije mise u 7 sati izla\u017ee se Presveto do sve\u010dane mise u 11 sati. Klanjanje se nastavlja poslije mise do ve\u010dernje mise u 18,30 sati. Ove godine je klanjanje u subotu pa vjerujemo da \u0107e mnogima biti lak\u0161e do\u0107i tijekom dana zahvaliti Isus za njegovu trajnu prisutnost me\u0111u nama.<\/p>\n\n\n\n<p><strong><u>RASPORED \u017dUPNOG VJERONAUKA<\/u><\/strong><\/p>\n\n\n\n<p><strong><u>Prvopri\u010desnici <\/u><\/strong><strong>imaju vjeronauk <u>srijedom<\/u>.<\/strong><\/p>\n\n\n\n<p><strong>3a i b O\u0160 Antun Nem\u010di\u0107 Gostovinski u 8 ili 15 sati<\/strong><\/p>\n\n\n\n<p><strong>3c O\u0160 Antun Nem\u010di\u0107 Gostovinski i u\u010denici O\u0160 Bra\u0107e Radi\u0107 u 9 ili 16 sati<\/strong><\/p>\n\n\n\n<p><strong><u>Krizmanici<\/u><\/strong><strong> imaju vjeronauk <u>petkom<\/u><\/strong><\/p>\n\n\n\n<p><strong>O\u0160 Bra\u0107e Radi\u0107 + O\u0160 Antun Nem\u010di\u0107 Gostovinski 8a u 8 ili 16 sati,<\/strong><\/p>\n\n\n\n<p><strong>O\u0160 Antun Nem\u010di\u0107 Gostovinski 8b \u2013 8c \u2013 8d&nbsp; u 9 i 17 sati.<\/strong><\/p>\n\n\n\n<p><strong>JEDNA ZANIMLJIVOST<\/strong><\/p>\n\n\n\n<p>U pro\u0161lom listi\u0107u objavili smo imena i prezimena te starost pokojnika koji su umrli u razdoblju od Sesveta 2023. do Sesveta ove godine. U tom razdoblju umrlo je 56 osoba, od toga 30 \u017eena i 26 mu\u0161karaca. Prosje\u010dna dob umrlih \u017eena je 81,43 starosti, a mu\u0161karaca 70,81 starosti \u0161to se uklapa u op\u0107u statistiku po kojoj \u017eene du\u017ee \u017eive. <strong>\u00a0<\/strong><\/p>\n","protected":false},"excerpt":{"rendered":"<p>SJEDNICA \u017dUPNOG PASTORALNOG I EKONOMSKOG VIJE\u0106A Sutra, u ponedjeljak, 11. studenog u 19 sati odr\u017eat \u0107e se peta sjednica \u017dPV-a i \u017dEV-a u ovoj godini. GODI\u0160NJE KLANJANJE U NA\u0160OJ \u017dUPI U subotu, 16. studenog godi\u0161nje je klanjanje u na\u0161oj \u017eupi. Poslije mise u 7 sati izla\u017ee se Presveto do sve\u010dane mise u 11 sati. Klanjanje [&hellip;]<\/p>\n","protected":false},"author":1,"featured_media":0,"comment_status":"closed","ping_status":"open","sticky":true,"template":"","format":"standard","meta":{"qubely_global_settings":"","qubely_interactions":"","footnotes":""},"categories":[45],"tags":[],"class_list":["post-15404","post","type-post","status-publish","format-standard","hentry","category-obavjesti"],"blocksy_meta":[],"qubely_featured_image_url":null,"qubely_author":{"display_name":"Branko","author_link":"https:\/\/www.ofm.hr\/koprivnica\/author\/admkp8\/"},"qubely_comment":0,"qubely_category":"<a href=\"https:\/\/www.ofm.hr\/koprivnica\/category\/obavjesti\/\" rel=\"category tag\">OBAVIJESTI<\/a>","qubely_excerpt":"SJEDNICA \u017dUPNOG PASTORALNOG I EKONOMSKOG VIJE\u0106A Sutra, u ponedjeljak, 11. studenog u 19 sati odr\u017eat \u0107e se peta sjednica \u017dPV-a i \u017dEV-a u ovoj godini. GODI\u0160NJE KLANJANJE U NA\u0160OJ \u017dUPI U subotu, 16. studenog godi\u0161nje je klanjanje u na\u0161oj \u017eupi. Poslije mise u 7 sati izla\u017ee se Presveto do sve\u010dane mise u 11 sati. Klanjanje&hellip;","featured_image_urls_v2":{"full":"","thumbnail":"","medium":"","medium_large":"","large":"","1536x1536":"","2048x2048":"","qubely_landscape":"","qubely_portrait":"","qubely_thumbnail":""},"post_excerpt_stackable_v2":"<p>SJEDNICA \u017dUPNOG PASTORALNOG I EKONOMSKOG VIJE\u0106A Sutra, u ponedjeljak, 11. studenog u 19 sati odr\u017eat \u0107e se peta sjednica \u017dPV-a i \u017dEV-a u ovoj godini. GODI\u0160NJE KLANJANJE U NA\u0160OJ \u017dUPI U subotu, 16. studenog godi\u0161nje je klanjanje u na\u0161oj \u017eupi. Poslije mise u 7 sati izla\u017ee se Presveto do sve\u010dane mise u 11 sati. Klanjanje se nastavlja poslije mise do ve\u010dernje mise u 18,30 sati. Ove godine je klanjanje u subotu pa vjerujemo da \u0107e mnogima biti lak\u0161e do\u0107i tijekom dana zahvaliti Isus za njegovu trajnu prisutnost me\u0111u nama. RASPORED \u017dUPNOG VJERONAUKA Prvopri\u010desnici imaju vjeronauk srijedom. 3a i b O\u0160&hellip;<\/p>\n","category_list_v2":"<a href=\"https:\/\/www.ofm.hr\/koprivnica\/category\/obavjesti\/\" rel=\"category tag\">OBAVIJESTI<\/a>","author_info_v2":{"name":"Branko","url":"https:\/\/www.ofm.hr\/koprivnica\/author\/admkp8\/"},"comments_num_v2":"0 comments","_links":{"self":[{"href":"https:\/\/www.ofm.hr\/koprivnica\/wp-json\/wp\/v2\/posts\/15404","targetHints":{"allow":["GET"]}}],"collection":[{"href":"https:\/\/www.ofm.hr\/koprivnica\/wp-json\/wp\/v2\/posts"}],"about":[{"href":"https:\/\/www.ofm.hr\/koprivnica\/wp-json\/wp\/v2\/types\/post"}],"author":[{"embeddable":true,"href":"https:\/\/www.ofm.hr\/koprivnica\/wp-json\/wp\/v2\/users\/1"}],"replies":[{"embeddable":true,"href":"https:\/\/www.ofm.hr\/koprivnica\/wp-json\/wp\/v2\/comments?post=15404"}],"version-history":[{"count":1,"href":"https:\/\/www.ofm.hr\/koprivnica\/wp-json\/wp\/v2\/posts\/15404\/revisions"}],"predecessor-version":[{"id":15405,"href":"https:\/\/www.ofm.hr\/koprivnica\/wp-json\/wp\/v2\/posts\/15404\/revisions\/15405"}],"wp:attachment":[{"href":"https:\/\/www.ofm.hr\/koprivnica\/wp-json\/wp\/v2\/media?parent=15404"}],"wp:term":[{"taxonomy":"category","embeddable":true,"href":"https:\/\/www.ofm.hr\/koprivnica\/wp-json\/wp\/v2\/categories?post=15404"},{"taxonomy":"post_tag","embeddable":true,"href":"https:\/\/www.ofm.hr\/koprivnica\/wp-json\/wp\/v2\/tags?post=15404"}],"curies":[{"name":"wp","href":"https:\/\/api.w.org\/{rel}","templated":true}]}}