{"id":15423,"date":"2024-11-16T21:27:03","date_gmt":"2024-11-16T20:27:03","guid":{"rendered":"https:\/\/www.ofm.hr\/koprivnica\/?p=15423"},"modified":"2024-11-16T21:27:05","modified_gmt":"2024-11-16T20:27:05","slug":"zupne-obavijesti-od-17-11-24-11-2024","status":"publish","type":"post","link":"https:\/\/www.ofm.hr\/koprivnica\/zupne-obavijesti-od-17-11-24-11-2024\/","title":{"rendered":"\u017dupne obavijesti od 17. 11. &#8211; 24. 11. 2024."},"content":{"rendered":"\n<p><strong>PROSLAVA SV. CECILIJE<\/strong><br>U petak, 22. studenog na blagdan sv. Cecilije, za\u0161titnice crkvenih pjeva\u010da ve\u010dernjom misom proslavit \u0107emo njezin blagdan. To je prilika da zahvalimo svim pjeva\u010dima koji svojim glasom slave Boga i svim prisutnima \u010dine bogoslu\u017eje ljep\u0161im. Kod te mise okupit \u0107e se pjeva\u010di koji svojim pjevanjem slave Boga u na\u0161oj crkvi.<\/p>\n\n\n\n<p><strong>SVETA POTVRDA I PRVA SVETA PRI\u010cEST U \u017dUPI<\/strong><br>U subotu, 17. svibnja 2025. u 10 sati proslavit \u0107emo svetu Potvrdu, a dan kasnije u nedjelju, 18. svibnja u 9.30 prvu svetu pri\u010dest.<\/p>\n\n\n\n<p><strong>RADOVI U \u017dUPI<\/strong><br>Ove jeseni napravljeno je nekoliko ve\u0107ih zahvata u crkvi i samostanskom dvori\u0161tu.<\/p>\n\n\n\n<ol class=\"wp-block-list\" data-block-type=\"core\">\n<li data-block-type=\"core\">Dovr\u0161en je donji dio zvonika \u2013 radove je financiralo Ministarstvo kulture RH<\/li>\n\n\n\n<li data-block-type=\"core\">U crkvi su zamijenjeni radijatori tako da sad se osje\u0107a toplina u crkvi<\/li>\n\n\n\n<li data-block-type=\"core\">U samostanskom dvori\u0161tu zamijenjena je \u017eivica koja je trajala vi\u0161e od 10 godina, ali je napadnuta nametnikom propala. Posa\u0111ena je nova i ujedno postavljeno napajanje vodom da u ljetnim mjesecima ima dovoljno vlage. Ovaj projekt financirao je grad Koprivnica pa ovim putem jo\u0161 jednom zahvaljujemo na materijalnoj pomo\u0107i. Ujedno molimo roditelje da pripaze da djeca koja su navikla skakati preko te \u017eivice to ne \u010dine jer su biljke tek posa\u0111ene i lako ih je uni\u0161titi.<\/li>\n<\/ol>\n","protected":false},"excerpt":{"rendered":"<p>PROSLAVA SV. CECILIJEU petak, 22. studenog na blagdan sv. Cecilije, za\u0161titnice crkvenih pjeva\u010da ve\u010dernjom misom proslavit \u0107emo njezin blagdan. To je prilika da zahvalimo svim pjeva\u010dima koji svojim glasom slave Boga i svim prisutnima \u010dine bogoslu\u017eje ljep\u0161im. Kod te mise okupit \u0107e se pjeva\u010di koji svojim pjevanjem slave Boga u na\u0161oj crkvi. SVETA POTVRDA I [&hellip;]<\/p>\n","protected":false},"author":1,"featured_media":0,"comment_status":"closed","ping_status":"open","sticky":false,"template":"","format":"standard","meta":{"qubely_global_settings":"","qubely_interactions":"","footnotes":""},"categories":[45],"tags":[],"class_list":["post-15423","post","type-post","status-publish","format-standard","hentry","category-obavjesti"],"blocksy_meta":[],"qubely_featured_image_url":null,"qubely_author":{"display_name":"Branko","author_link":"https:\/\/www.ofm.hr\/koprivnica\/author\/admkp8\/"},"qubely_comment":0,"qubely_category":"<a href=\"https:\/\/www.ofm.hr\/koprivnica\/category\/obavjesti\/\" rel=\"category tag\">OBAVIJESTI<\/a>","qubely_excerpt":"PROSLAVA SV. CECILIJEU petak, 22. studenog na blagdan sv. Cecilije, za\u0161titnice crkvenih pjeva\u010da ve\u010dernjom misom proslavit \u0107emo njezin blagdan. To je prilika da zahvalimo svim pjeva\u010dima koji svojim glasom slave Boga i svim prisutnima \u010dine bogoslu\u017eje ljep\u0161im. Kod te mise okupit \u0107e se pjeva\u010di koji svojim pjevanjem slave Boga u na\u0161oj crkvi. SVETA POTVRDA I&hellip;","featured_image_urls_v2":{"full":"","thumbnail":"","medium":"","medium_large":"","large":"","1536x1536":"","2048x2048":"","qubely_landscape":"","qubely_portrait":"","qubely_thumbnail":""},"post_excerpt_stackable_v2":"<p>PROSLAVA SV. CECILIJEU petak, 22. studenog na blagdan sv. Cecilije, za\u0161titnice crkvenih pjeva\u010da ve\u010dernjom misom proslavit \u0107emo njezin blagdan. To je prilika da zahvalimo svim pjeva\u010dima koji svojim glasom slave Boga i svim prisutnima \u010dine bogoslu\u017eje ljep\u0161im. Kod te mise okupit \u0107e se pjeva\u010di koji svojim pjevanjem slave Boga u na\u0161oj crkvi. SVETA POTVRDA I PRVA SVETA PRI\u010cEST U \u017dUPIU subotu, 17. svibnja 2025. u 10 sati proslavit \u0107emo svetu Potvrdu, a dan kasnije u nedjelju, 18. svibnja u 9.30 prvu svetu pri\u010dest. RADOVI U \u017dUPIOve jeseni napravljeno je nekoliko ve\u0107ih zahvata u crkvi i samostanskom dvori\u0161tu. Dovr\u0161en je donji&hellip;<\/p>\n","category_list_v2":"<a href=\"https:\/\/www.ofm.hr\/koprivnica\/category\/obavjesti\/\" rel=\"category tag\">OBAVIJESTI<\/a>","author_info_v2":{"name":"Branko","url":"https:\/\/www.ofm.hr\/koprivnica\/author\/admkp8\/"},"comments_num_v2":"0 comments","_links":{"self":[{"href":"https:\/\/www.ofm.hr\/koprivnica\/wp-json\/wp\/v2\/posts\/15423","targetHints":{"allow":["GET"]}}],"collection":[{"href":"https:\/\/www.ofm.hr\/koprivnica\/wp-json\/wp\/v2\/posts"}],"about":[{"href":"https:\/\/www.ofm.hr\/koprivnica\/wp-json\/wp\/v2\/types\/post"}],"author":[{"embeddable":true,"href":"https:\/\/www.ofm.hr\/koprivnica\/wp-json\/wp\/v2\/users\/1"}],"replies":[{"embeddable":true,"href":"https:\/\/www.ofm.hr\/koprivnica\/wp-json\/wp\/v2\/comments?post=15423"}],"version-history":[{"count":1,"href":"https:\/\/www.ofm.hr\/koprivnica\/wp-json\/wp\/v2\/posts\/15423\/revisions"}],"predecessor-version":[{"id":15424,"href":"https:\/\/www.ofm.hr\/koprivnica\/wp-json\/wp\/v2\/posts\/15423\/revisions\/15424"}],"wp:attachment":[{"href":"https:\/\/www.ofm.hr\/koprivnica\/wp-json\/wp\/v2\/media?parent=15423"}],"wp:term":[{"taxonomy":"category","embeddable":true,"href":"https:\/\/www.ofm.hr\/koprivnica\/wp-json\/wp\/v2\/categories?post=15423"},{"taxonomy":"post_tag","embeddable":true,"href":"https:\/\/www.ofm.hr\/koprivnica\/wp-json\/wp\/v2\/tags?post=15423"}],"curies":[{"name":"wp","href":"https:\/\/api.w.org\/{rel}","templated":true}]}}