{"id":15440,"date":"2024-11-23T19:30:37","date_gmt":"2024-11-23T18:30:37","guid":{"rendered":"https:\/\/www.ofm.hr\/koprivnica\/?p=15440"},"modified":"2024-11-23T19:30:38","modified_gmt":"2024-11-23T18:30:38","slug":"zupne-obavijesti-od-24-11-1-12-2024","status":"publish","type":"post","link":"https:\/\/www.ofm.hr\/koprivnica\/zupne-obavijesti-od-24-11-1-12-2024\/","title":{"rendered":"\u017dupne obavijesti od 24. 11. &#8211; 1. 12. 2024."},"content":{"rendered":"\n<p><strong><u>ZORNICE U NA\u0160OJ CRKVI<\/u><\/strong><\/p>\n\n\n\n<p>Za vrijeme Do\u0161a\u0161\u0107a svakog dana misa zornica je u 6 sati ujutro.<\/p>\n\n\n\n<p><strong><u>DA BO\u017dI\u0106 BUDE LIJEP &#8211; NE SAMO MENI!<\/u><\/strong><\/p>\n\n\n\n<p>3. nedjelja Do\u0161a\u0161\u0107a, 15. prosinca, ve\u0107 je nekoliko godina dan Karitasa. Bo\u017ei\u0107 se bli\u017ei i mnogi su u te\u0161kim prilikama \u017eivota. Poka\u017eimo svoju solidarnost s onima koji su u nevolji. Svatko tko \u017eeli, mo\u017ee donijeti bar jednu namirnicu &#8211; bila to kutija pa\u0161tete, vre\u0107ica tjestenine, sapun ili \u0161togod drugo. U skladi\u0161tu ima dosta ulja pa vas molimo da ga ne donosite. Mo\u017eete predati u sakristiji, a mi \u0107emo to upotrijebiti u paketima koje pripremamo za Bo\u017ei\u0107 na\u0161im obiteljima koje su u potrebi. Unaprijed hvala!<\/p>\n\n\n\n<p><strong><u>VELIKA ISPOVIJED U DEKANATU<\/u><\/strong><\/p>\n\n\n\n<p><strong><u>Subota \u2013 07.12.2024.<\/u><\/strong><\/p>\n\n\n\n<p>8,30 \u2013 Koprivni\u010dki Ivanec 10 \u2013 Drnje i Peteraec \u00a0\u00a0\u00a0\u00a0\u00a0\u00a0 14 \u2013 sv. Leopold<\/p>\n\n\n\n<p><strong><u>Subota \u2013 14.12.2024.<\/u><\/strong><\/p>\n\n\n\n<p>9 \u2013 Starigrad \u00a0\u00a0\u00a0\u00a0\u00a0\u00a0\u00a0\u00a0\u00a0\u00a0 10,30 \u2013 Moli\u010de\u00a0\u00a0\u00a0\u00a0\u00a0\u00a0 14 \u2013 Koprivni\u010dki Bregi \u00a0\u00a0\u00a0\u00a0 15 \u2013 Reka<\/p>\n\n\n\n<p><strong><u>Subota \u2013 21.12.2024.<\/u><\/strong><\/p>\n\n\n\n<p>8,30 \u2013 sv. Antun\u00a0\u00a0\u00a0\u00a0\u00a0\u00a0\u00a0\u00a0\u00a0\u00a0\u00a0\u00a0\u00a0\u00a0\u00a0\u00a0 10,30 \u2013 sv. Nikola\u00a0\u00a0\u00a0\u00a0\u00a0\u00a0\u00a0\u00a0\u00a0\u00a0\u00a0\u00a0\u00a0 14 \u2013 Bl. Alojzije Stepinac<\/p>\n\n\n\n<p><strong>Ispovijed bolesnika pop ku\u0107ama biti \u0107e po\u010detkom Do\u0161a\u0161\u0107a, i o tome \u0107ete biti na vrijeme obavije\u0161teni<\/strong><\/p>\n","protected":false},"excerpt":{"rendered":"<p>ZORNICE U NA\u0160OJ CRKVI Za vrijeme Do\u0161a\u0161\u0107a svakog dana misa zornica je u 6 sati ujutro. DA BO\u017dI\u0106 BUDE LIJEP &#8211; NE SAMO MENI! 3. nedjelja Do\u0161a\u0161\u0107a, 15. prosinca, ve\u0107 je nekoliko godina dan Karitasa. Bo\u017ei\u0107 se bli\u017ei i mnogi su u te\u0161kim prilikama \u017eivota. Poka\u017eimo svoju solidarnost s onima koji su u nevolji. Svatko [&hellip;]<\/p>\n","protected":false},"author":1,"featured_media":0,"comment_status":"closed","ping_status":"open","sticky":false,"template":"","format":"standard","meta":{"qubely_global_settings":"","qubely_interactions":"","footnotes":""},"categories":[45],"tags":[],"class_list":["post-15440","post","type-post","status-publish","format-standard","hentry","category-obavjesti"],"blocksy_meta":[],"qubely_featured_image_url":null,"qubely_author":{"display_name":"Branko","author_link":"https:\/\/www.ofm.hr\/koprivnica\/author\/admkp8\/"},"qubely_comment":0,"qubely_category":"<a href=\"https:\/\/www.ofm.hr\/koprivnica\/category\/obavjesti\/\" rel=\"category tag\">OBAVIJESTI<\/a>","qubely_excerpt":"ZORNICE U NA\u0160OJ CRKVI Za vrijeme Do\u0161a\u0161\u0107a svakog dana misa zornica je u 6 sati ujutro. DA BO\u017dI\u0106 BUDE LIJEP &#8211; NE SAMO MENI! 3. nedjelja Do\u0161a\u0161\u0107a, 15. prosinca, ve\u0107 je nekoliko godina dan Karitasa. Bo\u017ei\u0107 se bli\u017ei i mnogi su u te\u0161kim prilikama \u017eivota. Poka\u017eimo svoju solidarnost s onima koji su u nevolji. Svatko&hellip;","featured_image_urls_v2":{"full":"","thumbnail":"","medium":"","medium_large":"","large":"","1536x1536":"","2048x2048":"","qubely_landscape":"","qubely_portrait":"","qubely_thumbnail":""},"post_excerpt_stackable_v2":"<p>ZORNICE U NA\u0160OJ CRKVI Za vrijeme Do\u0161a\u0161\u0107a svakog dana misa zornica je u 6 sati ujutro. DA BO\u017dI\u0106 BUDE LIJEP &#8211; NE SAMO MENI! 3. nedjelja Do\u0161a\u0161\u0107a, 15. prosinca, ve\u0107 je nekoliko godina dan Karitasa. Bo\u017ei\u0107 se bli\u017ei i mnogi su u te\u0161kim prilikama \u017eivota. Poka\u017eimo svoju solidarnost s onima koji su u nevolji. Svatko tko \u017eeli, mo\u017ee donijeti bar jednu namirnicu &#8211; bila to kutija pa\u0161tete, vre\u0107ica tjestenine, sapun ili \u0161togod drugo. U skladi\u0161tu ima dosta ulja pa vas molimo da ga ne donosite. Mo\u017eete predati u sakristiji, a mi \u0107emo to upotrijebiti u paketima koje pripremamo za Bo\u017ei\u0107&hellip;<\/p>\n","category_list_v2":"<a href=\"https:\/\/www.ofm.hr\/koprivnica\/category\/obavjesti\/\" rel=\"category tag\">OBAVIJESTI<\/a>","author_info_v2":{"name":"Branko","url":"https:\/\/www.ofm.hr\/koprivnica\/author\/admkp8\/"},"comments_num_v2":"0 comments","_links":{"self":[{"href":"https:\/\/www.ofm.hr\/koprivnica\/wp-json\/wp\/v2\/posts\/15440","targetHints":{"allow":["GET"]}}],"collection":[{"href":"https:\/\/www.ofm.hr\/koprivnica\/wp-json\/wp\/v2\/posts"}],"about":[{"href":"https:\/\/www.ofm.hr\/koprivnica\/wp-json\/wp\/v2\/types\/post"}],"author":[{"embeddable":true,"href":"https:\/\/www.ofm.hr\/koprivnica\/wp-json\/wp\/v2\/users\/1"}],"replies":[{"embeddable":true,"href":"https:\/\/www.ofm.hr\/koprivnica\/wp-json\/wp\/v2\/comments?post=15440"}],"version-history":[{"count":1,"href":"https:\/\/www.ofm.hr\/koprivnica\/wp-json\/wp\/v2\/posts\/15440\/revisions"}],"predecessor-version":[{"id":15441,"href":"https:\/\/www.ofm.hr\/koprivnica\/wp-json\/wp\/v2\/posts\/15440\/revisions\/15441"}],"wp:attachment":[{"href":"https:\/\/www.ofm.hr\/koprivnica\/wp-json\/wp\/v2\/media?parent=15440"}],"wp:term":[{"taxonomy":"category","embeddable":true,"href":"https:\/\/www.ofm.hr\/koprivnica\/wp-json\/wp\/v2\/categories?post=15440"},{"taxonomy":"post_tag","embeddable":true,"href":"https:\/\/www.ofm.hr\/koprivnica\/wp-json\/wp\/v2\/tags?post=15440"}],"curies":[{"name":"wp","href":"https:\/\/api.w.org\/{rel}","templated":true}]}}