{"id":15488,"date":"2024-12-07T18:29:10","date_gmt":"2024-12-07T17:29:10","guid":{"rendered":"https:\/\/www.ofm.hr\/koprivnica\/?p=15488"},"modified":"2024-12-07T18:29:11","modified_gmt":"2024-12-07T17:29:11","slug":"zupne-obavijesti-od-8-12-15-12-2024","status":"publish","type":"post","link":"https:\/\/www.ofm.hr\/koprivnica\/zupne-obavijesti-od-8-12-15-12-2024\/","title":{"rendered":"\u017dupne obavijesti od 8. 12. &#8211; 15. 12. 2024."},"content":{"rendered":"\n<p><strong><u>ISPOVIJED KRIZMANIKA<\/u><\/strong><\/p>\n\n\n\n<p>U petak, 20. prosinca u 16,30\u00a0 ispovijed je za krizmanike &#8211; 8. razred<\/p>\n\n\n\n<p><strong><u>VELIKA ISPOVIJED U \u017dUPI<\/u><\/strong><\/p>\n\n\n\n<p>U subotu, 21. prosinca u 8,30 velika je ispovijed za Bo\u017ei\u0107 u na\u0161oj crkvi. U \u017eupi sv. Nikole istog dana u 10,30, a u \u017eupi bl. Alojzija Stepinca u 14 sati<\/p>\n\n\n\n<p><strong><u>DA BO\u017dI\u0106 BUDE LIJEP &#8211; NE SAMO MENI!<\/u><\/strong><\/p>\n\n\n\n<p>Pred nama je 3. nedjelja Do\u0161a\u0161\u0107a, 15. prosinca. Ve\u0107 je nekoliko godina to dan Karitasa. Bo\u017ei\u0107 se bli\u017ei i mnogi su u te\u0161kim prilikama \u017eivota. Poka\u017eimo svoju solidarnost s onima koji su u nevolji. Svatko tko \u017eeli, mo\u017ee donijeti bar jednu namirnicu &#8211; bila to kutija pa\u0161tete, vre\u0107ica tjestenine, sapun ili \u0161togod drugo. U skladi\u0161tu ima dosta ulja pa vas molimo da ga ne donosite. Jo\u0161 ovaj tjedan mo\u017eete donijeti svoj dar i predati u sakristiji, a mi \u0107emo to upotrijebiti u paketima koje pripremamo za Bo\u017ei\u0107 na\u0161im obiteljima koje su u potrebi. Unaprijed hvala!<\/p>\n\n\n\n<p><strong><u>BLAGOSLOV OBITELJI<\/u><\/strong><\/p>\n\n\n\n<p>I ove je godine poslije Bo\u017ei\u0107a posjet obitelji ili blagoslov obitelji. Lijepo vas molimo, ukoliko ima \u017eupljana koji su se ove godine doselili u na\u0161u \u017eupu, a \u017eele posjet sve\u0107enika, neka se prijave u \u017dupnom uredu ili sakristiji kako bi vas uvrstili u raspored.<\/p>\n\n\n\n<p>U \u010detvrtak, 26. prosinca poslije podne zapo\u010det \u0107e blagoslov obitelji u na\u0161oj \u017eupi. Raspored \u0107e biti objavljen u nedjelju, 22. prosinca. Mo\u0107i \u0107ete ga uzeti u crkvi ili pro\u010ditati na na\u0161oj web stranici: <a href=\"http:\/\/www.ofm.hr\/koprivnica\">www.ofm.hr\/koprivnica<\/a><\/p>\n","protected":false},"excerpt":{"rendered":"<p>ISPOVIJED KRIZMANIKA U petak, 20. prosinca u 16,30\u00a0 ispovijed je za krizmanike &#8211; 8. razred VELIKA ISPOVIJED U \u017dUPI U subotu, 21. prosinca u 8,30 velika je ispovijed za Bo\u017ei\u0107 u na\u0161oj crkvi. U \u017eupi sv. Nikole istog dana u 10,30, a u \u017eupi bl. Alojzija Stepinca u 14 sati DA BO\u017dI\u0106 BUDE LIJEP &#8211; [&hellip;]<\/p>\n","protected":false},"author":1,"featured_media":0,"comment_status":"closed","ping_status":"open","sticky":false,"template":"","format":"standard","meta":{"qubely_global_settings":"","qubely_interactions":"","footnotes":""},"categories":[45],"tags":[],"class_list":["post-15488","post","type-post","status-publish","format-standard","hentry","category-obavjesti"],"blocksy_meta":[],"qubely_featured_image_url":null,"qubely_author":{"display_name":"Branko","author_link":"https:\/\/www.ofm.hr\/koprivnica\/author\/admkp8\/"},"qubely_comment":0,"qubely_category":"<a href=\"https:\/\/www.ofm.hr\/koprivnica\/category\/obavjesti\/\" rel=\"category tag\">OBAVIJESTI<\/a>","qubely_excerpt":"ISPOVIJED KRIZMANIKA U petak, 20. prosinca u 16,30\u00a0 ispovijed je za krizmanike &#8211; 8. razred VELIKA ISPOVIJED U \u017dUPI U subotu, 21. prosinca u 8,30 velika je ispovijed za Bo\u017ei\u0107 u na\u0161oj crkvi. U \u017eupi sv. Nikole istog dana u 10,30, a u \u017eupi bl. Alojzija Stepinca u 14 sati DA BO\u017dI\u0106 BUDE LIJEP &#8211;&hellip;","featured_image_urls_v2":{"full":"","thumbnail":"","medium":"","medium_large":"","large":"","1536x1536":"","2048x2048":"","qubely_landscape":"","qubely_portrait":"","qubely_thumbnail":""},"post_excerpt_stackable_v2":"<p>ISPOVIJED KRIZMANIKA U petak, 20. prosinca u 16,30\u00a0 ispovijed je za krizmanike &#8211; 8. razred VELIKA ISPOVIJED U \u017dUPI U subotu, 21. prosinca u 8,30 velika je ispovijed za Bo\u017ei\u0107 u na\u0161oj crkvi. U \u017eupi sv. Nikole istog dana u 10,30, a u \u017eupi bl. Alojzija Stepinca u 14 sati DA BO\u017dI\u0106 BUDE LIJEP &#8211; NE SAMO MENI! Pred nama je 3. nedjelja Do\u0161a\u0161\u0107a, 15. prosinca. Ve\u0107 je nekoliko godina to dan Karitasa. Bo\u017ei\u0107 se bli\u017ei i mnogi su u te\u0161kim prilikama \u017eivota. Poka\u017eimo svoju solidarnost s onima koji su u nevolji. Svatko tko \u017eeli, mo\u017ee donijeti bar jednu namirnicu&hellip;<\/p>\n","category_list_v2":"<a href=\"https:\/\/www.ofm.hr\/koprivnica\/category\/obavjesti\/\" rel=\"category tag\">OBAVIJESTI<\/a>","author_info_v2":{"name":"Branko","url":"https:\/\/www.ofm.hr\/koprivnica\/author\/admkp8\/"},"comments_num_v2":"0 comments","_links":{"self":[{"href":"https:\/\/www.ofm.hr\/koprivnica\/wp-json\/wp\/v2\/posts\/15488","targetHints":{"allow":["GET"]}}],"collection":[{"href":"https:\/\/www.ofm.hr\/koprivnica\/wp-json\/wp\/v2\/posts"}],"about":[{"href":"https:\/\/www.ofm.hr\/koprivnica\/wp-json\/wp\/v2\/types\/post"}],"author":[{"embeddable":true,"href":"https:\/\/www.ofm.hr\/koprivnica\/wp-json\/wp\/v2\/users\/1"}],"replies":[{"embeddable":true,"href":"https:\/\/www.ofm.hr\/koprivnica\/wp-json\/wp\/v2\/comments?post=15488"}],"version-history":[{"count":1,"href":"https:\/\/www.ofm.hr\/koprivnica\/wp-json\/wp\/v2\/posts\/15488\/revisions"}],"predecessor-version":[{"id":15489,"href":"https:\/\/www.ofm.hr\/koprivnica\/wp-json\/wp\/v2\/posts\/15488\/revisions\/15489"}],"wp:attachment":[{"href":"https:\/\/www.ofm.hr\/koprivnica\/wp-json\/wp\/v2\/media?parent=15488"}],"wp:term":[{"taxonomy":"category","embeddable":true,"href":"https:\/\/www.ofm.hr\/koprivnica\/wp-json\/wp\/v2\/categories?post=15488"},{"taxonomy":"post_tag","embeddable":true,"href":"https:\/\/www.ofm.hr\/koprivnica\/wp-json\/wp\/v2\/tags?post=15488"}],"curies":[{"name":"wp","href":"https:\/\/api.w.org\/{rel}","templated":true}]}}